{"id":25036,"date":"2023-04-04T17:17:11","date_gmt":"2023-04-04T14:17:11","guid":{"rendered":"http:\/\/akdenizolaygazetesi.com\/?p=25036"},"modified":"2023-04-04T17:17:11","modified_gmt":"2023-04-04T14:17:11","slug":"toroslar-belediye-meclisinde-yeni-encumen-ve-komisyon-uyeleri-secildi-2","status":"publish","type":"post","link":"https:\/\/akdenizolaygazetesi.com\/?p=25036","title":{"rendered":"TOROSLAR BELED\u0130YE MECL\u0130S\u0130&#8217;NDE, YEN\u0130 ENC\u00dcMEN VE KOM\u0130SYON \u00dcYELER\u0130 SE\u00c7\u0130LD\u0130"},"content":{"rendered":"<p>Toroslar Belediyesi, Nisan Ay\u0131 Meclis Toplant\u0131s\u0131n\u0131 Belediye Ba\u015fkan\u0131 Ats\u0131z Af\u015f\u0131n Y\u0131lmaz ba\u015fkanl\u0131\u011f\u0131nda yapt\u0131.<\/p>\n<p>Sayg\u0131 duru\u015fu ve \u0130stiklal Mar\u015f\u0131&#8217;n\u0131n okunmas\u0131n\u0131n ard\u0131ndan ba\u015flayan toplant\u0131da; Meclis Birinci Ba\u015fkan Vekilinin se\u00e7iminin ard\u0131ndan Enc\u00fcmen \u00dcyeleri, Plan ve B\u00fct\u00e7e, \u0130mar ve Bay\u0131nd\u0131rl\u0131k, \u00c7evre ve Sa\u011fl\u0131k, Gen\u00e7lik ve Spor, E\u011fitim, K\u00fclt\u00fcr, Sanat ve Sosyal \u0130\u015fler, Tar\u0131m, Orman ve Hayvanc\u0131l\u0131k \u0130\u015fleri ile Kad\u0131n Erkek E\u015fitli\u011fi Komisyonlar\u0131&#8217;n\u0131n yeni \u00fcyeleri belirlendi.<\/p>\n<p>Yap\u0131lan oylama sonucunda Meclis Birinci Ba\u015fkan Vekilli\u011fine Kaz\u0131m \u015eeng\u00fcl, Enc\u00fcmen \u00dcyeli\u011fine ise; Raci \u00dcnel, Mustafa Yavuz ve Cesim Aslan se\u00e7ildi.<\/p>\n<p>Meclis Birinci Ba\u015fkan Vekilli\u011fine se\u00e7ilen Kaz\u0131m \u015eeng\u00fcl ile Enc\u00fcmen ve Komisyon \u00fcyeli\u011finde g\u00f6rev alan meclis \u00fcyelerine ba\u015far\u0131lar dileyen Toroslar Belediye Ba\u015fkan\u0131 Ats\u0131z Af\u015f\u0131n Y\u0131lmaz, ge\u00e7mi\u015f d\u00f6nemde g\u00f6rev alan meclis \u00fcyelerine ise emekleri ve \u00e7al\u0131\u015fmalar\u0131 dolay\u0131s\u0131yla te\u015fekk\u00fcr etti.<\/p>\n<p>BA\u015eKAN YILMAZ; &#8220;SOSYAL VE \u00c7EV\u0130K BELED\u0130YEC\u0130L\u0130\u011e\u0130 GER\u00c7EKLE\u015eT\u0130RMEN\u0130N HAKLI MUTLULU\u011eUNU YA\u015eIYORUZ&#8221;<\/p>\n<p>G\u00fcndem maddelerinin g\u00f6r\u00fc\u015f\u00fclerek karara ba\u011fland\u0131\u011f\u0131 toplant\u0131da; Toroslar Belediyesinin 2022 mali y\u0131l\u0131 gelir ve giderleri ile bunlara ili\u015fkin hesap kay\u0131t ve i\u015flemlerini i\u00e7eren denetim raporu okunarak meclisin bilgisine sunuldu, 2022 mali y\u0131l\u0131 faaliyet raporu g\u00f6r\u00fc\u015f\u00fclerek kabul edildi.<\/p>\n<p>G\u00f6reve geldikten sonra klasik belediyecilik anlay\u0131\u015f\u0131ndan daha \u00e7ok sosyal belediyecilik anlay\u0131\u015f\u0131n\u0131 tercih ettiklerini belirten Ba\u015fkan Y\u0131lmaz; &#8220;Sa\u011fl\u0131k, e\u011fitim, k\u00fclt\u00fcrel ve sportif alanda yapt\u0131\u011f\u0131m\u0131z \u00e7al\u0131\u015fmalar, esnaf\u0131m\u0131za, engelli bireylere sa\u011flad\u0131\u011f\u0131m\u0131z destekler, sosyal yard\u0131mlar\u0131m\u0131z ve evde bak\u0131m hizmetlerimiz ile halk\u0131m\u0131z\u0131n her an yan\u0131nday\u0131z ve yan\u0131nda olmaya devam edece\u011fiz. 30 A\u011fustos, 29 Ekim, 23 Nisan, 19 May\u0131s, 10 Kas\u0131m gibi \u00f6nemli ve milli g\u00fcnlerimizde, Ramazan ay\u0131nda etkinlikler yap\u0131yoruz. Bundan \u00e7ok mutluyuz ve memnunuz. Bu bizim stratejimiz&#8221; dedi.<\/p>\n<p>&#8220;MECL\u0130S \u00dcYELER\u0130NDEN BA\u015eKAN YILMAZ&#8217;A H\u0130ZMET TE\u015eEKK\u00dcR\u00dc&#8221;<\/p>\n<p>Toroslar Belediyesinin insana dokunan projeler ger\u00e7ekle\u015ftirdi\u011fini, sosyal belediyecilik uygulamalar\u0131n\u0131n bir merkezi oldu\u011funu belirten Meclis \u00dcyesi Celal Ata; &#8220;Toroslar Belediye Ba\u015fkan\u0131m\u0131z Say\u0131n Ats\u0131z Af\u015f\u0131n Y\u0131lmaz ve Toroslar Belediyesi, sosyal belediyecili\u011fin en g\u00fczel \u00f6rne\u011fini g\u00f6steriyor. Yard\u0131ma ve bak\u0131ma muhta\u00e7 olan insanlara yakla\u015f\u0131m\u0131ndan dolay\u0131 Ba\u015fkan\u0131m\u0131z\u0131 kutluyorum. Evde bak\u0131m hizmetlerindeki g\u00f6stermi\u015f oldu\u011fu hassasiyeti, pandemi s\u00fcrecindeki yard\u0131m eli ve deprem b\u00f6lgesine yap\u0131lan destek \u00e7al\u0131\u015fmalar\u0131 i\u00e7in te\u015fekk\u00fcr ediyorum. Toroslar Belediyesi o b\u00f6lgelerde de bizi temsil etti&#8221; ifadelerini kulland\u0131.<\/p>\n<p>Belediye Meclis \u00dcyesi Atila Parlak da Toroslar Belediyesi \u015eehit Jandarma Uzman \u00c7avu\u015f Durmu\u015f Tek Kre\u015f ve G\u00fcnd\u00fcz Bak\u0131m Evi&#8217;ne gelen \u00e7ocuklar\u0131n ailelerinin kre\u015fte verilen e\u011fitim ve yemek hizmetlerinden \u00e7ok memnun olduklar\u0131n\u0131 belirterek, Ba\u015fkan Y\u0131lmaz&#8217;a te\u015fekk\u00fcrlerini iletti.<\/p>\n<p>May\u0131s ay\u0131nda yap\u0131lacak meclis toplant\u0131 g\u00fcn\u00fc ise 2 May\u0131s 2023 Sal\u0131 g\u00fcn\u00fc saat 14.00 olarak belirlendi. Toplant\u0131, dilek ve temenniler ile son buldu.<\/p>\n","protected":false},"excerpt":{"rendered":"<p>Toroslar Belediyesi, Nisan Ay\u0131 Meclis Toplant\u0131s\u0131n\u0131 Belediye Ba\u015fkan\u0131 Ats\u0131z Af\u015f\u0131n Y\u0131lmaz ba\u015fkanl\u0131\u011f\u0131nda yapt\u0131. Sayg\u0131 duru\u015fu ve \u0130stiklal Mar\u015f\u0131&#8217;n\u0131n okunmas\u0131n\u0131n ard\u0131ndan ba\u015flayan toplant\u0131da; Meclis Birinci Ba\u015fkan Vekilinin se\u00e7iminin ard\u0131ndan Enc\u00fcmen \u00dcyeleri, &hellip; <a href=\"https:\/\/akdenizolaygazetesi.com\/?p=25036\" class=\"more-link\">Devam\u0131n\u0131 Oku&#8230;<\/a><\/p>\n","protected":false},"author":2,"featured_media":25037,"comment_status":"open","ping_status":"open","sticky":false,"template":"","format":"standard","meta":[],"categories":[3,5],"tags":[],"_links":{"self":[{"href":"https:\/\/akdenizolaygazetesi.com\/index.php?rest_route=\/wp\/v2\/posts\/25036"}],"collection":[{"href":"https:\/\/akdenizolaygazetesi.com\/index.php?rest_route=\/wp\/v2\/posts"}],"about":[{"href":"https:\/\/akdenizolaygazetesi.com\/index.php?rest_route=\/wp\/v2\/types\/post"}],"author":[{"embeddable":true,"href":"https:\/\/akdenizolaygazetesi.com\/index.php?rest_route=\/wp\/v2\/users\/2"}],"replies":[{"embeddable":true,"href":"https:\/\/akdenizolaygazetesi.com\/index.php?rest_route=%2Fwp%2Fv2%2Fcomments&post=25036"}],"version-history":[{"count":1,"href":"https:\/\/akdenizolaygazetesi.com\/index.php?rest_route=\/wp\/v2\/posts\/25036\/revisions"}],"predecessor-version":[{"id":25038,"href":"https:\/\/akdenizolaygazetesi.com\/index.php?rest_route=\/wp\/v2\/posts\/25036\/revisions\/25038"}],"wp:featuredmedia":[{"embeddable":true,"href":"https:\/\/akdenizolaygazetesi.com\/index.php?rest_route=\/wp\/v2\/media\/25037"}],"wp:attachment":[{"href":"https:\/\/akdenizolaygazetesi.com\/index.php?rest_route=%2Fwp%2Fv2%2Fmedia&parent=25036"}],"wp:term":[{"taxonomy":"category","embeddable":true,"href":"https:\/\/akdenizolaygazetesi.com\/index.php?rest_route=%2Fwp%2Fv2%2Fcategories&post=25036"},{"taxonomy":"post_tag","embeddable":true,"href":"https:\/\/akdenizolaygazetesi.com\/index.php?rest_route=%2Fwp%2Fv2%2Ftags&post=25036"}],"curies":[{"name":"wp","href":"https:\/\/api.w.org\/{rel}","templated":true}]}}