{"id":2504,"date":"2020-11-04T18:23:00","date_gmt":"2020-11-04T15:23:00","guid":{"rendered":"http:\/\/mersinekonomipolitikagazetesi.com\/?p=2504"},"modified":"2020-11-04T18:23:00","modified_gmt":"2020-11-04T15:23:00","slug":"calistirilan-cocuklara-para-vermeyin","status":"publish","type":"post","link":"https:\/\/akdenizolaygazetesi.com\/?p=2504","title":{"rendered":"\u00c7al\u0131\u015ft\u0131r\u0131lan \u00e7ocuklara para vermeyin"},"content":{"rendered":"<p>Mersin Aile \u00c7al\u0131\u015fma ve Sosyal Hizmetler \u0130l M\u00fcd\u00fcrl\u00fc\u011f\u00fc b\u00fcnyesinde faaliyet g\u00f6steren \u0130l \u00c7ocuk Haklar\u0131 \u00c7ocuk Komitesi Koordinat\u00f6r\u00fc Mustafa Sar\u0131, vatanda\u015flar\u0131 sokakta \u00e7al\u0131\u015fan ya da \u00e7al\u0131\u015ft\u0131r\u0131lan \u00e7ocuklara para verilmemesi konusunda uyard\u0131.\u00a0<br \/>\nMersin&#8217;de \u00f6zellikle vatanda\u015flar\u0131n yard\u0131mla\u015fma duygusunu istismar eden, sokakta \u00e7al\u0131\u015fan ya da \u00e7al\u0131\u015ft\u0131r\u0131lan \u00e7ocuklara y\u00f6nelik \u0130l \u00c7ocuk Haklar\u0131 Komitesi bir \u00e7al\u0131\u015fma ba\u015flatt\u0131. Bu kapsamda bir mobil ekip kuran komite, \u00e7ocu\u011fu sokakta \u00e7al\u0131\u015fan aileleri tespit ederek ailelere \u00e7e\u015fitli uyar\u0131larda bulunuyor. Uzmanlar taraf\u0131ndan aile g\u00f6r\u00fc\u015fmesi yap\u0131larak ekonomik yoksulluk nedeniyle \u00e7ocu\u011funu soka\u011fa g\u00f6nderen ailelere ise ekonomik destek sa\u011flan\u0131yor. Konuyla alakal\u0131 a\u00e7\u0131klama yapan Sar\u0131, Mersin&#8217;de y\u00fcr\u00fct\u00fclen \u00e7al\u0131\u015fmalarla sokakta \u00e7al\u0131\u015fan \u00e7ocuk ve \u00e7ocuklar\u0131yla dilenen dilenci say\u0131s\u0131n\u0131n b\u00fcy\u00fck oranda azald\u0131\u011f\u0131n\u0131 s\u00f6yledi.\u00a0<\/p>\n<p>&#8220;Dilenme nedeni yoksulluk de\u011fil&#8221;<br \/>\n\u00a0<br \/>\nSay\u0131n\u0131n en aza indirilmesi hatta hi\u00e7 olmamas\u0131 amac\u0131yla sokaklara afi\u015f ve pankart ast\u0131klar\u0131n\u0131 kaydeden Sar\u0131, &#8220;Mersin de halk\u0131m\u0131z\u0131n \u0131\u015f\u0131klarda dilenen sokakta \u00e7al\u0131\u015fan \u00e7ocuklara para vermemesi sonucu sokakta \u00e7al\u0131\u015fan \u00e7ocuk say\u0131s\u0131 ciddi oranda azalm\u0131\u015ft\u0131r. Yoksulluk nedeniyle dilenme asla s\u00f6z konusu de\u011fildir. B\u00f6yle durumlarda uzmanlar\u0131m\u0131z ailesini inceleyerek gerek ekonomik destek yard\u0131m\u0131 gerekse vak\u0131flar\u0131m\u0131zdan gerekli sosyal yard\u0131mlar ivedilikle sa\u011flanmaktad\u0131r. Devletimiz her t\u00fcrl\u00fc deste\u011fi vermektedir&#8221; dedi.\u00a0<\/p>\n<p>&#8220;\u00c7ocuklar\u0131n k\u00f6t\u00fc ko\u015fullarda \u00e7al\u0131\u015ft\u0131r\u0131lmas\u0131na izin vermeyece\u011fiz&#8221;<br \/>\n\u00a0<br \/>\nMersin&#8217;de y\u00fcr\u00fct\u00fclen \u00e7al\u0131\u015fmalar\u0131n T\u00fcrkiye&#8217;ye \u00f6rnek oldu\u011funu kaydeden Sar\u0131, &#8220;Ayn\u0131 uygulamalar di\u011fer illerimizde de ba\u015flam\u0131\u015ft\u0131r. Sokakta \u00e7ocuklar\u0131n istismar edilerek onlar\u0131n her ne \u015fekilde olursa olsun k\u00f6t\u00fc ko\u015fullarda \u00e7al\u0131\u015fmas\u0131 ve dilendirilmesine m\u00fcsaade etmeyece\u011fiz. Yapt\u0131\u011f\u0131m\u0131z \u00e7al\u0131\u015fmalarla ge\u00e7en y\u0131la g\u00f6re bu y\u0131l b\u00fcy\u00fck oranda ba\u015far\u0131 sa\u011flanm\u0131\u015ft\u0131r&#8221; ifadelerini kulland\u0131.\u00a0<\/p>\n","protected":false},"excerpt":{"rendered":"<p>Mersin Aile \u00c7al\u0131\u015fma ve Sosyal Hizmetler \u0130l M\u00fcd\u00fcrl\u00fc\u011f\u00fc b\u00fcnyesinde faaliyet g\u00f6steren \u0130l \u00c7ocuk Haklar\u0131 \u00c7ocuk Komitesi Koordinat\u00f6r\u00fc Mustafa Sar\u0131, vatanda\u015flar\u0131 sokakta \u00e7al\u0131\u015fan ya da \u00e7al\u0131\u015ft\u0131r\u0131lan \u00e7ocuklara para verilmemesi konusunda uyard\u0131.\u00a0 &hellip; <a href=\"https:\/\/akdenizolaygazetesi.com\/?p=2504\" class=\"more-link\">Devam\u0131n\u0131 Oku&#8230;<\/a><\/p>\n","protected":false},"author":1,"featured_media":0,"comment_status":"open","ping_status":"open","sticky":false,"template":"","format":"standard","meta":[],"categories":[],"tags":[],"_links":{"self":[{"href":"https:\/\/akdenizolaygazetesi.com\/index.php?rest_route=\/wp\/v2\/posts\/2504"}],"collection":[{"href":"https:\/\/akdenizolaygazetesi.com\/index.php?rest_route=\/wp\/v2\/posts"}],"about":[{"href":"https:\/\/akdenizolaygazetesi.com\/index.php?rest_route=\/wp\/v2\/types\/post"}],"author":[{"embeddable":true,"href":"https:\/\/akdenizolaygazetesi.com\/index.php?rest_route=\/wp\/v2\/users\/1"}],"replies":[{"embeddable":true,"href":"https:\/\/akdenizolaygazetesi.com\/index.php?rest_route=%2Fwp%2Fv2%2Fcomments&post=2504"}],"version-history":[{"count":0,"href":"https:\/\/akdenizolaygazetesi.com\/index.php?rest_route=\/wp\/v2\/posts\/2504\/revisions"}],"wp:attachment":[{"href":"https:\/\/akdenizolaygazetesi.com\/index.php?rest_route=%2Fwp%2Fv2%2Fmedia&parent=2504"}],"wp:term":[{"taxonomy":"category","embeddable":true,"href":"https:\/\/akdenizolaygazetesi.com\/index.php?rest_route=%2Fwp%2Fv2%2Fcategories&post=2504"},{"taxonomy":"post_tag","embeddable":true,"href":"https:\/\/akdenizolaygazetesi.com\/index.php?rest_route=%2Fwp%2Fv2%2Ftags&post=2504"}],"curies":[{"name":"wp","href":"https:\/\/api.w.org\/{rel}","templated":true}]}}