{"id":25042,"date":"2023-04-05T12:55:36","date_gmt":"2023-04-05T09:55:36","guid":{"rendered":"http:\/\/akdenizolaygazetesi.com\/?p=25042"},"modified":"2023-04-05T12:55:36","modified_gmt":"2023-04-05T09:55:36","slug":"arpacsakarlarin-kurtulus-gunu-coskuya-donustu","status":"publish","type":"post","link":"https:\/\/akdenizolaygazetesi.com\/?p=25042","title":{"rendered":"ARPA\u00c7SAKARLAR&#8217;IN KURTULU\u015e G\u00dcN\u00dc, CO\u015eKUYA D\u00d6N\u00dc\u015eT\u00dc"},"content":{"rendered":"<p>Toroslar&#8217;da Ramazan ay\u0131n\u0131n vazge\u00e7ilmezi olan iftar sofralar\u0131n\u0131n manevi atmosferi, Arpa\u00e7sakarlar&#8217;\u0131n D\u00fc\u015fman \u0130\u015fgali&#8217;nden Kurtulu\u015fu&#8217;nun 103&#8217;\u00fcnc\u00fc y\u0131l d\u00f6n\u00fcm\u00fcnde ikiye katland\u0131.<\/p>\n<p>Programda, co\u015fkuyla mar\u015flar s\u00f6ylendi, milli duygular doruklara \u00e7\u0131kt\u0131.<\/p>\n<p>Her ya\u015ftan insan\u0131 bulu\u015fturan Toroslar Belediyesinin mahalle iftarlar\u0131 ve geleneksel Ramazan Etkinlikleri, birlik, beraberlik i\u00e7inde co\u015fkuyla ge\u00e7iyor.<\/p>\n<p>Toroslar Belediye Ba\u015fkan\u0131 Ats\u0131z Af\u015f\u0131n Y\u0131lmaz, her g\u00fcn farkl\u0131 bir mahallede hem\u015fehrileriyle g\u00f6n\u00fcl sofralar\u0131nda bulu\u015fuyor. \u00c7e\u015fit \u00e7e\u015fit yemeklerin yer ald\u0131\u011f\u0131 bereketli sofralar\u0131 mahallelere ta\u015f\u0131yan belediyenin bu etkinli\u011fiyle binlerce ki\u015fi ayn\u0131 sofrada orucunu a\u00e7man\u0131n hazz\u0131n\u0131 ya\u015f\u0131yor.<\/p>\n<p> Depremzede vatanda\u015flar\u0131n da kat\u0131ld\u0131\u011f\u0131 iftar programlar\u0131,  Ramazan&#8217;\u0131n k\u00fclt\u00fcrel zenginli\u011fini teneff\u00fcs etmek isteyenlerin ortak adresi oldu.<\/p>\n<p>\u00c7ocuklar, Tasavvuf m\u00fczi\u011fi ile renklenen iftar sonras\u0131nda ba\u015flayan Hacivat-Karag\u00f6z, sihirbaz g\u00f6sterisi ve \u0130bi\u015f&#8217;e kadar bir\u00e7ok etkinli\u011fin yer ald\u0131\u011f\u0131 Ramazan Panay\u0131r\u0131nda ise doyas\u0131ya e\u011fleniyor.<\/p>\n<p>Pamuk \u015feker ve patlam\u0131\u015f m\u0131s\u0131r ikram\u0131n\u0131n da bulunuldu\u011fu panay\u0131rda Ba\u015fkan Y\u0131lmaz, \u00e7ocuklar\u0131n mutlulu\u011funa ortak oluyor.<\/p>\n<p>&#8220;B\u0130NLERCE K\u0130\u015e\u0130 AYNI SOFRADA BULU\u015eUYOR&#8221;<\/p>\n<p>O eski Ramazanlar&#8217;\u0131 yeniden getiren etkinlikte Toroslar&#8217;daki birli\u011fin ve beraberli\u011fin en g\u00fczel \u00f6rnekleri ya\u015fat\u0131l\u0131yor.<\/p>\n<p>Ramazan ay\u0131n\u0131n 12&#8217;nci iftar program\u0131 ise Arpa\u00e7sakarlar Mahallesi&#8217;nde d\u00fczenlendi.<\/p>\n<p>Arpa\u00e7sakarlar&#8217;\u0131n D\u00fc\u015fman \u0130\u015fgali&#8217;nden Kurtulu\u015fu&#8217;nun 103&#8217;\u00fcnc\u00fc y\u0131l d\u00f6n\u00fcm\u00fcnde Kuvayi Milliye ruhu ile kenetlenerek birlik ve beraberli\u011fin en g\u00fczel foto\u011fraf karesinin verildi\u011fi iftar program\u0131, Arpa\u00e7sakarlar Cumhuriyet Alan\u0131&#8217;nda yap\u0131ld\u0131.<\/p>\n<p>\u0130ftar masalar\u0131n\u0131 tek tek gezerek hem\u015fehrilerinin Ramazan ay\u0131n\u0131 tebrik eden Ba\u015fkan Y\u0131lmaz, 7&#8217;den 70&#8217;e herkese kat\u0131l\u0131mlar\u0131ndan dolay\u0131 te\u015fekk\u00fcr etti.<\/p>\n<p>&#8220;DEVLET, M\u0130LLET EL ELE OLMAYA DEVAM EDECE\u011e\u0130Z&#8221;<\/p>\n<p>3 Nisan Arpa\u00e7sakarlar&#8217;\u0131n D\u00fc\u015fman \u0130\u015fgalinden Kurtulu\u015fu&#8217;nun 103&#8217;\u00fcnc\u00fc y\u0131l d\u00f6n\u00fcm\u00fcn\u00fc kutlayan Ba\u015fkan Y\u0131lmaz, Ramazan ay\u0131n\u0131n birlik, beraberlik ve dayan\u0131\u015fma ay\u0131 oldu\u011funu belirterek; &#8220;Ramazan&#8217;\u0131n g\u00fczelliklerini hep beraber ya\u015famak \u00fczere her sene oldu\u011fu gibi bu y\u0131l da sofram\u0131z\u0131 her g\u00fcn farkl\u0131 bir mahallemizde kuruyoruz. Allah tutulan oru\u00e7lar\u0131, yap\u0131lan ibadetleri kabul eylesin. Birli\u011fimiz ve beraberli\u011fimiz daim olsun&#8221; dedi.<\/p>\n<p>&#8220;3 Ocak Mersinimizin D\u00fc\u015fman \u0130\u015fgalinden Kurtulu\u015funun y\u0131l d\u00f6n\u00fcm\u00fcn\u00fcn yan\u0131 s\u0131ra merkezden farkl\u0131 kurtulu\u015f g\u00fcn\u00fc olan iki yer var&#8221; diyen Ba\u015fkan Y\u0131lmaz; &#8220;Arslank\u00f6y ve Arpa\u00e7sakarlar. Kuvayi Milliye hareketinde ve Kurtulu\u015f Sava\u015f\u0131&#8217;nda \u00e7ok \u00f6nemli bir g\u00f6rev alm\u0131\u015ft\u0131r. Bu m\u00fccadelenin \u00f6nemli isimlerinden Fikri Mutlu, Osman Muzaffer Ko\u00e7a\u015fo\u011flu, Yanparl\u0131 H\u00fcseyin ve bu kahramanlar\u0131n silah arkada\u015flar\u0131, vatan, devlet millet i\u00e7in m\u00fccadele etmi\u015flerdir. Ba\u015fta Gazi Mustafa Kemal Atat\u00fcrk olmak \u00fczere t\u00fcm kahramanlar\u0131m\u0131z\u0131 rahmet ve minnetle an\u0131yorum. Ruhlar\u0131 \u015fad, mekanlar\u0131 cennet olsun&#8221; diye konu\u015ftu.<\/p>\n<p>&#8220;ARAMIZDAK\u0130 DAYANI\u015eMA G\u00dcC\u00dc \u00d6NEML\u0130&#8221;<\/p>\n<p>Ba\u015fkan Y\u0131lmaz, 6 \u015eubat&#8217;ta ya\u015fanan ve t\u00fcm \u00fclkeyi derinden sarsan deprem felaketinin ard\u0131ndan devlet millet el ele yaralar\u0131n sar\u0131lmas\u0131 i\u00e7in m\u00fccadele edildi\u011fine dikkat \u00e7ekerek; &#8220;Bir deprem felaket ya\u015fad\u0131k. Bu depremde, devletimiz milletimiz elinde ne varsa bir milli m\u00fccadele varm\u0131\u015f gibi her \u015feyini ortaya koydu. O g\u00fcnden bug\u00fcne depremzede karde\u015flerimizin yan\u0131nda olduk. Hem deprem b\u00f6lgesinde hem de il\u00e7emizde misafir etti\u011fimiz depremzedelere elimizden geldi\u011fince, g\u00fcc\u00fcm\u00fcz yetti\u011fince hizmet etmeye \u00e7al\u0131\u015ft\u0131k ve \u00e7al\u0131\u015f\u0131yoruz. Sizlerin b\u00fcy\u00fckl\u00fc\u011f\u00fc, aram\u0131zdaki dayan\u0131\u015fma ruhu \u00f6nemli. Allah herkesten raz\u0131 olsun. B\u00fcy\u00fck ac\u0131larda ve mutluluklarda toplumlar\u0131n verdikleri m\u00fccadele, g\u00f6sterdikleri dayan\u0131\u015fma g\u00fcc\u00fc b\u00fcy\u00fck \u00f6nem arz ediyor.  Hi\u00e7bir g\u00fcc\u00fcn s\u0131rt\u0131m\u0131z\u0131 yere getiremeyece\u011fini birli\u011fimiz ve beraberli\u011fimiz daim olduk\u00e7a ya\u015fad\u0131k ve g\u00f6rd\u00fck \u00e7ok \u015f\u00fck\u00fcr. Geleneksel hale getirdi\u011fimiz iftar programlar\u0131m\u0131zla Ramazan&#8217;\u0131n g\u00fczelli\u011fini hem sofralar\u0131m\u0131zda ya\u015fayal\u0131m, hem de \u00e7ocuklar\u0131m\u0131z, geleneksel Ramazan e\u011flencelerini ya\u015fas\u0131nlar hissetsinler ve gelecek ku\u015faklara aktars\u0131nlar istedik&#8221; diye konu\u015ftu.<\/p>\n","protected":false},"excerpt":{"rendered":"<p>Toroslar&#8217;da Ramazan ay\u0131n\u0131n vazge\u00e7ilmezi olan iftar sofralar\u0131n\u0131n manevi atmosferi, Arpa\u00e7sakarlar&#8217;\u0131n D\u00fc\u015fman \u0130\u015fgali&#8217;nden Kurtulu\u015fu&#8217;nun 103&#8217;\u00fcnc\u00fc y\u0131l d\u00f6n\u00fcm\u00fcnde ikiye katland\u0131. Programda, co\u015fkuyla mar\u015flar s\u00f6ylendi, milli duygular doruklara \u00e7\u0131kt\u0131. Her ya\u015ftan insan\u0131 bulu\u015fturan &hellip; <a href=\"https:\/\/akdenizolaygazetesi.com\/?p=25042\" class=\"more-link\">Devam\u0131n\u0131 Oku&#8230;<\/a><\/p>\n","protected":false},"author":2,"featured_media":25043,"comment_status":"open","ping_status":"open","sticky":false,"template":"","format":"standard","meta":[],"categories":[3,5],"tags":[],"_links":{"self":[{"href":"https:\/\/akdenizolaygazetesi.com\/index.php?rest_route=\/wp\/v2\/posts\/25042"}],"collection":[{"href":"https:\/\/akdenizolaygazetesi.com\/index.php?rest_route=\/wp\/v2\/posts"}],"about":[{"href":"https:\/\/akdenizolaygazetesi.com\/index.php?rest_route=\/wp\/v2\/types\/post"}],"author":[{"embeddable":true,"href":"https:\/\/akdenizolaygazetesi.com\/index.php?rest_route=\/wp\/v2\/users\/2"}],"replies":[{"embeddable":true,"href":"https:\/\/akdenizolaygazetesi.com\/index.php?rest_route=%2Fwp%2Fv2%2Fcomments&post=25042"}],"version-history":[{"count":1,"href":"https:\/\/akdenizolaygazetesi.com\/index.php?rest_route=\/wp\/v2\/posts\/25042\/revisions"}],"predecessor-version":[{"id":25044,"href":"https:\/\/akdenizolaygazetesi.com\/index.php?rest_route=\/wp\/v2\/posts\/25042\/revisions\/25044"}],"wp:featuredmedia":[{"embeddable":true,"href":"https:\/\/akdenizolaygazetesi.com\/index.php?rest_route=\/wp\/v2\/media\/25043"}],"wp:attachment":[{"href":"https:\/\/akdenizolaygazetesi.com\/index.php?rest_route=%2Fwp%2Fv2%2Fmedia&parent=25042"}],"wp:term":[{"taxonomy":"category","embeddable":true,"href":"https:\/\/akdenizolaygazetesi.com\/index.php?rest_route=%2Fwp%2Fv2%2Fcategories&post=25042"},{"taxonomy":"post_tag","embeddable":true,"href":"https:\/\/akdenizolaygazetesi.com\/index.php?rest_route=%2Fwp%2Fv2%2Ftags&post=25042"}],"curies":[{"name":"wp","href":"https:\/\/api.w.org\/{rel}","templated":true}]}}