{"id":25045,"date":"2023-04-05T12:58:52","date_gmt":"2023-04-05T09:58:52","guid":{"rendered":"http:\/\/akdenizolaygazetesi.com\/?p=25045"},"modified":"2023-04-05T12:58:52","modified_gmt":"2023-04-05T09:58:52","slug":"mersinin-ilk-antika-pazari-vatandaslari-gecmise-goturuyor","status":"publish","type":"post","link":"https:\/\/akdenizolaygazetesi.com\/?p=25045","title":{"rendered":"MERS\u0130N&#8217;\u0130N \u0130LK &#8216;ANT\u0130KA PAZARI&#8217; VATANDA\u015eLARI GE\u00c7M\u0130\u015eE G\u00d6T\u00dcR\u00dcYOR"},"content":{"rendered":"<p>Mersin B\u00fcy\u00fck\u015fehir Belediyesi Kad\u0131n ve Aile Hizmetleri Dairesi b\u00fcnyesinde &#8216;An\u0131larda Emek Var&#8217; slogan\u0131yla kurulan &#8216;Antika Pazar\u0131&#8217;, Mersinli antika severleri tarihte yolculu\u011fa \u00e7\u0131kar\u0131yor. Yeni\u015fehir il\u00e7esi 2,5 \u00c7evre Yolu \u00fczeri Merdok Sitesi kar\u015f\u0131s\u0131nda kurulan pazar iki haftada bir cumartesi g\u00fcnleri kap\u0131lar\u0131n\u0131 a\u00e7\u0131yor.<br \/>\nAntika Pazar\u0131&#8217;nda gaz lambas\u0131ndan ta\u015f plaklara, gramofondan radyolara, bak\u0131r e\u015fyalardan tesbihlere, diki\u015f makinelerinden daktilolara, biblolardan antika saatlere kadar bir\u00e7ok par\u00e7a vatanda\u015flar\u0131n be\u011fenisine sunuluyor. Mersin merkez ve il\u00e7elerden gelen antikac\u0131lar \u00fcr\u00fcnlerini sat\u0131\u015fa sunarken, antika e\u015fyalar\u0131 g\u00f6rmek ve sat\u0131n almak i\u00e7in gelen vatanda\u015flar da ge\u00e7mi\u015fe g\u00f6t\u00fcren \u015fark\u0131lar e\u015fli\u011finde an\u0131lar\u0131na yolculuk yap\u0131yor. Antika Pazar\u0131 Nisan ay\u0131 i\u00e7inde 8 Nisan ve 22 Nisan Cumartesi g\u00fcn\u00fc a\u00e7\u0131k olacak.<br \/>\n&#8220;Mersin i\u00e7in \u00e7ok iyi oldu&#8221;<br \/>\nAntika Pazar\u0131 a\u00e7\u0131ld\u0131\u011f\u0131ndan beri pazarda sat\u0131\u015f yapan Sakine Arslanta\u015f, &#8220;\u00c7ok g\u00fczel, biz esnaf aras\u0131nda konu\u015furken b\u00f6yle bir \u015fey yoktu hi\u00e7. \u00c7ok \u015f\u00fck\u00fcr Vahap Se\u00e7er Ba\u015fkan\u0131m\u0131z sa\u011f olsun b\u00f6yle bir \u015fey organize etti. Mersin i\u00e7in de \u00e7ok iyi oldu. Esnaf arkada\u015flar da memnunlar&#8221; dedi. Mersinlilerin pazara ilgisinin iyi oldu\u011funu s\u00f6yleyen Arslanta\u015f, &#8220;Duyulmaya ba\u015fl\u0131yor yava\u015f yava\u015f ama her ge\u00e7en g\u00fcn tabiki art\u0131yor&#8221; dedi.<br \/>\n&#8220;\u00c7ok g\u00fczel bir hizmet&#8221;<br \/>\n15 y\u0131ld\u0131r gramofon ve plak koleksiyoneri olan Murat Y\u0131lmaz, &#8220;Kendi koleksiyonum buradaki \u00fcr\u00fcnlerin hepsi. M\u00fczik ger\u00e7ekten ruhun g\u0131das\u0131 ama ta\u015f plak ayr\u0131 bir olay. Ta\u015f plak dinlemek insan\u0131 m\u00fczi\u011fin en \u00fcst seviyesine \u00e7\u0131kar\u0131yor diyebilirim. 1.5 ayd\u0131r buraday\u0131z. 15 g\u00fcnde bir stant kuruyoruz. Ta\u015f plak bulmak zor oldu\u011fu i\u00e7in ilgi biraz az ama in\u015fallah biz bu pazar sayesinde bu ilgiyi artt\u0131raca\u011f\u0131z. Biz burada hem plaklar\u0131 dinletiyoruz insanlara hem de almak isteyene sat\u0131yoruz. Baya\u011f\u0131 bir gramafon da satt\u0131k. \u0130n\u015fallah eskiye d\u00f6n\u00fc\u015f olacak m\u00fczikte. \u00c7ok g\u00fczel bir hizmet. Ben plak koleksiyonumu genelde \u0130stanbul ve Ankara&#8217;daki antika pazarlar\u0131ndan temin ediyordum. Orada da bu pazarlar kuruluyor. Mersin&#8217;de de olmas\u0131n\u0131 istiyorduk. Hem tan\u0131t\u0131m hem m\u00fczi\u011fe kar\u015f\u0131 duyarl\u0131l\u0131k i\u00e7in Belediyemize tekrar te\u015fekk\u00fcr ediyoruz. Kat\u0131l\u0131m da g\u00fczel oluyor&#8221;  ifadelerine yer verdi.<br \/>\n&#8220;Ailece geliyorlar, antika pazar\u0131n\u0131 geziyorlar&#8221;<br \/>\nAbdullah Kendir, Antika Pazar\u0131&#8217;na d\u00fczenli olarak gelenlerin oldu\u011funu s\u00f6yledi. Kendir, &#8220;Bizim y\u0131llardan beri biriktirdi\u011fimiz \u00fcr\u00fcnler. Antika yeri a\u00e7\u0131ld\u0131\u011f\u0131nda ilk m\u00fcracaat edenlerden biri bendim. Buraya hakikaten d\u00fczenli insanlar geliyor ve burada g\u00fczel sat\u0131\u015flar oluyor. \u00c7ok merakl\u0131lar, ailece geliyorlar, antika pazar\u0131n\u0131 geziyorlar&#8221; dedi.<br \/>\nAhmet \u015ean ise &#8220;B\u00f6yle tarihi, k\u00fclt\u00fcrel, sanatsal i\u015flere \u00f6nem vermesi tabii bizi sevindiriyor, mutlu ediyor. Kat\u0131l\u0131m baya\u011f\u0131 iyi, ilgi y\u00fcksek. Mersin B\u00fcy\u00fck\u015fehir Belediyesi&#8217;ne te\u015fekk\u00fcr ediyoruz&#8221; diye konu\u015ftu.<\/p>\n","protected":false},"excerpt":{"rendered":"<p>Mersin B\u00fcy\u00fck\u015fehir Belediyesi Kad\u0131n ve Aile Hizmetleri Dairesi b\u00fcnyesinde &#8216;An\u0131larda Emek Var&#8217; slogan\u0131yla kurulan &#8216;Antika Pazar\u0131&#8217;, Mersinli antika severleri tarihte yolculu\u011fa \u00e7\u0131kar\u0131yor. Yeni\u015fehir il\u00e7esi 2,5 \u00c7evre Yolu \u00fczeri Merdok Sitesi &hellip; <a href=\"https:\/\/akdenizolaygazetesi.com\/?p=25045\" class=\"more-link\">Devam\u0131n\u0131 Oku&#8230;<\/a><\/p>\n","protected":false},"author":2,"featured_media":25046,"comment_status":"open","ping_status":"open","sticky":false,"template":"","format":"standard","meta":[],"categories":[2,3],"tags":[],"_links":{"self":[{"href":"https:\/\/akdenizolaygazetesi.com\/index.php?rest_route=\/wp\/v2\/posts\/25045"}],"collection":[{"href":"https:\/\/akdenizolaygazetesi.com\/index.php?rest_route=\/wp\/v2\/posts"}],"about":[{"href":"https:\/\/akdenizolaygazetesi.com\/index.php?rest_route=\/wp\/v2\/types\/post"}],"author":[{"embeddable":true,"href":"https:\/\/akdenizolaygazetesi.com\/index.php?rest_route=\/wp\/v2\/users\/2"}],"replies":[{"embeddable":true,"href":"https:\/\/akdenizolaygazetesi.com\/index.php?rest_route=%2Fwp%2Fv2%2Fcomments&post=25045"}],"version-history":[{"count":1,"href":"https:\/\/akdenizolaygazetesi.com\/index.php?rest_route=\/wp\/v2\/posts\/25045\/revisions"}],"predecessor-version":[{"id":25047,"href":"https:\/\/akdenizolaygazetesi.com\/index.php?rest_route=\/wp\/v2\/posts\/25045\/revisions\/25047"}],"wp:featuredmedia":[{"embeddable":true,"href":"https:\/\/akdenizolaygazetesi.com\/index.php?rest_route=\/wp\/v2\/media\/25046"}],"wp:attachment":[{"href":"https:\/\/akdenizolaygazetesi.com\/index.php?rest_route=%2Fwp%2Fv2%2Fmedia&parent=25045"}],"wp:term":[{"taxonomy":"category","embeddable":true,"href":"https:\/\/akdenizolaygazetesi.com\/index.php?rest_route=%2Fwp%2Fv2%2Fcategories&post=25045"},{"taxonomy":"post_tag","embeddable":true,"href":"https:\/\/akdenizolaygazetesi.com\/index.php?rest_route=%2Fwp%2Fv2%2Ftags&post=25045"}],"curies":[{"name":"wp","href":"https:\/\/api.w.org\/{rel}","templated":true}]}}