{"id":2505,"date":"2020-11-04T18:23:01","date_gmt":"2020-11-04T15:23:01","guid":{"rendered":"http:\/\/mersinekonomipolitikagazetesi.com\/?p=2505"},"modified":"2020-11-04T18:23:01","modified_gmt":"2020-11-04T15:23:01","slug":"ufukta-yeni-zaferler-var","status":"publish","type":"post","link":"https:\/\/akdenizolaygazetesi.com\/?p=2505","title":{"rendered":"\u201cUFUKTA YEN\u0130 ZAFERLER VAR\u201d"},"content":{"rendered":"<p>E\u011fitim-Bir-Sen Ve Memur-Sen Mersin \u0130l Ba\u015fkan\u0131 Abdulla \u00c7elik 30 A\u011fustos Zafer Bayram\u0131n\u0131 kutlad\u0131.<\/p>\n<p><span style=\"line-height: 1.6em;\">\u00c7elik, \u201cEcdad\u0131m\u0131z u\u011frunda b\u00fcy\u00fck bedeller \u00f6deyerek, bizlere her safhas\u0131 parlak zaferlerle dolu \u015fanl\u0131 bir tarih arma\u011fan etmi\u015ftir. 30 A\u011fustos, emperyalizme kar\u015f\u0131 ba\u015f e\u011fmemeye, var kalmaya kararl\u0131 bir milletin irade beyan\u0131n\u0131n ta\u00e7land\u0131\u011f\u0131 bir tarihin ifadesi, hi\u00e7bir zaman esaret ve dayatmaya boyun e\u011fmeyece\u011finin g\u00f6stergesidir.\u201d dedi.<\/span><\/p>\n<p>Abdulla \u00c7elik s\u00f6zlerini \u015f\u00f6yle s\u00fcrd\u00fcrd\u00fc:<br \/>\nBu b\u00fcy\u00fck zafer, s\u00f6m\u00fcrgecilerin d\u00fcnyan\u0131n d\u00f6rt bir yan\u0131n\u0131 i\u015fgal edip ya\u011fmalad\u0131\u011f\u0131 bir d\u00f6nemde, as\u0131rlar i\u00e7inde bu topraklar\u0131 canlar\u0131yla vatan h\u00e2line getiren bir milletin b\u00fct\u00fcn mazlumlara umut dolu sesleni\u015fidir. Emperyalistlerin b\u00fct\u00fcn hile ve desiseleriyle, fiziki birli\u011fini kaybetse de g\u00f6n\u00fcl ve \u015fuur birli\u011fini koruyan \u00fcmmetin de maddi yard\u0131mlar\u0131 ve dualar\u0131yla ayakta kalan T\u00fcrkiye, tarihten gelen misyonunu ortaya koyarak, s\u00f6m\u00fcrgecilere dur demi\u015ftir. Ancak emperyalist devletlerin 96 y\u0131ld\u0131r bu topraklar \u00fczerindeki kanl\u0131 i\u015fgal ve istila planlar\u0131 son bulmam\u0131\u015ft\u0131r. O g\u00fcnden bug\u00fcne emperyalistler yeni oyunlarla kar\u015f\u0131m\u0131za \u00e7\u0131km\u0131\u015f ve \u00e7\u0131kmaya devam etmektedir.<\/p>\n<p>30 A\u011fustos, tarihsel iddiam\u0131zla yeni hedeflere y\u00f6neldi\u011fimiz bu zorlu d\u00f6nemde daha bir anlam ve \u00f6nem arz etmektedir. Milletimizin canl\u0131 hat\u0131rlay\u0131\u015f ve bilin\u00e7le ya\u015fan\u0131l\u0131r k\u0131ld\u0131\u011f\u0131 zaferin istiklal ve istikbal m\u00fccadelemizde ger\u00e7ek kazan\u0131mlara ilham vermesini temenni ediyoruz.<\/p>\n<p>\u00c7al\u0131\u015fmadan kazan\u0131lan de\u011ferler de zaferler de aldat\u0131c\u0131 mahiyete sahiptir. Malazgirt, Moha\u00e7, \u00c7ald\u0131ran, Mercidab\u0131k ve Cumhuriyet\u2019e giden \u00e7ok \u00f6nemli bir a\u015fama olan \u2018Ba\u015fkomutanl\u0131k Meydan Muharebesi\u2019 zaferi, inanc\u0131yla b\u00fct\u00fcnle\u015fen bir milletin yorulmak bilmez azminin onur veren arma\u011fan\u0131d\u0131r. Bu inan\u00e7la yeniden in\u015fa ve ihya etti\u011fimiz k\u00fclt\u00fcr ve medeniyetimizin Malazgirt\u2019te m\u00fchr\u00fcn\u00fc vurdu\u011fu co\u011frafyalar, Ba\u015fkomutanl\u0131kta kesin tescillenmi\u015f, ayn\u0131 inan\u00e7la kazan\u0131lan \u00c7anakkale ruhu, 15 Temmuz direni\u015fi ile yeni bir dirili\u015fin me\u015falesini yakm\u0131\u015ft\u0131r. Bu me\u015fale, b\u00fct\u00fcn kalpleri, \u015f\u00fchedan\u0131n \u00f6l\u00fcms\u00fcz ruhuyla tutu\u015fturmal\u0131, zihnimizi, yolumuzu ilimle, bilgiyle ayd\u0131nlatmal\u0131d\u0131r.<br \/>\nG\u00fcn\u00fcm\u00fczde kazan\u0131mlar\u0131n, zafer ve yenilgilerin alan ve niteli\u011fi de\u011fi\u015fmi\u015ftir. Bilgi, ilim, bilim, sanat, teknoloji, ekonomi, ileti\u015fim, y\u00f6neti\u015fim, ancak ba\u015far\u0131l\u0131 olanlar\u0131n var olabildikleri yeni zafer alanlar\u0131d\u0131r. Hayat\u0131n her alan\u0131nda, her kademeden herkesin, her yetkili ve her ilgilinin, ba\u015fard\u0131klar\u0131m\u0131z\u0131, ba\u015faramad\u0131klar\u0131m\u0131z\u0131 veya ba\u015faracaklar\u0131m\u0131z\u0131 yeniden g\u00f6zden ge\u00e7irerek, ileri hedeflere y\u00f6nelme zarureti vard\u0131r. \u015eimdi ekonomiden bilime, e\u011fitimden k\u00fclt\u00fcre, teknolojiye, sosyal dayan\u0131\u015fmaya kadar hayat\u0131n her alan\u0131nda yeni zaferler kazanmam\u0131z gerekmektedir. \u00dclke ve millet olarak i\u00e7inden ge\u00e7ti\u011fimiz bu zor, s\u0131k\u0131nt\u0131l\u0131 d\u00f6nemde birlik ve beraberlik i\u00e7inde tesis edilecek bar\u0131\u015f ve karde\u015flik ruhu, tarihi ve yeni zaferleri tamam\u0131na erdirecektir. Aksi h\u00e2lde, zaferler ideal hayatlar\u0131n, ideal birlikteliklerin kazan\u0131m\u0131na d\u00f6n\u00fc\u015femez. Vatan ve millet \u015fuuru, b\u00fct\u00fcn hesaplar\u0131n, kayg\u0131lar\u0131n \u00fczerinde, bizi bir arada tutan, bizi \u2018biz\u2019 yapan \u00fcst de\u011ferlerimizdir. Bu de\u011ferler, ilim, iman, dayan\u0131\u015fma ile muhkem k\u0131l\u0131nmal\u0131d\u0131r. \u015eimdi yeni zaferlerin ufkuna bu anlay\u0131\u015fla y\u00f6nelmenin zaman\u0131d\u0131r. Hi\u00e7 \u015f\u00fcphe yok ki, i\u00e7inde bu heyecan\u0131 yitirmeyen milletimiz yeni zaferlerle m\u00fcjdelenecektir.<\/p>\n<p>Zaferi kazand\u0131ran de\u011ferlerin ger\u00e7ek ve kal\u0131c\u0131 olmas\u0131, bu y\u00f6ndeki \u00e7al\u0131\u015fmalara ba\u011fl\u0131d\u0131r. Bu duygular\u0131m\u0131z zay\u0131flarsa zaferimizi kal\u0131c\u0131 k\u0131lamay\u0131z. Bize zaferler arma\u011fan eden kimlik ve benli\u011fimizin en ba\u015fta istiklal ve istikbale odaklanm\u0131\u015f ideal hususiyetlerini, varl\u0131\u011f\u0131m\u0131z\u0131n temel karakteri olarak ya\u015fatma zarureti vard\u0131r. Esasen ger\u00e7ek zaferlerin ger\u00e7ek dayanaklar\u0131, sa\u011flam ki\u015filik ve kimli\u011fimizdir. Benlik ve kimli\u011fini yitirenlerin kazanacaklar\u0131 hi\u00e7bir zafer olamaz. Bir de\u011fer ve karakter olarak \u00f6zg\u00fcrl\u00fc\u011fe tutkun milletleri de esir edecek yoktur.<\/p>\n<p>E\u011fitim-Bir-Sen olarak, ba\u015fta ekonomiyi krize sokmay\u0131 ama\u00e7layan \u00e7ok y\u00f6nl\u00fc d\u0131\u015f sald\u0131r\u0131lar\u0131n \u00fclke ve milletimize yenilgi ya\u015fatmay\u0131 ama\u00e7lad\u0131\u011f\u0131n\u0131 biliyor ama her k\u00f6t\u00fc niyetli giri\u015fimin sonu\u00e7suz kalaca\u011f\u0131na, kazanaca\u011f\u0131m\u0131z yeni zaferlerle darmada\u011f\u0131n olaca\u011f\u0131na da inan\u0131yoruz.<\/p>\n<p>Birlik i\u00e7inde yeni zaferler elde edecek, yeni zaferlerle b\u00fcy\u00fcyece\u011fiz. Ya\u015fad\u0131\u011f\u0131m\u0131z \u00e7a\u011fda varl\u0131k ve medeniyet iddiam\u0131z, bilgi, ahlak ve irfan yolunda durmak, yorulmak bilmez bir y\u00fcr\u00fcy\u00fc\u015fle yeni zaferlere y\u00f6nelecek, istikl\u00e2l ve istikbalimizi ta\u00e7land\u0131racakt\u0131r.<\/p>\n<p>Bu duygu ve d\u00fc\u015f\u00fcncelerle 30 A\u011fustos Zafer Bayram\u0131\u2019n\u0131 kutluyor, bize bu zaferi arma\u011fan eden \u015fehitlerimizi rahmetle an\u0131yoruz.<\/p>\n","protected":false},"excerpt":{"rendered":"<p>E\u011fitim-Bir-Sen Ve Memur-Sen Mersin \u0130l Ba\u015fkan\u0131 Abdulla \u00c7elik 30 A\u011fustos Zafer Bayram\u0131n\u0131 kutlad\u0131. \u00c7elik, \u201cEcdad\u0131m\u0131z u\u011frunda b\u00fcy\u00fck bedeller \u00f6deyerek, bizlere her safhas\u0131 parlak zaferlerle dolu \u015fanl\u0131 bir tarih arma\u011fan etmi\u015ftir. &hellip; <a href=\"https:\/\/akdenizolaygazetesi.com\/?p=2505\" class=\"more-link\">Devam\u0131n\u0131 Oku&#8230;<\/a><\/p>\n","protected":false},"author":1,"featured_media":0,"comment_status":"open","ping_status":"open","sticky":false,"template":"","format":"standard","meta":[],"categories":[],"tags":[],"_links":{"self":[{"href":"https:\/\/akdenizolaygazetesi.com\/index.php?rest_route=\/wp\/v2\/posts\/2505"}],"collection":[{"href":"https:\/\/akdenizolaygazetesi.com\/index.php?rest_route=\/wp\/v2\/posts"}],"about":[{"href":"https:\/\/akdenizolaygazetesi.com\/index.php?rest_route=\/wp\/v2\/types\/post"}],"author":[{"embeddable":true,"href":"https:\/\/akdenizolaygazetesi.com\/index.php?rest_route=\/wp\/v2\/users\/1"}],"replies":[{"embeddable":true,"href":"https:\/\/akdenizolaygazetesi.com\/index.php?rest_route=%2Fwp%2Fv2%2Fcomments&post=2505"}],"version-history":[{"count":0,"href":"https:\/\/akdenizolaygazetesi.com\/index.php?rest_route=\/wp\/v2\/posts\/2505\/revisions"}],"wp:attachment":[{"href":"https:\/\/akdenizolaygazetesi.com\/index.php?rest_route=%2Fwp%2Fv2%2Fmedia&parent=2505"}],"wp:term":[{"taxonomy":"category","embeddable":true,"href":"https:\/\/akdenizolaygazetesi.com\/index.php?rest_route=%2Fwp%2Fv2%2Fcategories&post=2505"},{"taxonomy":"post_tag","embeddable":true,"href":"https:\/\/akdenizolaygazetesi.com\/index.php?rest_route=%2Fwp%2Fv2%2Ftags&post=2505"}],"curies":[{"name":"wp","href":"https:\/\/api.w.org\/{rel}","templated":true}]}}