{"id":25063,"date":"2023-04-06T12:36:08","date_gmt":"2023-04-06T09:36:08","guid":{"rendered":"http:\/\/akdenizolaygazetesi.com\/?p=25063"},"modified":"2023-04-06T12:36:08","modified_gmt":"2023-04-06T09:36:08","slug":"mersinlilerin-iftar-yemegi-buyuksehirden","status":"publish","type":"post","link":"https:\/\/akdenizolaygazetesi.com\/?p=25063","title":{"rendered":"MERS\u0130NL\u0130LER\u0130N \u0130FTAR YEME\u011e\u0130 B\u00dcY\u00dcK\u015eEH\u0130R&#8217;DEN"},"content":{"rendered":"<p>Mersin B\u00fcy\u00fck\u015fehir Belediyesi Sosyal Hizmetler Dairesi Ba\u015fkanl\u0131\u011f\u0131&#8217;n\u0131n, Ramazan ay\u0131 dolay\u0131s\u0131yla ba\u015flatt\u0131\u011f\u0131 iftar yeme\u011fi da\u011f\u0131t\u0131mlar\u0131 s\u00fcr\u00fcyor. B\u00fcy\u00fck\u015fehir&#8217;in A\u015fhanelerinde haz\u0131rlanan yemekler; merkezde ve il\u00e7elerde, B\u00fcy\u00fck\u015fehir ekipleri taraf\u0131ndan vatanda\u015flara da\u011f\u0131t\u0131l\u0131yor. Ekipler her g\u00fcn 13 il\u00e7enin farkl\u0131 mahallelerine girerek, yemekleri vatanda\u015flar\u0131n kap\u0131s\u0131na kadar ula\u015ft\u0131r\u0131yor. B\u00fcy\u00fck\u015fehir taraf\u0131ndan vatanda\u015flara sunulan iftar yeme\u011fi ikram\u0131, Ramazan ay\u0131 boyunca devam edecek.<br \/>\nG\u00fcltekin: &#8220;Yemeklerimiz vatanda\u015flar\u0131m\u0131z\u0131n kap\u0131s\u0131na kadar g\u00f6t\u00fcr\u00fcl\u00fcyor&#8221;<br \/>\nB\u00fcy\u00fck\u015fehir Belediyesi Sosyal Hizmetler Dairesi Ba\u015fkanl\u0131\u011f\u0131&#8217;nda g\u00f6rev alan El\u00e7im G\u00fcltekin, iftar yeme\u011fi da\u011f\u0131t\u0131m\u0131yla ilgili bilgi vererek, &#8220;Mersin B\u00fcy\u00fck\u015fehir Belediyesi Sosyal Hizmetler Dairesi Ba\u015fkanl\u0131\u011f\u0131 olarak, Ramazan ay\u0131n\u0131n bereket ve birle\u015ftiricilik ruhuna uygun olarak iftar yeme\u011fi ikramlar\u0131m\u0131z devam ediyor. Her y\u0131l oldu\u011fu gibi, bu y\u0131l da Ramazan ay\u0131n\u0131n ilk g\u00fcn\u00fcnden itibaren yemeklerimiz da\u011f\u0131t\u0131l\u0131yor. Mersin ve Tarsus A\u015fhanelerinde haz\u0131rlanan yemeklerimiz, vatanda\u015flar\u0131m\u0131z\u0131n kap\u0131s\u0131na kadar g\u00f6t\u00fcr\u00fcl\u00fcyor&#8221; dedi.<br \/>\nB\u00fcy\u00fck\u015fehir&#8217;in her y\u0131l ger\u00e7ekle\u015ftirdi\u011fi iftar yeme\u011fi da\u011f\u0131t\u0131m\u0131n\u0131n, bu sene Mersinlilerin yan\u0131 s\u0131ra deprem b\u00f6lgelerinden kente gelen vatanda\u015flar i\u00e7in de ger\u00e7ekle\u015fti\u011fini belirten G\u00fcltekin, &#8220;Bu sene ya\u015fad\u0131\u011f\u0131m\u0131z deprem felaketinden etkilenen depremzedeler, ilimize misafir olarak geldiler ve ge\u00e7ici bar\u0131nma merkezlerinde bulunuyorlar. Onlar da iftar yeme\u011fi hizmetinden faydalan\u0131yor. Her y\u0131l geli\u015ftirdi\u011fimiz bu dayan\u0131\u015fma ruhu, Ramazan ay\u0131 boyunca depremzedelerimize ve vatanda\u015flar\u0131m\u0131za verdi\u011fimiz hizmetle devam edecek&#8221; ifadelerine yer verdi.<br \/>\n\u0130ftar yeme\u011fi da\u011f\u0131t\u0131m\u0131ndan yararlanan vatanda\u015flardan Abdullah Adan\u0131r, &#8220;Millete yard\u0131m edenden, millet i\u00e7in \u00e7al\u0131\u015fandan Allah raz\u0131 olsun. Milletine, insan\u0131na hizmet eden insan gelsin devaml\u0131&#8221; dedi.<\/p>\n","protected":false},"excerpt":{"rendered":"<p>Mersin B\u00fcy\u00fck\u015fehir Belediyesi Sosyal Hizmetler Dairesi Ba\u015fkanl\u0131\u011f\u0131&#8217;n\u0131n, Ramazan ay\u0131 dolay\u0131s\u0131yla ba\u015flatt\u0131\u011f\u0131 iftar yeme\u011fi da\u011f\u0131t\u0131mlar\u0131 s\u00fcr\u00fcyor. B\u00fcy\u00fck\u015fehir&#8217;in A\u015fhanelerinde haz\u0131rlanan yemekler; merkezde ve il\u00e7elerde, B\u00fcy\u00fck\u015fehir ekipleri taraf\u0131ndan vatanda\u015flara da\u011f\u0131t\u0131l\u0131yor. Ekipler her g\u00fcn &hellip; <a href=\"https:\/\/akdenizolaygazetesi.com\/?p=25063\" class=\"more-link\">Devam\u0131n\u0131 Oku&#8230;<\/a><\/p>\n","protected":false},"author":2,"featured_media":25064,"comment_status":"open","ping_status":"open","sticky":false,"template":"","format":"standard","meta":[],"categories":[2,3],"tags":[],"_links":{"self":[{"href":"https:\/\/akdenizolaygazetesi.com\/index.php?rest_route=\/wp\/v2\/posts\/25063"}],"collection":[{"href":"https:\/\/akdenizolaygazetesi.com\/index.php?rest_route=\/wp\/v2\/posts"}],"about":[{"href":"https:\/\/akdenizolaygazetesi.com\/index.php?rest_route=\/wp\/v2\/types\/post"}],"author":[{"embeddable":true,"href":"https:\/\/akdenizolaygazetesi.com\/index.php?rest_route=\/wp\/v2\/users\/2"}],"replies":[{"embeddable":true,"href":"https:\/\/akdenizolaygazetesi.com\/index.php?rest_route=%2Fwp%2Fv2%2Fcomments&post=25063"}],"version-history":[{"count":1,"href":"https:\/\/akdenizolaygazetesi.com\/index.php?rest_route=\/wp\/v2\/posts\/25063\/revisions"}],"predecessor-version":[{"id":25065,"href":"https:\/\/akdenizolaygazetesi.com\/index.php?rest_route=\/wp\/v2\/posts\/25063\/revisions\/25065"}],"wp:featuredmedia":[{"embeddable":true,"href":"https:\/\/akdenizolaygazetesi.com\/index.php?rest_route=\/wp\/v2\/media\/25064"}],"wp:attachment":[{"href":"https:\/\/akdenizolaygazetesi.com\/index.php?rest_route=%2Fwp%2Fv2%2Fmedia&parent=25063"}],"wp:term":[{"taxonomy":"category","embeddable":true,"href":"https:\/\/akdenizolaygazetesi.com\/index.php?rest_route=%2Fwp%2Fv2%2Fcategories&post=25063"},{"taxonomy":"post_tag","embeddable":true,"href":"https:\/\/akdenizolaygazetesi.com\/index.php?rest_route=%2Fwp%2Fv2%2Ftags&post=25063"}],"curies":[{"name":"wp","href":"https:\/\/api.w.org\/{rel}","templated":true}]}}