{"id":25066,"date":"2023-04-06T12:37:38","date_gmt":"2023-04-06T09:37:38","guid":{"rendered":"http:\/\/akdenizolaygazetesi.com\/?p=25066"},"modified":"2023-04-06T12:37:38","modified_gmt":"2023-04-06T09:37:38","slug":"akdeniz-belediye-baskani-gultak-belediye-personeli-ile-iftar-programinda-bulustu","status":"publish","type":"post","link":"https:\/\/akdenizolaygazetesi.com\/?p=25066","title":{"rendered":"AKDEN\u0130Z BELED\u0130YE BA\u015eKANI G\u00dcLTAK, BELED\u0130YE PERSONEL\u0130 \u0130LE \u0130FTAR PROGRAMINDA BULU\u015eTU"},"content":{"rendered":"<p>Akdeniz Belediye Ba\u015fkan\u0131 M. Mustafa G\u00fcltak, Ramazan ay\u0131 dolay\u0131s\u0131yla belediye taraf\u0131ndan Millet Bah\u00e7esi sahil etab\u0131nda d\u00fczenlenen iftar program\u0131nda belediye \u00e7al\u0131\u015fanlar\u0131 ve aileleri ile bir araya geldi. D\u00f6rt y\u0131lda Akdeniz\u2019i de\u011fi\u015ftiren hizmet ve projeleri \u00f6zetleyen Ba\u015fkan G\u00fcltak, 2024 se\u00e7imlerinde yeniden g\u00f6reve gelmesi halinde Akdeniz\u2019in d\u00f6n\u00fc\u015f\u00fcm\u00fcn\u00fcn devam edece\u011finin alt\u0131n\u0131 \u00e7izdi.<br \/>\n\u0130ftara, Mersin \u0130l Koordinat\u00f6r\u00fc ve U\u015fak Milletvekili Alim Tun\u00e7, AK Parti Mersin \u0130l Ba\u015fkan\u0131 Adem Aldemir, Cumhur \u0130ttifak\u0131 \u0130l ve \u0130l\u00e7e Y\u00f6neticileri, Akdeniz Belediye Ba\u015fkan Yard\u0131mc\u0131lar\u0131 ve Meclis \u00fcyeleri ile birim m\u00fcd\u00fcrleri kat\u0131ld\u0131. Program, Kur\u2019an tilaveti ve dualarla ba\u015flad\u0131, ezan\u0131n okunmas\u0131ndan sonra da iftar yeme\u011fine ge\u00e7ildi. Bulu\u015fmada s\u00f6z alan Akdeniz Belediye Ba\u015fkan\u0131 Mustafa G\u00fcltak; Mersin\u2019de kad\u0131nlar\u0131, gen\u00e7leri ve \u00e7ocuklar\u0131 \u00f6nceleyen \u00f6rnek bir y\u00f6netim sergilediklerini, hi\u00e7 kimseyi i\u015ften \u00e7\u0131karmad\u0131klar\u0131n\u0131, \u00e7al\u0131\u015fanlar\u0131n; maa\u015flar\u0131n\u0131 g\u00fcn\u00fcnde ald\u0131\u011f\u0131n\u0131n alt\u0131n\u0131 \u00e7izdi.<br \/>\n\u201cHalk\u0131m\u0131z\u0131n takdiri ve tevecc\u00fch\u00fc ile Akdeniz\u2019i de\u011fi\u015ftirmeye devam edece\u011fiz\u201d<br \/>\n\u0130ftar program\u0131na kat\u0131l\u0131mlar\u0131ndan dolay\u0131 konuklar\u0131na te\u015fekk\u00fcr eden Ba\u015fkan G\u00fcltak; \u201cBug\u00fcn Akdeniz\u2019de bar\u0131\u015f, huzur ve karde\u015flik h\u00e2kim ise, kentsel d\u00f6n\u00fc\u015f\u00fcm projeleri hayata ge\u00e7iyorsa, bu g\u00fczel Millet Bah\u00e7esi kentimize kazand\u0131r\u0131l\u0131yorsa; ayr\u0131ca biliyorsunuz bir\u00e7ok sosyal tesisler de yapt\u0131k. B\u00fct\u00fcn bu hizmet ve projeler, \u00f6nce k\u00e2inat\u0131 yaratan Y\u00fcce Allah\u2019\u0131n izni, sonra D\u00fcnya Lideri Cumhurba\u015fkan\u0131m\u0131z Say\u0131n Recep Tayyip Erdo\u011fan\u2019\u0131n sayesinde oldu. Bunu bilmenizi istiyorum. Say\u0131n L\u00fctfi Elvan Bakan\u0131m\u0131z, Milletvekillerimiz, \u00f6nceki d\u00f6nem \u0130l Ba\u015fkan\u0131m\u0131z da her zaman yan\u0131m\u0131zda oldu. Hepsine te\u015fekk\u00fcr ediyorum. 2024 y\u0131l\u0131 se\u00e7imlerinde halk\u0131m\u0131z\u0131n takdiri ile yeniden se\u00e7ilmemiz halinde Akdeniz\u2019i her alanda de\u011fi\u015ftirip gelece\u011fe haz\u0131rlamaya devam edece\u011fiz. Yerinde kentsel d\u00f6n\u00fc\u015f\u00fcm projesini en az 5 mahallemizde daha hayata ge\u00e7irmeye haz\u0131r\u0131z. Akdeniz sakinlerine hak ettikleri, lay\u0131k olduklar\u0131 ya\u015fam\u0131 sunmak i\u00e7in kararl\u0131l\u0131kla \u00e7al\u0131\u015faca\u011f\u0131z\u201d diye konu\u015ftu.<br \/>\nAldemir ve Tun\u00e7\u2019tan te\u015fekk\u00fcr\u2026<br \/>\nProgramda; AK Parti Mersin \u0130l Ba\u015fkan\u0131 Adem Aldemir de s\u00f6z alarak iftar bulu\u015fmas\u0131n\u0131 d\u00fczenleyen Akdeniz Belediye Ba\u015fkan\u0131 Mustafa G\u00fcltak ve ekibine te\u015fekk\u00fcr etti. Son olarak konu\u015fan Mersin \u0130l Koordinat\u00f6r\u00fc ve U\u015fak Milletvekili Alim Tun\u00e7 da vatanda\u015flar\u0131n Ramazan ay\u0131n\u0131 tebrik etti. Tun\u00e7; \u201c\u00dclkemizde birlik ve beraberlik i\u00e7inde daha nice Ramazanlarla bulu\u015fmay\u0131 diliyorum. Bizleri bug\u00fcn sizlerle bulu\u015fturan Belediye Ba\u015fkan\u0131m\u0131z Say\u0131n G\u00fcltak ve Mersin \u0130l Ba\u015fkan\u0131m\u0131za te\u015fekk\u00fcr ediyorum. \u00c7ok daha g\u00fczel g\u00fcnlerde ve daha g\u00fczel Ramazanlarda, felaketlerin olmad\u0131\u011f\u0131, insanlar\u0131m\u0131z\u0131n daha mutlu ya\u015fad\u0131\u011f\u0131 bir \u00fclke hayaliyle hepinize sevgi ve sayg\u0131lar\u0131m\u0131 sunuyorum\u201d ifadelerini kulland\u0131.<\/p>\n","protected":false},"excerpt":{"rendered":"<p>Akdeniz Belediye Ba\u015fkan\u0131 M. Mustafa G\u00fcltak, Ramazan ay\u0131 dolay\u0131s\u0131yla belediye taraf\u0131ndan Millet Bah\u00e7esi sahil etab\u0131nda d\u00fczenlenen iftar program\u0131nda belediye \u00e7al\u0131\u015fanlar\u0131 ve aileleri ile bir araya geldi. D\u00f6rt y\u0131lda Akdeniz\u2019i de\u011fi\u015ftiren &hellip; <a href=\"https:\/\/akdenizolaygazetesi.com\/?p=25066\" class=\"more-link\">Devam\u0131n\u0131 Oku&#8230;<\/a><\/p>\n","protected":false},"author":2,"featured_media":25067,"comment_status":"open","ping_status":"open","sticky":false,"template":"","format":"standard","meta":[],"categories":[2,3,5],"tags":[],"_links":{"self":[{"href":"https:\/\/akdenizolaygazetesi.com\/index.php?rest_route=\/wp\/v2\/posts\/25066"}],"collection":[{"href":"https:\/\/akdenizolaygazetesi.com\/index.php?rest_route=\/wp\/v2\/posts"}],"about":[{"href":"https:\/\/akdenizolaygazetesi.com\/index.php?rest_route=\/wp\/v2\/types\/post"}],"author":[{"embeddable":true,"href":"https:\/\/akdenizolaygazetesi.com\/index.php?rest_route=\/wp\/v2\/users\/2"}],"replies":[{"embeddable":true,"href":"https:\/\/akdenizolaygazetesi.com\/index.php?rest_route=%2Fwp%2Fv2%2Fcomments&post=25066"}],"version-history":[{"count":1,"href":"https:\/\/akdenizolaygazetesi.com\/index.php?rest_route=\/wp\/v2\/posts\/25066\/revisions"}],"predecessor-version":[{"id":25068,"href":"https:\/\/akdenizolaygazetesi.com\/index.php?rest_route=\/wp\/v2\/posts\/25066\/revisions\/25068"}],"wp:featuredmedia":[{"embeddable":true,"href":"https:\/\/akdenizolaygazetesi.com\/index.php?rest_route=\/wp\/v2\/media\/25067"}],"wp:attachment":[{"href":"https:\/\/akdenizolaygazetesi.com\/index.php?rest_route=%2Fwp%2Fv2%2Fmedia&parent=25066"}],"wp:term":[{"taxonomy":"category","embeddable":true,"href":"https:\/\/akdenizolaygazetesi.com\/index.php?rest_route=%2Fwp%2Fv2%2Fcategories&post=25066"},{"taxonomy":"post_tag","embeddable":true,"href":"https:\/\/akdenizolaygazetesi.com\/index.php?rest_route=%2Fwp%2Fv2%2Ftags&post=25066"}],"curies":[{"name":"wp","href":"https:\/\/api.w.org\/{rel}","templated":true}]}}