{"id":25075,"date":"2023-04-06T16:10:37","date_gmt":"2023-04-06T13:10:37","guid":{"rendered":"http:\/\/akdenizolaygazetesi.com\/?p=25075"},"modified":"2023-04-06T16:10:37","modified_gmt":"2023-04-06T13:10:37","slug":"baglarbasi-mahallesine-yeni-bir-spor-sahasi-kazandirildi","status":"publish","type":"post","link":"https:\/\/akdenizolaygazetesi.com\/?p=25075","title":{"rendered":"Ba\u011flarba\u015f\u0131 Mahallesi\u2019ne yeni bir spor sahas\u0131 kazand\u0131r\u0131ld\u0131"},"content":{"rendered":"<p>Akdeniz Belediye Ba\u015fkan\u0131 M. Mustafa Ba\u015fkan G\u00fcltak, \u00f6zellikle mahalleli gen\u00e7lerin iste\u011fi \u00fczerine, il\u00e7eye ba\u011fl\u0131 k\u0131rsal ve en y\u00fcksek yerle\u015fim yerlerinden biri olan Ba\u011flarba\u015f\u0131 Mahallesi\u2019ne kazand\u0131r\u0131lan hal\u0131 sahay\u0131 inceledi. Ba\u015fkan G\u00fcltak, b\u00f6lgenin incir \u00fcreticileriyle de bir araya geldi, incir bah\u00e7elerini gezdi.<br \/>\nBa\u011flarba\u015f\u0131 Mahallesi\u2019nde ya\u015fayan gen\u00e7lerin talebi ve Akdeniz Belediye Ba\u015fkan\u0131 M. Mustafa G\u00fcltak\u2019\u0131n talimat\u0131 \u00fczerine harekete ge\u00e7en hizmet ekipleri, b\u00f6lgeye yeni ve modern bir hal\u0131 saha kazand\u0131rd\u0131. Her ya\u015ftan sporseverin kullanabilece\u011fi sahan\u0131n \u00e7evre d\u00fczenlemesi yap\u0131ld\u0131, ayd\u0131nlatma gruplar\u0131 as\u0131ld\u0131, banklar ve \u00e7\u00f6p kovalar\u0131 yerle\u015ftirildi. Daha \u00f6nce tamamen at\u0131l olan b\u00f6lge; art\u0131k sporcu \u00e7ocuklar ve gen\u00e7ler ile spor yapmay\u0131 seven her ya\u015ftan insan\u0131 bir araya getirecek.<br \/>\n\u201cGen\u00e7lerimize verdi\u011fimiz s\u00f6z\u00fc yerine getirmenin gururunu ya\u015f\u0131yoruz\u201d<br \/>\nBa\u015fkan Yard\u0131mc\u0131s\u0131 Mustafa Arslan ve birim m\u00fcd\u00fcrlerinin de kendisine e\u015flik etti\u011fi ziyarette Ba\u015fkan G\u00fcltak, mahalleye kazand\u0131r\u0131lan hal\u0131 sahay\u0131 inceledi, yetkililerden bilgi ald\u0131. Mahalleli gen\u00e7lerin s\u0131cak ilgisiyle kar\u015f\u0131lanan Ba\u015fkan G\u00fcltak, yapt\u0131\u011f\u0131 a\u00e7\u0131klamada; \u201cBa\u011flarba\u015f\u0131l\u0131 gen\u00e7lerimize s\u00f6z\u00fcm\u00fcz vard\u0131. \u2018G\u00fczel bir hal\u0131 saha yapaca\u011f\u0131z\u2019 dedik. \u00c7\u00fcnk\u00fc buradan \u015fehir merkezi veya di\u011fer yerlere gitmek onlar i\u00e7in zor i\u015f. Dolay\u0131s\u0131yla bir hal\u0131 saha yapal\u0131m, \u00e7ocuklar\u0131m\u0131z, gen\u00e7lerimiz sporlar\u0131n\u0131 rahat\u00e7a yaps\u0131nlar istedik. \u015eehir merkezinden \u00e7ok uzak, k\u00f6yden mahalleye d\u00f6n\u00fc\u015fm\u00fc\u015f bu mahallemize b\u00f6ylesine g\u00fczel bir spor tesisi kazand\u0131rman\u0131n gurur ve mutlulu\u011funu ya\u015f\u0131yoruz\u201d diye konu\u015ftu.<br \/>\n\u201c\u0130ncir \u00fcreticilerine de yard\u0131mc\u0131 olduk\u201d<br \/>\nBa\u011flarba\u015f\u0131 ziyaretinde Ba\u015fkan G\u00fcltak, b\u00f6lgedeki incir bah\u00e7elerini de gezdi, \u00fcreticilerle g\u00f6r\u00fc\u015ft\u00fc. T\u00fcrkiye\u2019de en erkenci siyah incir hasad\u0131n\u0131n yap\u0131ld\u0131\u011f\u0131 nadir yerlerden birinin de Ba\u011flarba\u015f\u0131 oldu\u011funa dikkat \u00e7eken Ba\u015fkan G\u00fcltak; \u201cY\u00fcksekli\u011finden \u00f6t\u00fcr\u00fc \u00e7ok g\u00fczel bir manzaraya sahip olan mahallemizin \u00e7ok g\u00fczel bir \u00f6zelli\u011fi daha var. T\u00fcrkiye\u2019de siyah incirin ilk hasad\u0131n\u0131n yap\u0131ld\u0131\u011f\u0131 bir mahallemiz buras\u0131. Ger\u00e7ekten \u00e7ok kaliteli bir inciri var. \u00d6yle ki direkt yurtd\u0131\u015f\u0131na ihra\u00e7 olan bir \u00fcr\u00fcn&#8230; Belediye olarak bu incirin hasad\u0131nda eksikler olmas\u0131n diye erkek incir a\u011fa\u00e7lar\u0131 dikerek k\u00f6yl\u00fcm\u00fcze de yard\u0131mc\u0131 olduk\u201d ifadelerini kulland\u0131.<\/p>\n","protected":false},"excerpt":{"rendered":"<p>Akdeniz Belediye Ba\u015fkan\u0131 M. Mustafa Ba\u015fkan G\u00fcltak, \u00f6zellikle mahalleli gen\u00e7lerin iste\u011fi \u00fczerine, il\u00e7eye ba\u011fl\u0131 k\u0131rsal ve en y\u00fcksek yerle\u015fim yerlerinden biri olan Ba\u011flarba\u015f\u0131 Mahallesi\u2019ne kazand\u0131r\u0131lan hal\u0131 sahay\u0131 inceledi. Ba\u015fkan G\u00fcltak, &hellip; <a href=\"https:\/\/akdenizolaygazetesi.com\/?p=25075\" class=\"more-link\">Devam\u0131n\u0131 Oku&#8230;<\/a><\/p>\n","protected":false},"author":2,"featured_media":25076,"comment_status":"open","ping_status":"open","sticky":false,"template":"","format":"standard","meta":[],"categories":[3,10],"tags":[],"_links":{"self":[{"href":"https:\/\/akdenizolaygazetesi.com\/index.php?rest_route=\/wp\/v2\/posts\/25075"}],"collection":[{"href":"https:\/\/akdenizolaygazetesi.com\/index.php?rest_route=\/wp\/v2\/posts"}],"about":[{"href":"https:\/\/akdenizolaygazetesi.com\/index.php?rest_route=\/wp\/v2\/types\/post"}],"author":[{"embeddable":true,"href":"https:\/\/akdenizolaygazetesi.com\/index.php?rest_route=\/wp\/v2\/users\/2"}],"replies":[{"embeddable":true,"href":"https:\/\/akdenizolaygazetesi.com\/index.php?rest_route=%2Fwp%2Fv2%2Fcomments&post=25075"}],"version-history":[{"count":1,"href":"https:\/\/akdenizolaygazetesi.com\/index.php?rest_route=\/wp\/v2\/posts\/25075\/revisions"}],"predecessor-version":[{"id":25077,"href":"https:\/\/akdenizolaygazetesi.com\/index.php?rest_route=\/wp\/v2\/posts\/25075\/revisions\/25077"}],"wp:featuredmedia":[{"embeddable":true,"href":"https:\/\/akdenizolaygazetesi.com\/index.php?rest_route=\/wp\/v2\/media\/25076"}],"wp:attachment":[{"href":"https:\/\/akdenizolaygazetesi.com\/index.php?rest_route=%2Fwp%2Fv2%2Fmedia&parent=25075"}],"wp:term":[{"taxonomy":"category","embeddable":true,"href":"https:\/\/akdenizolaygazetesi.com\/index.php?rest_route=%2Fwp%2Fv2%2Fcategories&post=25075"},{"taxonomy":"post_tag","embeddable":true,"href":"https:\/\/akdenizolaygazetesi.com\/index.php?rest_route=%2Fwp%2Fv2%2Ftags&post=25075"}],"curies":[{"name":"wp","href":"https:\/\/api.w.org\/{rel}","templated":true}]}}