{"id":25087,"date":"2023-04-07T13:04:51","date_gmt":"2023-04-07T10:04:51","guid":{"rendered":"http:\/\/akdenizolaygazetesi.com\/?p=25087"},"modified":"2023-04-07T13:04:51","modified_gmt":"2023-04-07T10:04:51","slug":"gultak-onkobus-hizmeti-alan-vatandaslarla-iftarda-bulustu","status":"publish","type":"post","link":"https:\/\/akdenizolaygazetesi.com\/?p=25087","title":{"rendered":"G\u00dcLTAK, ONKOB\u00dcS H\u0130ZMET\u0130 ALAN VATANDA\u015eLARLA \u0130FTARDA BULU\u015eTU"},"content":{"rendered":"<p>Belediyenin sa\u011flad\u0131\u011f\u0131 Onkob\u00fcs Hizmetinden faydalanan, aralar\u0131nda deprem b\u00f6lgesinden g\u00f6\u00e7 eden kanser hastalar\u0131n\u0131n da oldu\u011fu vatanda\u015flarla iftarda bir araya gelen Ba\u015fkan G\u00fcltak; \u201cAkdeniz\u2019de herkesin elinden tutmaya, her vatanda\u015f\u0131m\u0131za hizmet vermeye \u00e7al\u0131\u015f\u0131yoruz. \u0130\u015fte bu ama\u00e7la ba\u015flatt\u0131\u011f\u0131m\u0131z Onkob\u00fcs Servis Hizmeti de ilk kez bizim ba\u015flatt\u0131\u011f\u0131m\u0131z, patenti de bize ait bir projedir\u201d dedi.<br \/>\nBirka\u00e7 g\u00fcn \u00f6nce belediye personeli ve yak\u0131nlar\u0131 i\u00e7in iftar program\u0131 d\u00fczenleyen Akdeniz Belediye Ba\u015fkan\u0131 M. Mustafa G\u00fcltak, bu kez de belediyenin \u00fccretsiz sundu\u011fu Onkob\u00fcs Servis hizmetinden faydalanan kanser hastas\u0131 vatanda\u015flar ve yak\u0131nlar\u0131yla bulu\u015ftu. Kad\u0131n ve Aile Hizmetleri M\u00fcd\u00fcrl\u00fc\u011f\u00fc hizmet binas\u0131nda ger\u00e7ekle\u015fen bulu\u015fmaya kanserle m\u00fccadele eden yakla\u015f\u0131k 200 vatanda\u015f ile aile bireyleri kat\u0131ld\u0131. Programa, Ba\u015fkan G\u00fcltak\u2019\u0131n e\u015fi Behiye G\u00fcltak, Meclis \u00dcyesi Ayd\u0131n Egin ile Cami\u015ferif Mahallesi Muhtar\u0131 Derin G\u00fcn\u00fc\u00e7 de e\u015flik etti.<br \/>\n\u201cAkdeniz\u2019de bar\u0131\u015f ve huzur iklimini sa\u011flad\u0131k\u201d<br \/>\nKonuklar\u0131yla tek tek selamla\u015f\u0131p sohbet eden Ba\u015fkan G\u00fcltak, iftara kat\u0131l\u0131mlar\u0131ndan dolay\u0131 te\u015fekk\u00fcr etti. Sa\u011fl\u0131\u011f\u0131n ve huzurun \u00f6nemine de\u011finen Ba\u015fkan G\u00fcltak, \u201cAkdeniz; Mersin\u2019in en s\u0131k\u0131nt\u0131l\u0131, en kavgal\u0131 il\u00e7esiydi. Fakat biz aradan ge\u00e7en 4 y\u0131lda Akdeniz il\u00e7emizde bar\u0131\u015f\u0131, karde\u015fli\u011fi ve huzuru yeniden sa\u011flad\u0131k. Hi\u00e7 kimse art\u0131k dili veya inanc\u0131 nedeniyle \u00f6telenmiyor\u201d dedi.<br \/>\n\u201cOnkob\u00fcs projesinin patenti bize ait\u201d<br \/>\n\u201cOnkob\u00fcs servis hizmeti T\u00fcrkiye\u2019de ilk kez bizim uygulad\u0131\u011f\u0131m\u0131z bir proje\u201d diyen Ba\u015fkan G\u00fcltak, \u201cPatenti tamamen bize ait. Diyaliz ve fizik tedavi hastalar\u0131 bir \u015fekilde servis buluyorlar. Ama kemoterapi alan hastalar\u0131m\u0131z i\u00e7in bir servis yoktu. Biz, Akdeniz\u2019de herkesin elinden tutmaya, her vatanda\u015f\u0131m\u0131za yeti\u015fmeye ve hizmet vermeye \u00e7al\u0131\u015f\u0131yoruz. Hizmet ve projelerimiz devam edecek. Bug\u00fcn aram\u0131zda olup tedavi g\u00f6ren t\u00fcm konuklar\u0131m\u0131za da Allah\u2019tan acil \u015fifalar diliyorum. Bu m\u00fcbarek Ramazan ay\u0131nda Rabbim t\u00fcm dualar\u0131m\u0131z\u0131 kabul etsin, in\u015fallah hastalar\u0131m\u0131z da \u015fifa bulsun\u201d ifadelerini kulland\u0131.<br \/>\nKur\u2019an tilavetinin ard\u0131ndan, babas\u0131 onkoloji tedavisi g\u00f6ren \u00e7ocuklardan biri olan Feyza Albayrak iftar duas\u0131n\u0131 okudu. Duygular\u0131n\u0131 dile getiren ve aralar\u0131nda deprem b\u00f6lgesinden gelen hastalar ile yak\u0131nlar\u0131n\u0131n da oldu\u011fu vatanda\u015flar, hem kendilerine sunulan \u00fccretsiz Onkob\u00fcs servis hizmeti hem de iftarda bir araya gelmelerinden \u00f6t\u00fcr\u00fc Ba\u015fkan G\u00fcltak ve ekibine te\u015fekk\u00fcr etti. <\/p>\n","protected":false},"excerpt":{"rendered":"<p>Belediyenin sa\u011flad\u0131\u011f\u0131 Onkob\u00fcs Hizmetinden faydalanan, aralar\u0131nda deprem b\u00f6lgesinden g\u00f6\u00e7 eden kanser hastalar\u0131n\u0131n da oldu\u011fu vatanda\u015flarla iftarda bir araya gelen Ba\u015fkan G\u00fcltak; \u201cAkdeniz\u2019de herkesin elinden tutmaya, her vatanda\u015f\u0131m\u0131za hizmet vermeye \u00e7al\u0131\u015f\u0131yoruz. &hellip; <a href=\"https:\/\/akdenizolaygazetesi.com\/?p=25087\" class=\"more-link\">Devam\u0131n\u0131 Oku&#8230;<\/a><\/p>\n","protected":false},"author":2,"featured_media":25088,"comment_status":"open","ping_status":"open","sticky":false,"template":"","format":"standard","meta":[],"categories":[2,3,5],"tags":[],"_links":{"self":[{"href":"https:\/\/akdenizolaygazetesi.com\/index.php?rest_route=\/wp\/v2\/posts\/25087"}],"collection":[{"href":"https:\/\/akdenizolaygazetesi.com\/index.php?rest_route=\/wp\/v2\/posts"}],"about":[{"href":"https:\/\/akdenizolaygazetesi.com\/index.php?rest_route=\/wp\/v2\/types\/post"}],"author":[{"embeddable":true,"href":"https:\/\/akdenizolaygazetesi.com\/index.php?rest_route=\/wp\/v2\/users\/2"}],"replies":[{"embeddable":true,"href":"https:\/\/akdenizolaygazetesi.com\/index.php?rest_route=%2Fwp%2Fv2%2Fcomments&post=25087"}],"version-history":[{"count":1,"href":"https:\/\/akdenizolaygazetesi.com\/index.php?rest_route=\/wp\/v2\/posts\/25087\/revisions"}],"predecessor-version":[{"id":25089,"href":"https:\/\/akdenizolaygazetesi.com\/index.php?rest_route=\/wp\/v2\/posts\/25087\/revisions\/25089"}],"wp:featuredmedia":[{"embeddable":true,"href":"https:\/\/akdenizolaygazetesi.com\/index.php?rest_route=\/wp\/v2\/media\/25088"}],"wp:attachment":[{"href":"https:\/\/akdenizolaygazetesi.com\/index.php?rest_route=%2Fwp%2Fv2%2Fmedia&parent=25087"}],"wp:term":[{"taxonomy":"category","embeddable":true,"href":"https:\/\/akdenizolaygazetesi.com\/index.php?rest_route=%2Fwp%2Fv2%2Fcategories&post=25087"},{"taxonomy":"post_tag","embeddable":true,"href":"https:\/\/akdenizolaygazetesi.com\/index.php?rest_route=%2Fwp%2Fv2%2Ftags&post=25087"}],"curies":[{"name":"wp","href":"https:\/\/api.w.org\/{rel}","templated":true}]}}