{"id":25093,"date":"2023-04-07T16:12:51","date_gmt":"2023-04-07T13:12:51","guid":{"rendered":"http:\/\/akdenizolaygazetesi.com\/?p=25093"},"modified":"2023-04-07T16:12:51","modified_gmt":"2023-04-07T13:12:51","slug":"baskan-gultak-2022-yili-faaliyet-raporu-ve-gelir-gider-dengesine-yonelik-elestirilere-cevap-verdi","status":"publish","type":"post","link":"https:\/\/akdenizolaygazetesi.com\/?p=25093","title":{"rendered":"Ba\u015fkan G\u00fcltak, 2022 Y\u0131l\u0131 Faaliyet Raporu ve gelir-gider dengesine y\u00f6nelik ele\u015ftirilere cevap verdi"},"content":{"rendered":"<p>Akdeniz Belediye Meclisi, Nisan ay\u0131 ikinci birle\u015fimini M. Mustafa G\u00fcltak Ba\u015fkanl\u0131\u011f\u0131\u2019nda konferans salonunda ger\u00e7ekle\u015ftirdi. Meclis\u2019te, Ba\u015fkanl\u0131k Makam\u0131n\u0131n 2022 Mali Y\u0131l\u0131 Faaliyet Raporu oy\u00e7oklu\u011fuyla kabul edildi. HDP ve CHP\u2019li Meclis \u00fcyelerinin; belediyenin b\u00fct\u00e7esi, gelir-gider dengesi ve \u00f6z kaynaklar\u0131 hakk\u0131ndaki yorum ve ele\u015ftirilerine yan\u0131t veren Ba\u015fkan G\u00fcltak; \u201cVergi tahsilatlar\u0131m\u0131z y\u00fczde 60 oran\u0131nda artt\u0131. Fakat \u00f6z kaynaklara gelince, niye \u00fczerinize al\u0131nm\u0131yorsunuz? Neden \u00f6z kaynak yaratmad\u0131n\u0131z, neden bor\u00e7 b\u0131rakt\u0131n\u0131z? Belediyenin t\u00fcm arsalar\u0131n\u0131, mal\u0131n\u0131, m\u00fclk\u00fcn\u00fc satm\u0131\u015fs\u0131n\u0131z. Bize bor\u00e7 b\u0131rakm\u0131\u015fs\u0131n\u0131z ama bug\u00fcn gelip hesap soruyorsunuz\u201d dedi.<br \/>\nYoklama, \u0130stiklal Mar\u015f\u0131 ve \u00f6nceki birle\u015fim tutanak \u00f6zetinin kabul\u00fcyle ba\u015flayan Akdeniz Belediyesi Meclis toplant\u0131s\u0131; Ba\u015fkanl\u0131k Makam\u0131n\u0131n 2019 yerel se\u00e7imlerinin \u00fczerinden ge\u00e7en 4 y\u0131lda hayata katt\u0131\u011f\u0131, Akdeniz\u2019i de\u011fi\u015ftirip d\u00f6n\u00fc\u015ft\u00fcren hizmetler, proje ve yat\u0131r\u0131mlar\u0131 tan\u0131tan filmin g\u00f6sterimi ile s\u00fcrd\u00fc. Ge\u00e7en 4 y\u0131l\u0131 dolu dolu ge\u00e7irdiklerini s\u00f6yleyen Ba\u015fkan G\u00fcltak, \u201cAkdeniz\u2019in kazand\u0131\u011f\u0131n\u0131 g\u00f6r\u00fcyoruz. \u00c7ay Mahallesi sakinlerinin kat\u0131l\u0131m\u0131yla d\u00fcn yine TOK\u0130 evleri i\u00e7in kura \u00e7ekimi vard\u0131.<br \/>\nHep birlikte, \u00e7al\u0131\u015fanlar\u0131m\u0131zla, Meclis \u00fcyelerimizle, projeye destek veren herkesle birlikte bu d\u00f6nemin \u00e7al\u0131\u015fanlar\u0131, \u00c7ay Mahallesi\u2019nde kentsel d\u00f6n\u00fc\u015f\u00fcm\u00fc hayata ge\u00e7irerek, Mersin\u2019in siyasi tarihine imza atm\u0131\u015flard\u0131r. Kim ne derse desin! Hem \u00c7ay hem de Bar\u0131\u015f\u2019ta, y\u0131llard\u0131r yap\u0131lmayan kentsel d\u00f6n\u00fc\u015f\u00fcm projelerini hayata ge\u00e7irerek bu d\u00f6nem buna destek veren arkada\u015flar\u0131n, \u00e7ocuklar\u0131 ve torunlar\u0131na anlatacaklar\u0131 bir hik\u00e2yeleri var art\u0131k. Bu i\u015f \u00f6yle basit bir i\u015f de\u011fil. Deprem de bizlere bu i\u015fin ne kadar \u00f6nemli oldu\u011funu ortaya koydu. \u0130n\u015fallah 2024\u2019ten sonra da \u015fu an projeleri haz\u0131rlanm\u0131\u015f, se\u00e7im sonras\u0131n\u0131 bekleyen 5 tane daha kentsel d\u00f6n\u00fc\u015f\u00fcm projemiz mevcut\u201d dedi.<br \/>\n\u201cS\u0131rada \u00c7ankaya \u0130lk\u00f6\u011fretim Okulu var\u201d<br \/>\nHuzuru, bar\u0131\u015f\u0131 ve karde\u015fli\u011fi yeniden tesis ettikleri Akdeniz\u2019de; k\u00fclt\u00fcrel, sanatsal ve sportif faaliyetleri desteklediklerinin; kad\u0131nlara, gen\u00e7lere ve \u00e7ocuklara \u00f6nem verdiklerinin alt\u0131n\u0131 \u00e7izen Ba\u015fkan G\u00fcltak; \u201cD\u00f6nemimizde Eski Muhakemat Binas\u0131, \u0130z B\u0131rakanlar M\u00fczesi ve birka\u00e7 bina daha hayat buldu, gelece\u011fe yeniden kazand\u0131r\u0131ld\u0131. B\u00fct\u00fcn bunlar hep k\u00fclt\u00fcrd\u00fc, sanatt\u0131. Yak\u0131n tarihte de Valili\u011fimizle birlikte \u00c7ankaya \u0130lk\u00f6\u011fretim Okulu\u2019na da ba\u015fl\u0131yoruz. Benim de mezun oldu\u011fum, 17 y\u0131ld\u0131r kimsenin g\u00f6rmedi\u011fi tarihi okulumuz i\u00e7in yenileme projemiz de yak\u0131nda hayata ge\u00e7ecek\u201d diye konu\u015ftu.<br \/>\nFaaliyet Raporu oy\u00e7oklu\u011fu ile kabul edildi<br \/>\nBa\u015fkan G\u00fcltak, ard\u0131ndan yasa gere\u011fi Ba\u015fkanl\u0131k Makam\u0131n\u0131n 2022 Mali Y\u0131l\u0131 Faaliyet Raporu\u2019nun okunup tart\u0131\u015f\u0131lmas\u0131 i\u00e7in makam\u0131n\u0131, ge\u00e7ici olarak vek\u00e2leten Meclis \u00fcyesi Bedriye Ku\u015f\u2019a b\u0131rakt\u0131. Bu b\u00f6l\u00fcmde de muhalif Meclis \u00fcyeleri, Ba\u015fkanl\u0131k Faaliyet Raporu hakk\u0131nda s\u00f6z alarak ele\u015ftirilerini, \u00f6neri ve taleplerini dile getirdi. Sonras\u0131nda rapor Meclis\u2019in onay\u0131na sunuldu ve oy\u00e7oklu\u011fu ile kabul edildi.<br \/>\nAkdeniz Belediye Ba\u015fkanl\u0131\u011f\u0131 2022 Mali Y\u0131l\u0131 Faaliyet Raporu\u2019nun kabul edilmesi nedeniyle Meclis \u00fcyelerine te\u015fekk\u00fcr eden Ba\u015fkan Mustafa G\u00fcltak, dile getirilen ele\u015ftiri ve \u00f6nerilere de tek tek yan\u0131t verdi. \u201cYap\u0131lan ele\u015ftirilerin, verilen bilgiler noktas\u0131nda da uyu\u015fmas\u0131 gerekir\u201d diyen Ba\u015fkan G\u00fcltak, \u201cEt\u00fct ve projelere fazla para aktard\u0131\u011f\u0131m\u0131z s\u00f6ylendi. Te\u015fekk\u00fcr ediyorum, 2 milyon liray\u0131 bulmu\u015f, daha \u00f6nce daha azm\u0131\u015f. Bu da ne kadar \u00e7ok i\u015f yapt\u0131\u011f\u0131m\u0131z\u0131 g\u00f6steriyor. Siz et\u00fct projelerine ne kadar para aktar\u0131rsan\u0131z, bu, o belediyenin ne kadar \u00e7ok proje ve i\u015f \u00fcretti\u011fini g\u00f6sterir\u201d \u015feklinde konu\u015ftu.<br \/>\n\u201c\u00d6z kaynaklar\u0131n hepsini satm\u0131\u015f, belediyeyi bitirmi\u015fsiniz\u201d<br \/>\nBelediyenin \u00f6z kaynaklar\u0131n\u0131 kullanmad\u0131\u011f\u0131na ili\u015fkin ele\u015ftiriye de Ba\u015fkan G\u00fcltak; \u201c2021 y\u0131l\u0131 vergi 106 milyon 736 bin TL; tahakkuk, 71 milyon TL tahsilat\u2026 2022 y\u0131l\u0131 157 milyon tahakkuk; tahsilat ise 112 milyon 885 TL. Yani vergi toplamada y\u00fczde 60 art\u0131\u015f olmu\u015f. Vergi toplamayan bir belediye de\u011filiz, tahsilatlar\u0131m\u0131z artm\u0131\u015f. \u00d6z kaynaklara gelince; petrol vard\u0131 da biz mi i\u00e7tik? Niye kendi \u00fczerinize al\u0131nm\u0131yorsunuz?<br \/>\nNeden \u00f6z kaynak yaratmad\u0131n\u0131z, bor\u00e7 b\u0131rakt\u0131n\u0131z? Her \u015feyi, t\u00fcm arsalar\u0131, mali m\u00fclk\u00fc satm\u0131\u015fs\u0131n\u0131z. Do\u011fru d\u00fcr\u00fcst bir i\u015f de yapmam\u0131\u015fs\u0131n\u0131z. Bize bor\u00e7 b\u0131rakm\u0131\u015fs\u0131n\u0131z ama bug\u00fcn gelip bize hesap soruyorsunuz. Bu ne perhiz, bu ne lahana tur\u015fusu? Siz bir kere \u00f6z kaynak ne b\u0131rakt\u0131n\u0131z belediyeye? Mesela kira geliri olan ne kadar d\u00fckk\u00e2n b\u0131rakt\u0131n\u0131z? \u0130mar\u0131n\u0131 de\u011fi\u015ftirdi\u011finiz ne kadar arazi b\u0131rakt\u0131n\u0131z? \u00d6z kaynaklar\u0131n anas\u0131n\u0131 a\u011flatm\u0131\u015fs\u0131n\u0131z, bitirmi\u015fsiniz, her \u015feyi satm\u0131\u015fs\u0131n\u0131z\u201d s\u00f6zleriyle tepki g\u00f6sterdi.<br \/>\n\u201c\u0130mar\u0131 getirerek 20 y\u0131l sonra Akdeniz\u2019in \u00f6n\u00fcn\u00fc a\u00e7t\u0131k\u201d<br \/>\nBa\u015fkan G\u00fcltak, yeni imar yasas\u0131yla birlikte Akdeniz Belediyesi\u2019nin gelirlerinin artaca\u011f\u0131n\u0131 da kaydederek, \u201cOrada da bizim eme\u011fimiz \u00e7ok. Yirmi y\u0131ld\u0131r bu \u015fehre gelmeye imar\u0131 getirerek Akdeniz\u2019in \u00f6n\u00fcn\u00fc a\u00e7t\u0131k. \u015eu an binlikleri yapma a\u015famas\u0131na geldik. Yapt\u0131\u011f\u0131m\u0131z zaman Hal\u2019den, Nacarl\u0131\u2019ya kadar binlerce d\u00f6n\u00fcm arazi imara a\u00e7\u0131l\u0131yor, lojistik ve sanayi alanlar\u0131 olacak. B\u00f6ylece buralardan imar gelirlerimiz olacak. Art\u0131, Akdeniz Belediyesi\u2019nin arazileri olacak. Onlar da \u00f6z kayna\u011f\u0131n i\u00e7ine d\u00e2hil olacak\u201d \u015feklinde konu\u015ftu.<br \/>\nBor\u00e7 ve ihalelere y\u00f6nelik ele\u015ftirilere yan\u0131t<br \/>\nBor\u00e7 art\u0131\u015f\u0131 ve ihalelere y\u00f6nelik ele\u015ftirilere de yan\u0131t verdi\u011fi konu\u015fmas\u0131nda Ba\u015fkan G\u00fcltak, \u201cEvet, TL baz\u0131nda bakt\u0131\u011f\u0131n\u0131zda bor\u00e7 artm\u0131\u015f ama \u015f\u00f6yle bakal\u0131m; 2019 y\u0131l\u0131nda 129 milyon TL b\u00fct\u00e7e; 212 milyon TL de bor\u00e7 vard\u0131. Yani b\u00fct\u00e7enin neredeyse 2 kat\u0131 bor\u00e7 vard\u0131. Bug\u00fcn ise TL baz\u0131nda artan borcu b\u00fct\u00e7eye vurdu\u011fumuzda komik bir durumda; yani gelirimiz fazla, borcumuz azalm\u0131\u015f asl\u0131nda. 212 milyon bor\u00e7 280 milyona \u00e7\u0131kt\u0131 diyorsunuz.<br \/>\nDo\u011fru, itiraz etmiyoruz. Peki, b\u00fct\u00e7emiz, gelirimiz \u015fimdi nerede? 770 milyon TL seviyelerinde\u201d diye konu\u015ftu. Ba\u015fkan G\u00fcltak; ihaleleri en \u015feffaf \u015fekilde yerine getiren belediyelerden biri olduklar\u0131n\u0131n da alt\u0131n\u0131 \u00e7izerek; \u201cDo\u011frudan temin s\u0131n\u0131rlar\u0131n\u0131 b\u0131rak\u0131n a\u015fmay\u0131, neredeyse kullanmam\u0131\u015f\u0131z. 47 milyon TL do\u011frudan temin hakk\u0131m\u0131z varken, biz 12-13 milyonda kalm\u0131\u015f\u0131z. B\u00fcy\u00fck ihalelerimizi de e-ihale yapm\u0131\u015f\u0131z, \u015feffaf bir belediyecilik g\u00f6stermi\u015fiz. Bizim b\u00fct\u00fcn ihalelerimiz a\u00e7\u0131k ve \u015feffaft\u0131r, kamuoyunun g\u00f6zleri \u00f6n\u00fcndedir\u201d dedi.<br \/>\n\u201cKentsel d\u00f6n\u00fc\u015f\u00fcmde en zoru biz ba\u015fard\u0131k, vatanda\u015f\u0131 ikna ettik\u201d<br \/>\nBa\u015fkan G\u00fcltak, yerinde kentsel d\u00f6n\u00fc\u015f\u00fcm projelerinin \u00c7ay ve Bar\u0131\u015f mahallelerinde ger\u00e7ekle\u015fmesinde de b\u00fcy\u00fck emekleri oldu\u011funun alt\u0131n\u0131 \u00e7izerek \u015f\u00f6yle konu\u015ftu; \u201cKentsel d\u00f6n\u00fc\u015f\u00fcm\u00fcn olabilmesi i\u00e7in o b\u00f6lgede ya\u015fayan insanlar\u0131n ikna edilmesi laz\u0131m. Bu iknay\u0131 biz yap\u0131yoruz. Yani siz insanlar\u0131 ikna etmeden, istedi\u011finiz kadar para ay\u0131r\u0131n, proje haz\u0131rlay\u0131n kentsel d\u00f6n\u00fc\u015f\u00fcm\u00fc yapamazs\u0131n\u0131z. Bu i\u015fin en zor aya\u011f\u0131; y\u00fcz birim \u00fczerinden y\u00fczde 90\u2019\u0131 ikna! Gerisi y\u00fczde 10\u2019u&#8230;<br \/>\n\u0130n\u015faat yapmak kolay, ihaleye \u00e7\u0131kars\u0131n, X ki\u015fi al\u0131r, paray\u0131 koyars\u0131n, 12 in\u015faat var. Bir, 1 bu\u00e7uk y\u0131lda bitirirsin. En zor i\u015f iknad\u0131r. Kar\u015f\u0131m\u0131za insanlar\u0131 ald\u0131k, ya\u015fl\u0131s\u0131 var, genci var. Her \u015feye ra\u011fmen insanlar\u0131 y\u00fczde 94 oran\u0131nda ikna ettik. Bunu nereye koyacaks\u0131n\u0131z? Bu ikna nas\u0131l oluyor musunuz? G\u00fcvenmedi\u011finiz kimseye mal\u0131n\u0131z\u0131 vermezsiniz. Siz ne derseniz deyin, demek ki insanlar bize g\u00fcveniyor. Bu bir gururdur, \u015fereftir ve ba\u015far\u0131d\u0131r. \u0130kna olmadan kentsel d\u00f6n\u00fc\u015f\u00fcm de olmaz. Aksi halde kavga \u00e7\u0131kar, polis gelir\u2026<br \/>\nSiz Bar\u0131\u015f Mahallesi\u2019nde 1 tane polis g\u00f6rd\u00fcn\u00fcz m\u00fc, bir olay duydunuz mu? Belediyemize gelip \u015fik\u00e2yet eden tek bir vatanda\u015f g\u00f6rd\u00fcn\u00fcz m\u00fc? Yok! Niye? \u0130kna olmu\u015flar&#8230; Peki, kim ikna etti? Siz mi, TOK\u0130 mi? Hay\u0131r biz ettik. Yani en zorunu ba\u015fard\u0131k. Sonra projelerin de hepsini biz yapt\u0131k. Y\u0131k\u0131m, ve moloz ta\u015f\u0131may\u0131 biz yapt\u0131k. Mahkeme i\u015flerinin hepsini biz takip ettik. Tapu i\u015flerini biz takip ettik. TOK\u0130 ne yapt\u0131? Haz\u0131rlad\u0131\u011f\u0131m\u0131z projeyi ihaleye \u00e7\u0131kard\u0131, kaynak ay\u0131rd\u0131. Allah raz\u0131 olsun, te\u015fekk\u00fcr ediyoruz.\u201d<br \/>\nAkdeniz Belediye Meclisi\u2019nin bir sonraki toplant\u0131s\u0131, 2 May\u0131s 2023 Sal\u0131 g\u00fcn\u00fc saat 10:00\u2019da yap\u0131lacak.<\/p>\n","protected":false},"excerpt":{"rendered":"<p>Akdeniz Belediye Meclisi, Nisan ay\u0131 ikinci birle\u015fimini M. Mustafa G\u00fcltak Ba\u015fkanl\u0131\u011f\u0131\u2019nda konferans salonunda ger\u00e7ekle\u015ftirdi. Meclis\u2019te, Ba\u015fkanl\u0131k Makam\u0131n\u0131n 2022 Mali Y\u0131l\u0131 Faaliyet Raporu oy\u00e7oklu\u011fuyla kabul edildi. HDP ve CHP\u2019li Meclis \u00fcyelerinin; &hellip; <a href=\"https:\/\/akdenizolaygazetesi.com\/?p=25093\" class=\"more-link\">Devam\u0131n\u0131 Oku&#8230;<\/a><\/p>\n","protected":false},"author":2,"featured_media":25094,"comment_status":"open","ping_status":"open","sticky":false,"template":"","format":"standard","meta":[],"categories":[8,34,2,3,5,6],"tags":[],"_links":{"self":[{"href":"https:\/\/akdenizolaygazetesi.com\/index.php?rest_route=\/wp\/v2\/posts\/25093"}],"collection":[{"href":"https:\/\/akdenizolaygazetesi.com\/index.php?rest_route=\/wp\/v2\/posts"}],"about":[{"href":"https:\/\/akdenizolaygazetesi.com\/index.php?rest_route=\/wp\/v2\/types\/post"}],"author":[{"embeddable":true,"href":"https:\/\/akdenizolaygazetesi.com\/index.php?rest_route=\/wp\/v2\/users\/2"}],"replies":[{"embeddable":true,"href":"https:\/\/akdenizolaygazetesi.com\/index.php?rest_route=%2Fwp%2Fv2%2Fcomments&post=25093"}],"version-history":[{"count":1,"href":"https:\/\/akdenizolaygazetesi.com\/index.php?rest_route=\/wp\/v2\/posts\/25093\/revisions"}],"predecessor-version":[{"id":25095,"href":"https:\/\/akdenizolaygazetesi.com\/index.php?rest_route=\/wp\/v2\/posts\/25093\/revisions\/25095"}],"wp:featuredmedia":[{"embeddable":true,"href":"https:\/\/akdenizolaygazetesi.com\/index.php?rest_route=\/wp\/v2\/media\/25094"}],"wp:attachment":[{"href":"https:\/\/akdenizolaygazetesi.com\/index.php?rest_route=%2Fwp%2Fv2%2Fmedia&parent=25093"}],"wp:term":[{"taxonomy":"category","embeddable":true,"href":"https:\/\/akdenizolaygazetesi.com\/index.php?rest_route=%2Fwp%2Fv2%2Fcategories&post=25093"},{"taxonomy":"post_tag","embeddable":true,"href":"https:\/\/akdenizolaygazetesi.com\/index.php?rest_route=%2Fwp%2Fv2%2Ftags&post=25093"}],"curies":[{"name":"wp","href":"https:\/\/api.w.org\/{rel}","templated":true}]}}