{"id":25099,"date":"2023-04-07T16:16:59","date_gmt":"2023-04-07T13:16:59","guid":{"rendered":"http:\/\/akdenizolaygazetesi.com\/?p=25099"},"modified":"2023-04-07T16:16:59","modified_gmt":"2023-04-07T13:16:59","slug":"cay-mahallesi-toki-konutlari-icin-ikinci-kura-cekimi-yapildi","status":"publish","type":"post","link":"https:\/\/akdenizolaygazetesi.com\/?p=25099","title":{"rendered":"\u00c7AY MAHALLES\u0130 TOK\u0130 KONUTLARI \u0130\u00c7\u0130N \u0130K\u0130NC\u0130 KURA \u00c7EK\u0130M\u0130 YAPILDI"},"content":{"rendered":"<p>\u00c7ay Mahallesi\u2019nde, TOK\u0130 taraf\u0131ndan tamamlanan konutlar\u0131n hak sahibi vatanda\u015flara teslimi i\u00e7in 2\u2019nci kura \u00e7ekimi t\u00f6renle ger\u00e7ekle\u015fti. Noter huzurunda yap\u0131lan \u00e7ekili\u015fe Akdeniz Belediye Ba\u015fkan\u0131 Mustafa G\u00fcltak da kat\u0131larak vatanda\u015flar\u0131n heyecan\u0131na ortak oldu. Kuralar sonucu 67 konut ile 11 ticarethane daha hak sahiplerine teslim edildi.<\/p>\n<p>Konferans salonunda ger\u00e7ekle\u015fen t\u00f6rene, Akdeniz Belediye Ba\u015fkan\u0131 Mustafa G\u00fcltak\u2019\u0131n yan\u0131 s\u0131ra Ba\u015fkan Yard\u0131mc\u0131lar\u0131, Meclis \u00fcyeleri, birim m\u00fcd\u00fcrleri ile \u00c7ay Mahallesi\u2019nde ya\u015fayan ve yeni y\u00fckselen konutlarda hak sahibi olan vatanda\u015flar kat\u0131ld\u0131. T\u00f6rende konu\u015fma yapan Ba\u015fkan G\u00fcltak, bir s\u00fcre \u00f6nce ger\u00e7ekle\u015fen ilk kura \u00e7ekimi ve sonras\u0131nda yap\u0131lan anahtar tesliminden sonra \u00c7ay Mahallesi\u2019nde bir\u00e7ok ailenin, modern, g\u00fcvenli, do\u011falgazl\u0131, otopark\u0131, ye\u015fil alan\u0131 ve \u00e7ocuk oyun gruplar\u0131 mevcut, altyap\u0131s\u0131yla da eksiksiz olan konutlara yerle\u015fti\u011fini hat\u0131rlatt\u0131.<\/p>\n<p>\u201cBirileri kafan\u0131z\u0131 kar\u0131\u015ft\u0131rmaya \u00e7al\u0131\u015ft\u0131\u201d<\/p>\n<p>\u201cT\u00fcm vatanda\u015flar\u0131m\u0131z b\u00f6ylesi g\u00fczel, modern ve g\u00fcvenli evlerinde huzur i\u00e7inde ya\u015famaya lay\u0131kt\u0131r\u201d diyen Ba\u015fkan G\u00fcltak; \u201cG\u00f6reve geldi\u011fimiz 4 y\u0131l \u00f6nce, \u00c7ay Mahallesi yerinde kentsel d\u00f6n\u00fc\u015f\u00fcm projemizi hayata ge\u00e7irece\u011fimizi anlatt\u0131\u011f\u0131m\u0131zda birileri projeyi engellemek ve vatanda\u015flar\u0131m\u0131z\u0131n kafan\u0131z\u0131 kar\u0131\u015ft\u0131rmak istedi. Ama bug\u00fcn geldi\u011fimiz nokta a\u00e7\u0131kt\u0131r. \u0130\u015fte bug\u00fcn bu yeni evlerimizin kura \u00e7ekimini, sonras\u0131nda da anahtar teslimini birlikte yap\u0131yoruz\u201d dedi.<\/p>\n<p>\u201c\u0130nsanlar\u0131m\u0131z art\u0131k \u0131srarla kentsel d\u00f6n\u00fc\u015f\u00fcm\u00fc talep ediyor\u201d<\/p>\n<p>T\u00fcrkiye\u2019nin, 6 \u015eubat\u2019ta d\u00fcnyan\u0131n en y\u0131k\u0131c\u0131 deprem felaketini ya\u015fad\u0131\u011f\u0131n\u0131 hat\u0131rlatt\u0131\u011f\u0131 konu\u015fmas\u0131nda Ba\u015fkan G\u00fcltak, s\u00f6zlerini \u015f\u00f6yle s\u00fcrd\u00fcrd\u00fc; \u201cHepimizin can\u0131 yand\u0131, insanlar\u0131m\u0131z\u0131, akrabalar\u0131m\u0131z\u0131 kaybettik. Tabi bu tarihten sonra, bizim yapt\u0131\u011f\u0131m\u0131z bu i\u015fin ne kadar de\u011ferli ve \u00f6nemli oldu\u011fu bir kez daha ortaya \u00e7\u0131kt\u0131. \u0130nsanlar\u0131m\u0131z art\u0131k kentsel d\u00f6n\u00fc\u015f\u00fcm\u00fc \u0131srarla ve bir an \u00f6nce talep ediyor. Neden? \u00c7\u00fcnk\u00fc eski evlerinin g\u00fcvenli olmad\u0131\u011f\u0131n\u0131, adeta bir tabuta d\u00f6n\u00fc\u015febilece\u011fini vatanda\u015flar\u0131m\u0131z da art\u0131k biliyor.<\/p>\n<p>\u201cDeprem de\u011fil, \u00e7\u00fcr\u00fck binalar \u00f6ld\u00fcr\u00fcyor\u201d<\/p>\n<p>Ba\u015fkan G\u00fcltak; Adana &#8211; Ceyhan veya K\u0131br\u0131s\u2019tan ge\u00e7en fay hatt\u0131nda ya\u015fanacak y\u00fcksek bir depremin Mersin\u2019i de \u00e7ok etkileyece\u011fini kaydederek \u201cEvlerimiz plans\u0131z, projesiz. Sokaklar\u0131m\u0131z dar ve \u00e7arp\u0131k. \u0130nsanlar\u0131m\u0131z park istiyor, yapacak bo\u015f arazi bulam\u0131yoruz. Hani kuzey-g\u00fcney akslar\u0131, hani \u015fehir r\u00fczg\u00e2r\u0131 nas\u0131l alacak verecek? Kimse kimseyi kand\u0131rmas\u0131n! Bu i\u015fin tek \u00e7\u00f6z\u00fcm\u00fc kentsel d\u00f6n\u00fc\u015f\u00fcmd\u00fcr. Deprem de\u011fil, \u00e7\u00fcr\u00fck binalar \u00f6ld\u00fcr\u00fcyor! Binay\u0131 e\u011fer ka\u00e7ak yapt\u0131ysan\u0131z, stati\u011fini, demirini, betonunu, zeminini dikkate almadan yapt\u0131ysan\u0131z o bina \u00f6ld\u00fcr\u00fcr. Maalesef anam-babam usul\u00fc yapm\u0131\u015f\u0131z ve bu durum uzun s\u00fcre ya\u015fanm\u0131\u015f. Bu binalar\u0131n hepsi asl\u0131nda birer tabut\u201d ifadelerini kulland\u0131.<\/p>\n<p>Ba\u015fkan G\u00fcltak, \u00c7evre \u015eehircilik ve \u0130klim De\u011fi\u015fikli\u011fi Bakanl\u0131\u011f\u0131 ile yapt\u0131klar\u0131 g\u00f6r\u00fc\u015fmeler sonucu 5 mahallede daha yerinde kentsel d\u00f6n\u00fc\u015f\u00fcm projelerinin haz\u0131r oldu\u011funun alt\u0131n\u0131 \u00e7izdi. Bar\u0131\u015f Mahallesi\u2019nde de \u00f6n\u00fcm\u00fczdeki aylarda t\u00fcm konutlar\u0131n bitirilip hak sahiplerine teslim edilece\u011fini s\u00f6zlerine ekledi.<\/p>\n<p>\u0130lk 2 dairenin kuras\u0131n\u0131 Ba\u015fkan G\u00fcltak \u00e7ekti<\/p>\n<p>Konu\u015fmas\u0131ndan sonra Ba\u015fkan G\u00fcltak, TOK\u0130 konutlar\u0131 2\u2019nci kura \u00e7ekimi i\u00e7in haz\u0131rlanan isim listeleri aras\u0131ndan 2 \u00e7ekili\u015f yaparak, kuradan isimleri \u00e7\u0131kan \u00c7ay Mahallesi sakini vatanda\u015flara yeni evlerini teslim etti, hay\u0131rl\u0131 olmas\u0131n\u0131 diledi.<\/p>\n<p>\u00d6te yandan; ge\u00e7en y\u0131l Ekim ay\u0131nda, yine TOK\u0130 yetkililerinin kat\u0131l\u0131m\u0131 ve Noter huzurunda yap\u0131lan kura \u00e7ekimi yap\u0131lm\u0131\u015f, 10 Mart\u2019ta da 14 adet 3+1 oturumlu daire; 14 adet 2+1 oturumlu daire ile 12 i\u015fyerinin hak sahiplerine anahtar teslimi yap\u0131lm\u0131\u015ft\u0131. Kura \u00e7ekimi ve anahtar tesliminden sonra bir\u00e7ok vatanda\u015f, \u00c7ay Mahallesi\u2019nde y\u00fckselen yeni ve modern evlerine ta\u015f\u0131nm\u0131\u015ft\u0131.<\/p>\n","protected":false},"excerpt":{"rendered":"<p>\u00c7ay Mahallesi\u2019nde, TOK\u0130 taraf\u0131ndan tamamlanan konutlar\u0131n hak sahibi vatanda\u015flara teslimi i\u00e7in 2\u2019nci kura \u00e7ekimi t\u00f6renle ger\u00e7ekle\u015fti. Noter huzurunda yap\u0131lan \u00e7ekili\u015fe Akdeniz Belediye Ba\u015fkan\u0131 Mustafa G\u00fcltak da kat\u0131larak vatanda\u015flar\u0131n heyecan\u0131na ortak &hellip; <a href=\"https:\/\/akdenizolaygazetesi.com\/?p=25099\" class=\"more-link\">Devam\u0131n\u0131 Oku&#8230;<\/a><\/p>\n","protected":false},"author":2,"featured_media":25100,"comment_status":"open","ping_status":"open","sticky":false,"template":"","format":"standard","meta":[],"categories":[34,1,2,3],"tags":[],"_links":{"self":[{"href":"https:\/\/akdenizolaygazetesi.com\/index.php?rest_route=\/wp\/v2\/posts\/25099"}],"collection":[{"href":"https:\/\/akdenizolaygazetesi.com\/index.php?rest_route=\/wp\/v2\/posts"}],"about":[{"href":"https:\/\/akdenizolaygazetesi.com\/index.php?rest_route=\/wp\/v2\/types\/post"}],"author":[{"embeddable":true,"href":"https:\/\/akdenizolaygazetesi.com\/index.php?rest_route=\/wp\/v2\/users\/2"}],"replies":[{"embeddable":true,"href":"https:\/\/akdenizolaygazetesi.com\/index.php?rest_route=%2Fwp%2Fv2%2Fcomments&post=25099"}],"version-history":[{"count":1,"href":"https:\/\/akdenizolaygazetesi.com\/index.php?rest_route=\/wp\/v2\/posts\/25099\/revisions"}],"predecessor-version":[{"id":25101,"href":"https:\/\/akdenizolaygazetesi.com\/index.php?rest_route=\/wp\/v2\/posts\/25099\/revisions\/25101"}],"wp:featuredmedia":[{"embeddable":true,"href":"https:\/\/akdenizolaygazetesi.com\/index.php?rest_route=\/wp\/v2\/media\/25100"}],"wp:attachment":[{"href":"https:\/\/akdenizolaygazetesi.com\/index.php?rest_route=%2Fwp%2Fv2%2Fmedia&parent=25099"}],"wp:term":[{"taxonomy":"category","embeddable":true,"href":"https:\/\/akdenizolaygazetesi.com\/index.php?rest_route=%2Fwp%2Fv2%2Fcategories&post=25099"},{"taxonomy":"post_tag","embeddable":true,"href":"https:\/\/akdenizolaygazetesi.com\/index.php?rest_route=%2Fwp%2Fv2%2Ftags&post=25099"}],"curies":[{"name":"wp","href":"https:\/\/api.w.org\/{rel}","templated":true}]}}