{"id":25105,"date":"2023-04-08T17:45:48","date_gmt":"2023-04-08T14:45:48","guid":{"rendered":"http:\/\/akdenizolaygazetesi.com\/?p=25105"},"modified":"2023-04-08T17:45:48","modified_gmt":"2023-04-08T14:45:48","slug":"buyuksehirin-giz-ile-yuruttugu-gida-guvenligi-icin-yerel-tarimsal-uretim-tesviki-projesi-ureticinin-yuzunu-gulduruyor","status":"publish","type":"post","link":"https:\/\/akdenizolaygazetesi.com\/?p=25105","title":{"rendered":"B\u00dcY\u00dcK\u015eEH\u0130R&#8217;\u0130N GIZ \u0130LE Y\u00dcR\u00dcTT\u00dc\u011e\u00dc &#8216;GIDA G\u00dcVENL\u0130\u011e\u0130 \u0130\u00c7\u0130N YEREL TARIMSAL \u00dcRET\u0130M TE\u015eV\u0130K\u0130 PROJES\u0130&#8217; \u00dcRET\u0130C\u0130N\u0130N Y\u00dcZ\u00dcN\u00dc G\u00dcLD\u00dcR\u00dcYOR"},"content":{"rendered":"<p>Mersin B\u00fcy\u00fck\u015fehir Belediyesi Tar\u0131msal Hizmetler Dairesi Ba\u015fkanl\u0131\u011f\u0131&#8217;n\u0131n Alman Uluslararas\u0131 \u0130\u015fbirli\u011fi Kurumu (GIZ) ile y\u00fcr\u00fctt\u00fc\u011f\u00fc ve &#8216;Yerli Yerinde&#8217; slogan\u0131 ile ger\u00e7ekle\u015ftirdi\u011fi &#8216;G\u0131da G\u00fcvenli\u011fi \u0130\u00e7in Yerel Tar\u0131msal \u00dcretim Te\u015fviki Projesi&#8217; kapsam\u0131ndaki zeytin fidan\u0131 da\u011f\u0131t\u0131mlar\u0131 devam ediyor. Da\u011f\u0131t\u0131mlar kapsam\u0131nda Toroslar&#8217;da 47 mahallede 350, Mezitli&#8217;de 22 mahallede 68, Yeni\u015fehir&#8217;de ise 26 mahallede 137 \u00fcretici olmak \u00fczere, toplam 555 \u00fcreticiye 11 bin 100 adet zeytin fidan\u0131 deste\u011fi sa\u011fland\u0131. Proje kapsam\u0131nda, Mersin B\u00fcy\u00fck\u015fehir Belediyesi taraf\u0131ndan kent genelinde toplam 2 bin 133 \u00fcreticiye 42 bin 660 adet zeytin fidan\u0131 teslim edilmi\u015f olacak. &#8216;G\u0131da G\u00fcvenli\u011fi \u0130\u00e7in Yerel Tar\u0131msal \u00dcretim Te\u015fviki Projesi&#8217;, \u00fcreticinin y\u00fcz\u00fcn\u00fc g\u00fcld\u00fcrmeye devam edecek.<\/p>\n<p>Proje GIZ ile ortakla\u015fa y\u00fcr\u00fct\u00fcl\u00fcyor<\/p>\n<p>Bu proje kapsam\u0131nda yap\u0131lan bitki besleme-budama e\u011fitimleri ile zeytin fidan\u0131 da\u011f\u0131t\u0131mlar\u0131, Alman Uluslararas\u0131 \u0130\u015fbirli\u011fi Te\u015fkilat\u0131&#8217;ndan (GIZ) al\u0131nan fon ile Mersin B\u00fcy\u00fck\u015fehir Belediyesi D\u0131\u015f \u0130li\u015fkiler ve Projeler \u015eube M\u00fcd\u00fcrl\u00fc\u011f\u00fc ile Tar\u0131msal Hizmetler Dairesi Ba\u015fkanl\u0131\u011f\u0131 taraf\u0131ndan ortak y\u00fcr\u00fct\u00fclen &#8216;G\u0131da G\u00fcvenli\u011fi \u0130\u00e7in Yerel Tar\u0131msal \u00dcretimin Te\u015fviki Projesi&#8217; kapsam\u0131nda hayata ge\u00e7irildi. Proje kapsam\u0131nda; tarladan sofraya \u00fcretim sa\u011flayan toplam 75 \u00e7ift\u00e7iye, 25&#8217;er ki\u015filik 3 grup olacak \u015fekilde 4 g\u00fcnl\u00fck e\u011fitim deste\u011fi sa\u011fland\u0131. Proje ile \u00e7ift\u00e7ilere uygulamal\u0131 e\u011fitim s\u0131ras\u0131nda kullanacaklar\u0131 malzemelerin yan\u0131 s\u0131ra, her \u00e7ift\u00e7i grubuna e\u011fitim sonunda Kat\u0131l\u0131m Belgeleri teslim edildi.<\/p>\n<p>\u015eahuto\u011flu: &#8220;Katma de\u011feri y\u00fcksek ve meyvesi k\u0131ymetli fidanlar\u0131 da\u011f\u0131t\u0131yoruz&#8221;<\/p>\n<p>Toroslar \u0130l\u00e7esi Buluklu Mahallesi&#8217;nde yap\u0131lan t\u00f6rende konu\u015fan Mersin B\u00fcy\u00fck\u015fehir Belediyesi Tar\u0131msal Hizmetler Dairesi Ba\u015fkan\u0131 Sel\u00e7uk \u015eahuto\u011flu, &#8220;Mezitli, Yeni\u015fehir ve Toroslar il\u00e7elerinde, 555 \u00fcreticimize toplamda 11 bin 100 adet zeytin fidan\u0131n\u0131 teslim ettik. Bu proje kapsam\u0131nda \u00fcreticilere ve kurum kapasitelerini geli\u015ftirmek ad\u0131na kooperatiflere e\u011fitimler verdik. Zeytin fidanlar\u0131n\u0131, 13 il\u00e7emizin tamam\u0131nda 185&#8217;i arayan ve bize dilek\u00e7e ile ba\u015fvuran \u00fcreticilerimizin hepsine verece\u011fiz. Mersin B\u00fcy\u00fck\u015fehir Belediyesi olarak, tar\u0131msal sorunlar\u0131n hepsinin fark\u0131nday\u0131z ve \u00e7ift\u00e7imizin yan\u0131nda olmaya gayret g\u00f6steriyoruz&#8221; dedi.<\/p>\n<p>\u00dcretime destek olmak amac\u0131yla katma de\u011feri y\u00fcksek ve meyvesi k\u0131ymetli fidanlar\u0131 da\u011f\u0131tmaya devam ettiklerini de kaydeden \u015eahuto\u011flu, &#8220;Bug\u00fcn \u00fcreticimizi zeytin ile bulu\u015fturuyoruz,  ama avokado, al\u0131\u00e7, ceviz, badem fidan\u0131 da\u011f\u0131t\u0131mlar\u0131m\u0131z da devam ediyor. \u00dcreticilerin \u00fcrettikleri \u00fcr\u00fcnlerin katma de\u011fer sa\u011flamas\u0131 a\u00e7\u0131s\u0131ndan, \u00fcr\u00fcnlerin alet ekipmanlar\u0131n\u0131 da kooperatiflerimiz arac\u0131l\u0131\u011f\u0131yla da\u011f\u0131t\u0131yoruz. B\u00f6ylece hem \u00fcreticilerin i\u015f g\u00fcc\u00fcn\u00fc azalt\u0131yor, hem de kaliteli \u00fcr\u00fcnlerin eder fiyat\u0131na sat\u0131larak \u00fcreticilerin kayb\u0131n\u0131 \u00f6nl\u00fcyoruz. 2023 y\u0131l\u0131nda da \u00fcreticimizin yan\u0131nda olmaya devam edece\u011fiz&#8221; diye konu\u015ftu.<\/p>\n<p>Y\u0131lmaz: &#8220;Desteklerin artarak devam edece\u011fine inan\u0131yorum&#8221;<\/p>\n<p>Mersin Ziraat Odas\u0131 Ba\u015fkan\u0131 Musa Y\u0131lmaz, &#8220;B\u00fcy\u00fck\u015fehir&#8217;in verdi\u011fi fidan deste\u011fi, ekipman deste\u011fi, canl\u0131 hayvan deste\u011fi, bunlar\u0131 saymakla bitiremeyiz. \u0130n\u015fallah bu destekler artarak devam edecek. Hepinizin ad\u0131na, B\u00fcy\u00fck\u015fehir Belediye Ba\u015fkan\u0131m\u0131za te\u015fekk\u00fcr ediyorum&#8221; ifadelerini kulland\u0131.  <\/p>\n<p>Toroslar \u0130l\u00e7esi Buluklu Mahalle Muhtar\u0131 Veli Dere, &#8220;Say\u0131n Ba\u015fkan\u0131m Vahap Se\u00e7er&#8217;e hizmetlerinden dolay\u0131 te\u015fekk\u00fcr eder, sayg\u0131lar sunar\u0131m&#8221; derken \u00e7ift\u00e7i Sinem K\u0131l\u0131n\u00e7 ise, &#8220;Bu fidanlar\u0131 kendi bah\u00e7elerimize dikip yeti\u015ftirip, \u00e7ocuklar\u0131m\u0131za g\u00fczel bir gelecek b\u0131rakmak istiyoruz. \u00c7ok te\u015fekk\u00fcr ederim&#8221; dedi.<\/p>\n","protected":false},"excerpt":{"rendered":"<p>Mersin B\u00fcy\u00fck\u015fehir Belediyesi Tar\u0131msal Hizmetler Dairesi Ba\u015fkanl\u0131\u011f\u0131&#8217;n\u0131n Alman Uluslararas\u0131 \u0130\u015fbirli\u011fi Kurumu (GIZ) ile y\u00fcr\u00fctt\u00fc\u011f\u00fc ve &#8216;Yerli Yerinde&#8217; slogan\u0131 ile ger\u00e7ekle\u015ftirdi\u011fi &#8216;G\u0131da G\u00fcvenli\u011fi \u0130\u00e7in Yerel Tar\u0131msal \u00dcretim Te\u015fviki Projesi&#8217; kapsam\u0131ndaki zeytin &hellip; <a href=\"https:\/\/akdenizolaygazetesi.com\/?p=25105\" class=\"more-link\">Devam\u0131n\u0131 Oku&#8230;<\/a><\/p>\n","protected":false},"author":2,"featured_media":25106,"comment_status":"open","ping_status":"open","sticky":false,"template":"","format":"standard","meta":[],"categories":[2,3,5],"tags":[],"_links":{"self":[{"href":"https:\/\/akdenizolaygazetesi.com\/index.php?rest_route=\/wp\/v2\/posts\/25105"}],"collection":[{"href":"https:\/\/akdenizolaygazetesi.com\/index.php?rest_route=\/wp\/v2\/posts"}],"about":[{"href":"https:\/\/akdenizolaygazetesi.com\/index.php?rest_route=\/wp\/v2\/types\/post"}],"author":[{"embeddable":true,"href":"https:\/\/akdenizolaygazetesi.com\/index.php?rest_route=\/wp\/v2\/users\/2"}],"replies":[{"embeddable":true,"href":"https:\/\/akdenizolaygazetesi.com\/index.php?rest_route=%2Fwp%2Fv2%2Fcomments&post=25105"}],"version-history":[{"count":1,"href":"https:\/\/akdenizolaygazetesi.com\/index.php?rest_route=\/wp\/v2\/posts\/25105\/revisions"}],"predecessor-version":[{"id":25107,"href":"https:\/\/akdenizolaygazetesi.com\/index.php?rest_route=\/wp\/v2\/posts\/25105\/revisions\/25107"}],"wp:featuredmedia":[{"embeddable":true,"href":"https:\/\/akdenizolaygazetesi.com\/index.php?rest_route=\/wp\/v2\/media\/25106"}],"wp:attachment":[{"href":"https:\/\/akdenizolaygazetesi.com\/index.php?rest_route=%2Fwp%2Fv2%2Fmedia&parent=25105"}],"wp:term":[{"taxonomy":"category","embeddable":true,"href":"https:\/\/akdenizolaygazetesi.com\/index.php?rest_route=%2Fwp%2Fv2%2Fcategories&post=25105"},{"taxonomy":"post_tag","embeddable":true,"href":"https:\/\/akdenizolaygazetesi.com\/index.php?rest_route=%2Fwp%2Fv2%2Ftags&post=25105"}],"curies":[{"name":"wp","href":"https:\/\/api.w.org\/{rel}","templated":true}]}}