{"id":25108,"date":"2023-04-08T17:48:21","date_gmt":"2023-04-08T14:48:21","guid":{"rendered":"http:\/\/akdenizolaygazetesi.com\/?p=25108"},"modified":"2023-04-08T17:48:21","modified_gmt":"2023-04-08T14:48:21","slug":"akdeniz-foklari-koruma-altinda","status":"publish","type":"post","link":"https:\/\/akdenizolaygazetesi.com\/?p=25108","title":{"rendered":"\u201cAKDEN\u0130Z FOKLARI KORUMA ALTINDA\u201d"},"content":{"rendered":"<p>Ba\u015fkan G\u00fcltak, nesli t\u00fcm d\u00fcnyada koruma alt\u0131na al\u0131nan, Mersin Millet Bah\u00e7esi sahil etab\u0131 ile Karaduvar sahilinde art\u0131k s\u0131kl\u0131kla g\u00f6r\u00fclmeye ba\u015flanan Akdeniz Foklar\u0131n\u0131 Koruma Projesi kapsam\u0131nda toplumsal bilin\u00e7 olu\u015fturmak amac\u0131yla Millet Bah\u00e7esi sahiline vatanda\u015flar\u0131 uyar\u0131c\u0131 tabelalar dikti.<br \/>\nAkdeniz Belediyesi; nesli t\u00fckenme tehlikesi alt\u0131nda oldu\u011fu i\u00e7in koruma alt\u0131na al\u0131nan Akdeniz Foklar\u0131 i\u00e7in Tar\u0131m ve Orman Bakanl\u0131\u011f\u0131 ile Mersin \u00dcniversitesi Su \u00dcr\u00fcnleri Fak\u00fcltesi i\u015fbirli\u011finde ba\u015flat\u0131lan Koruma Projesi\u2019ne destek verdi. Proje kapsam\u0131nda Akdeniz foklar\u0131n\u0131n s\u0131kl\u0131kla g\u00f6r\u00fcld\u00fc\u011f\u00fc liman mendirek kayal\u0131klar\u0131nda tekne ile gezmek, dalmak veya deniz \u00fcr\u00fcnlerini avlamak art\u0131k m\u00fcmk\u00fcn olmayacak.<br \/>\n\u201cBu d\u00fcnya, bu habitat hepimizin\u201d<br \/>\nMersin Millet Bah\u00e7esi sahilinde d\u00fczenlenen bulu\u015fmada Akdeniz Belediye Ba\u015fkan\u0131 M. Mustafa G\u00fcltak, eline \u00e7eki\u00e7 alarak \u201cAkdeniz Foku Dinlenme Kumsal\u0131 \u2013 Rahats\u0131z Etmeyiniz\u201d yaz\u0131l\u0131 uyar\u0131 tabelalar\u0131n\u0131 sahil boyunca yere \u00e7akt\u0131. Etkinli\u011fe ili\u015fkin bir a\u00e7\u0131klama da yapan Ba\u015fkan G\u00fcltak; \u201cT\u00fcm d\u00fcnyada say\u0131lar\u0131 yakla\u015f\u0131k bin oldu\u011fu a\u00e7\u0131klanan Akdeniz Fokundan 100 tanesinin de \u00fclkemiz sular\u0131nda ya\u015fad\u0131\u011f\u0131 tespit edilmi\u015f durumda. Ya\u015fam alan\u0131 giderek azalan Akdeniz Fokuna, Mersin Millet Bah\u00e7esi Sahili ile Karaduvar sahilimizde art\u0131k her an rastlayabiliyoruz\u201d dedi.<br \/>\nBa\u015fkan G\u00fcltak, koruma alt\u0131nda olan Akdeniz Foklar\u0131na kar\u015f\u0131 toplumsal fark\u0131ndal\u0131\u011f\u0131 artt\u0131rmak amac\u0131yla, yorucu ge\u00e7en avlar\u0131n\u0131n ard\u0131ndan dinlenmek i\u00e7in \u00e7\u0131kt\u0131klar\u0131 Millet Bah\u00e7esi kumlar\u0131na uyar\u0131c\u0131 tabelalar diktiklerini belirterek, \u201cBu d\u00fcnya, bu habitat \u00f6ncelikle onlar\u0131n. Zira bu d\u00fcnyada di\u011fer canlar ve canl\u0131larla birlikte ve beraber ya\u015f\u0131yoruz. D\u00fcnya genelinde nesli tehlike alt\u0131nda olan Akdeniz foklar\u0131n\u0131 korumak, ayr\u0131ca \u00e7ocuklar\u0131m\u0131z ve torunlar\u0131m\u0131z\u0131n da bu \u015firin canl\u0131y\u0131 tan\u0131mas\u0131 ve sevmesi i\u00e7in \u00fczerimize d\u00fc\u015feni yapaca\u011f\u0131z. Vatanda\u015flar\u0131m\u0131za da \u00e7a\u011fr\u0131m, e\u011fer sahilde Akdeniz foklar\u0131m\u0131za rastlarsan\u0131z l\u00fctfen onlar\u0131 rahats\u0131z etmeyelim, bu \u015firin canl\u0131lar\u0131m\u0131za sahip \u00e7\u0131kal\u0131m\u201d diye konu\u015ftu.<\/p>\n","protected":false},"excerpt":{"rendered":"<p>Ba\u015fkan G\u00fcltak, nesli t\u00fcm d\u00fcnyada koruma alt\u0131na al\u0131nan, Mersin Millet Bah\u00e7esi sahil etab\u0131 ile Karaduvar sahilinde art\u0131k s\u0131kl\u0131kla g\u00f6r\u00fclmeye ba\u015flanan Akdeniz Foklar\u0131n\u0131 Koruma Projesi kapsam\u0131nda toplumsal bilin\u00e7 olu\u015fturmak amac\u0131yla Millet &hellip; <a href=\"https:\/\/akdenizolaygazetesi.com\/?p=25108\" class=\"more-link\">Devam\u0131n\u0131 Oku&#8230;<\/a><\/p>\n","protected":false},"author":2,"featured_media":25109,"comment_status":"open","ping_status":"open","sticky":false,"template":"","format":"standard","meta":[],"categories":[7,1,2,3,5],"tags":[],"_links":{"self":[{"href":"https:\/\/akdenizolaygazetesi.com\/index.php?rest_route=\/wp\/v2\/posts\/25108"}],"collection":[{"href":"https:\/\/akdenizolaygazetesi.com\/index.php?rest_route=\/wp\/v2\/posts"}],"about":[{"href":"https:\/\/akdenizolaygazetesi.com\/index.php?rest_route=\/wp\/v2\/types\/post"}],"author":[{"embeddable":true,"href":"https:\/\/akdenizolaygazetesi.com\/index.php?rest_route=\/wp\/v2\/users\/2"}],"replies":[{"embeddable":true,"href":"https:\/\/akdenizolaygazetesi.com\/index.php?rest_route=%2Fwp%2Fv2%2Fcomments&post=25108"}],"version-history":[{"count":1,"href":"https:\/\/akdenizolaygazetesi.com\/index.php?rest_route=\/wp\/v2\/posts\/25108\/revisions"}],"predecessor-version":[{"id":25110,"href":"https:\/\/akdenizolaygazetesi.com\/index.php?rest_route=\/wp\/v2\/posts\/25108\/revisions\/25110"}],"wp:featuredmedia":[{"embeddable":true,"href":"https:\/\/akdenizolaygazetesi.com\/index.php?rest_route=\/wp\/v2\/media\/25109"}],"wp:attachment":[{"href":"https:\/\/akdenizolaygazetesi.com\/index.php?rest_route=%2Fwp%2Fv2%2Fmedia&parent=25108"}],"wp:term":[{"taxonomy":"category","embeddable":true,"href":"https:\/\/akdenizolaygazetesi.com\/index.php?rest_route=%2Fwp%2Fv2%2Fcategories&post=25108"},{"taxonomy":"post_tag","embeddable":true,"href":"https:\/\/akdenizolaygazetesi.com\/index.php?rest_route=%2Fwp%2Fv2%2Ftags&post=25108"}],"curies":[{"name":"wp","href":"https:\/\/api.w.org\/{rel}","templated":true}]}}