{"id":25111,"date":"2023-04-08T17:51:28","date_gmt":"2023-04-08T14:51:28","guid":{"rendered":"http:\/\/akdenizolaygazetesi.com\/?p=25111"},"modified":"2023-04-08T17:51:28","modified_gmt":"2023-04-08T14:51:28","slug":"baskan-ozyigit-ornek-projemizle-cumhurbaskanligi-ve-uniceften-davet-aldik","status":"publish","type":"post","link":"https:\/\/akdenizolaygazetesi.com\/?p=25111","title":{"rendered":"Ba\u015fkan \u00d6zyi\u011fit, \u201c\u00d6rnek projemizle Cumhurba\u015fkanl\u0131\u011f\u0131 ve UNICEF\u2019ten davet ald\u0131k\u201d"},"content":{"rendered":"<p>Mersin Yeni\u015fehir Belediye Ba\u015fkan\u0131 Abdullah \u00d6zyi\u011fit, T\u00fcrkiye\u2019de ilk kez 2019 y\u0131l\u0131nda hayata ge\u00e7irdikleri Erken \u00c7ocukluk Geli\u015fimi Projesi: Yeni\u015fehir Modeli ile Cumhurba\u015fkanl\u0131\u011f\u0131 Strateji ve B\u00fct\u00e7e Ba\u015fkanl\u0131\u011f\u0131 ve UNICEF i\u015f birli\u011fiyle haz\u0131rlanacak 2023-2028 erken \u00e7ocukluk geli\u015fimi stratejisi ve ulusal eylem plan\u0131 i\u00e7in davet ald\u0131klar\u0131n\u0131 s\u00f6yledi. Ba\u015fkan \u00d6zyi\u011fit, proje kapsam\u0131nda yapt\u0131klar\u0131 \u00e7al\u0131\u015fmalar\u0131 11 Nisan\u2019da sunacaklar\u0131n\u0131 kaydetti.<br \/>\nMersin Yeni\u015fehir Belediye Meclisi Nisan Ay\u0131 Ola\u011fan Toplant\u0131s\u0131n\u0131n \u0130kinci Birle\u015fimi, Yeni\u015fehir Belediye Ba\u015fkan\u0131 Abdullah \u00d6zyi\u011fit ba\u015fkanl\u0131\u011f\u0131nda yap\u0131ld\u0131. Yeni\u015fehir Belediyesi Atat\u00fcrk K\u00fclt\u00fcr Merkezi\u2019nde yap\u0131lan ve canl\u0131 olarak yay\u0131nlanan toplant\u0131da g\u00fcndem maddeleri g\u00f6r\u00fc\u015f\u00fclerek karara ba\u011fland\u0131. Yeni\u015fehir Belediyesinin 2022 y\u0131l\u0131 faaliyet raporu oy birli\u011fiyle kabul edildi. Mecliste konu\u015fma yapan Ba\u015fkan Abdullah \u00d6zyi\u011fit, 4 y\u0131ll\u0131k hizmet s\u00fcrecini de de\u011ferlendirdi. Ba\u015fkan \u00d6zyi\u011fit, Yeni\u015fehir Belediyesinin erken \u00e7ocukluk geli\u015fimindeki \u00f6rnek projesinde geldikleri a\u015famay\u0131 meclis \u00fcyeleriyle payla\u015f\u0131rken,  Cumhurba\u015fkanl\u0131\u011f\u0131 Strateji ve B\u00fct\u00e7e Ba\u015fkanl\u0131\u011f\u0131 ve Birle\u015fmi\u015f Milletler \u00c7ocuklara Yard\u0131m Fonu(UNICEF) taraf\u0131ndan davet ald\u0131klar\u0131n\u0131 ve projeyi sunacaklar\u0131n\u0131 da s\u00f6yledi. \u00dclkemizde erken \u00e7ocukluk geli\u015fim hizmetlerinin uygulama modelinin ve stratejisinin geli\u015ftirilmesinde Cumhurba\u015fkanl\u0131\u011f\u0131 Strateji ve B\u00fct\u00e7e Ba\u015fkanl\u0131\u011f\u0131 koordinesinde ve UNICEF i\u015f birli\u011fiyle haz\u0131rlanacak erken \u00e7ocukluk geli\u015fim stratejisi ve ulusal eylem plan\u0131 i\u00e7in Yeni\u015fehir Belediyesi proje deneyimini anlatacak. Erken \u00e7ocukluk geli\u015fiminde ulusal eylem plan\u0131 haz\u0131rlan\u0131rken Mersin Yeni\u015fehir Belediyesinin \u00f6rnek projesi de katk\u0131 sunacak.<br \/>\n\u201c\u00d6n\u00fcm\u00fczdeki hafta projemizi anlataca\u011f\u0131z.\u201d<br \/>\nProjenin t\u00fcm T\u00fcrkiye\u2019ye yay\u0131lmas\u0131 gerekti\u011fine i\u015faret eden Ba\u015fkan \u00d6zyi\u011fit, \u201cYeni\u015fehir Belediyesi Akademi\u2019de y\u00fcr\u00fctt\u00fc\u011f\u00fcm\u00fcz erken \u00e7ocukluk geli\u015fiminde ve ona ba\u011fl\u0131 olarak olu\u015fturdu\u011fumuz e\u011fitim kurumlar\u0131nda \u00f6nemli i\u015fler yapt\u0131\u011f\u0131m\u0131z\u0131 ve T\u00fcrkiye Cumhuriyeti\u2019ne \u00f6rnek bir proje ger\u00e7ekle\u015ftirdi\u011fimizi d\u00fc\u015f\u00fcn\u00fcyorum. Cumhurba\u015fkanl\u0131\u011f\u0131 Strateji ve B\u00fct\u00e7e Ba\u015fkanl\u0131\u011f\u0131 ve UNICEF,  T\u00fcrkiye\u2019de ilk ve tek olan projemiz hakk\u0131nda sunum yapmam\u0131z\u0131 talep etti. \u00d6n\u00fcm\u00fczdeki hafta projemizi anlatarak, katk\u0131 sunaca\u011f\u0131z. 2019 y\u0131l\u0131nda projeyi hayata ge\u00e7irirken, bunun bir \u00e7oban ate\u015fi oldu\u011funu ve t\u00fcm \u00fclkeye yay\u0131lmas\u0131 gerekti\u011finin alt\u0131n\u0131 \u00e7izmi\u015ftik.\u201d dedi.<br \/>\n\u201cAnne karn\u0131ndaki bir bebe\u011fin beslenmesini sa\u011flayaca\u011f\u0131z.\u201d<br \/>\nBa\u015fkan Abdullah \u00d6zyi\u011fit, \u201cBar\u0131nma, g\u0131da, temizlik, \u00e7evre, e\u011fitim ve sa\u011fl\u0131k gibi kentimizde ya\u015fayan vatanda\u015flar\u0131m\u0131z\u0131n ne sorunu varsa bu alanda emek verece\u011fiz ve \u00e7al\u0131\u015faca\u011f\u0131z. Yetersiz beslenmenin d\u00fc\u015f\u00fck yapma ve premat\u00fcre do\u011fuma sebebiyet vermesi nedeniyle yeni bir \u00e7al\u0131\u015fma ba\u015flat\u0131yoruz. Hamile kad\u0131nlar\u0131n yetersiz beslenme durumu s\u00f6z konusuysa, onlara gebeli\u011fin alt\u0131nc\u0131 ay\u0131ndan sonra almalar\u0131 gereken g\u0131dalara bir paket olarak sunaca\u011f\u0131z. Yani anne karn\u0131ndaki bir bebe\u011fin beslenmesini sa\u011flayaca\u011f\u0131z. Dolay\u0131s\u0131yla daha \u00e7ocuk do\u011fmadan onun sa\u011fl\u0131kl\u0131 bir birey olarak hayata gelmesi noktas\u0131nda bir \u00e7aba sarfedece\u011fiz.\u201d diye konu\u015ftu.<br \/>\nMecliste, Belediye hizmetlerini s\u00fcrd\u00fcrebilmek i\u00e7in olu\u015fabilecek nakit ihtiyac\u0131n\u0131n kar\u015f\u0131lanabilmesi amac\u0131yla ve EYT kapsam\u0131nda emekli olacak personellerin emekli ikramiyeleri ile tazminatlar\u0131n\u0131n \u00f6denmesinde kullan\u0131lmak \u00fczere nakit ihtiyac\u0131n\u0131n kar\u015f\u0131lanmas\u0131 amac\u0131 ile yurti\u00e7i bankalar\u0131ndan i\u00e7 bor\u00e7lanma yap\u0131labilmesi i\u00e7in Belediye Ba\u015fkan\u0131na yetki verilmesi ile ilgili teklife ait Plan ve B\u00fct\u00e7e Komisyonu raporu oy \u00e7oklu\u011fuyla kabul edildi.  Konu ile ilgili konu\u015fan Ba\u015fkan Abdullah \u00d6zyi\u011fit, \u201cHareket, E\u011fitim, Hem\u015fehrilik, Dayan\u0131\u015fma, Kentle\u015fme ve Ekoloji\u2019den olu\u015fan 6 temel ilke \u00fczerine in\u015fa etti\u011fimiz hizmet anlay\u0131\u015f\u0131m\u0131zda daha ya\u015fanabilir bir kent i\u00e7in elbirli\u011fi ile \u00e7al\u0131\u015f\u0131yoruz ve \u00e7al\u0131\u015fmalar\u0131m\u0131z devam edecek.  Belediyenin b\u00fct\u00fcn hizmetleri bir b\u00fct\u00fcnl\u00fck arz ediyor. Bizim bor\u00e7lanmak gibi bir niyetimiz, hedefimiz yoktu. \u00c7ok \u015f\u00fck\u00fcr kimseye de borcumuz yok fakat erken ya\u015fta emeklilik dedi\u011fimiz olgu \u00f6n\u00fcm\u00fcze gelince, biliyorsunuz ki bu y\u0131llard\u0131r konu\u015fulan ama uygulanmayan se\u00e7im yakla\u015ft\u0131\u011f\u0131 i\u00e7in de se\u00e7imden \u00f6nce bir se\u00e7im ikramiyesi gibi ortaya konan durum. Bununla ilgili elbette ucuz bir kredi \u00e7\u0131kt\u0131\u011f\u0131nda siz bu karar\u0131 buradan alacaks\u0131n\u0131z ki oraya bor\u00e7lanabilesiniz.  Zaten o bor\u00e7lanman\u0131n \u015fekli direk olarak \u00e7al\u0131\u015fanlar\u0131n hesab\u0131na aktar\u0131lmas\u0131yla ger\u00e7ekle\u015fiyor. Yani onu belediyenin b\u00fct\u00e7esine direk olarak aktar\u0131p kulland\u0131rm\u0131yor. Bizim bu konuda iki tane teklifimiz var, birini kullanaca\u011f\u0131z. Ya bor\u00e7lanaca\u011f\u0131z ya da gayrimenkul\u00fcm\u00fcz\u00fc nakite \u00e7evirmek suretiyle bu bor\u00e7lanmaya gerek kalmadan bu s\u00fcre\u00e7ten \u00e7\u0131kaca\u011f\u0131z. Mesele \u015fudur kurumlar bor\u00e7lanabilir, bizim amac\u0131m\u0131z hizmet. Kasada para biriktirip de \u2018kasamda \u015fu kadar param var, kimseye ihtiyac\u0131m yok\u2019 diyemem. O zaman ne i\u00e7in buraday\u0131z. Hizmete o kadar \u00e7ok ihtiya\u00e7 var ki park, okul, kre\u015f yapars\u0131n dolay\u0131s\u0131yla kasada para tutan bir belediye ba\u015fkan\u0131n\u0131n \u00e7ok da makbul bir belediye ba\u015fkan\u0131 oldu\u011funu d\u00fc\u015f\u00fcnm\u00fcyorum. \u2018Ben arsa biriktiririm, ben para biriktiririm\u2019 diyen arkada\u015fa da sayg\u0131 duyar\u0131m. O da onun y\u00f6netim anlay\u0131\u015f\u0131d\u0131r. Bir spor tesisimizle alakal\u0131 bir meclis karar\u0131m\u0131z vard\u0131 ama kullanmad\u0131k, gerek g\u00f6rmedik. \u015eimdi de bu yetkileri alaca\u011f\u0131z,  hesapl\u0131ysa kurumlar \u00fczerindeki b\u00f6yle bir mali y\u00fck\u00fc merkezi h\u00fck\u00fcmet payla\u015f\u0131yorsa oradan faydalan\u0131r\u0131z . Onun i\u00e7in tedbiri ba\u015ftan alal\u0131m, yetki de bizde mevcut halde dursun zaten nereye harcad\u0131\u011f\u0131m\u0131z b\u00fct\u00fcn denetimlere a\u00e7\u0131k, hepinizin g\u00f6z\u00fc \u00f6n\u00fcnde, birlikte verece\u011fimiz kararlarla oluyor. \u2018Yok efendim bunu \u015furaya harca da, \u015fu kadar\u0131n\u0131 buraya harca da\u2019 onu zaten b\u00fct\u00e7ede belirtiyoruz. Yetmedi\u011fi zaman da aktar\u0131m yap\u0131yoruz. Felaketler oluyor, hastal\u0131klar oluyor, salg\u0131nlar oluyor. Depremi birlikte ya\u015fad\u0131k, \u015fu anda bine yak\u0131n ki\u015fiyi ge\u00e7ici bar\u0131nma merkezlerimizde misafir ediyoruz. Onun i\u00e7in \u00e7ok y\u00fcksek sesle ifade ediyoruz; diyoruz ki bu Mersin, tek bina y\u0131k\u0131lmam\u0131\u015f olsa da depremden en \u00e7ok etkilenen illerden bir tanesidir. Onun i\u00e7in merkezi bir katk\u0131 sunulacaksa Mersin burada ihmal edilmemelidir. En az\u0131ndan bu hizmetleri veren belediyelere destek olunmal\u0131d\u0131r. Biz de bilirdik Belediye olarak \u2018m\u0131\u015f gibi\u2019 yap\u0131p s\u0131rt\u0131m\u0131z\u0131 d\u00f6nelim ama bizim yap\u0131m\u0131zda, karakterimizde bu yok. E\u011fer bu \u00fclkede bir insan ihtiya\u00e7 sahibiyse, bir felakete u\u011fram\u0131\u015fsa yard\u0131mc\u0131 olmak vicdani ve insani sorumluluktur. Bunun gere\u011fini Yeni\u015fehir halk\u0131 ad\u0131na hep birlikte ger\u00e7ekle\u015ftirece\u011fiz . Dedi\u011fim gibi bu bor\u00e7lanma talebi sadece uygun ko\u015fullarda olu\u015fabilecek bir merkezi deste\u011fin de\u011ferlendirilmesi hususunda elimizde haz\u0131r bulunsun \u015feklindedir.\u201d ifadelerini kulland\u0131.<\/p>\n","protected":false},"excerpt":{"rendered":"<p>Mersin Yeni\u015fehir Belediye Ba\u015fkan\u0131 Abdullah \u00d6zyi\u011fit, T\u00fcrkiye\u2019de ilk kez 2019 y\u0131l\u0131nda hayata ge\u00e7irdikleri Erken \u00c7ocukluk Geli\u015fimi Projesi: Yeni\u015fehir Modeli ile Cumhurba\u015fkanl\u0131\u011f\u0131 Strateji ve B\u00fct\u00e7e Ba\u015fkanl\u0131\u011f\u0131 ve UNICEF i\u015f birli\u011fiyle haz\u0131rlanacak &hellip; <a href=\"https:\/\/akdenizolaygazetesi.com\/?p=25111\" class=\"more-link\">Devam\u0131n\u0131 Oku&#8230;<\/a><\/p>\n","protected":false},"author":2,"featured_media":25113,"comment_status":"open","ping_status":"open","sticky":false,"template":"","format":"standard","meta":[],"categories":[34,1,2,3,5],"tags":[],"_links":{"self":[{"href":"https:\/\/akdenizolaygazetesi.com\/index.php?rest_route=\/wp\/v2\/posts\/25111"}],"collection":[{"href":"https:\/\/akdenizolaygazetesi.com\/index.php?rest_route=\/wp\/v2\/posts"}],"about":[{"href":"https:\/\/akdenizolaygazetesi.com\/index.php?rest_route=\/wp\/v2\/types\/post"}],"author":[{"embeddable":true,"href":"https:\/\/akdenizolaygazetesi.com\/index.php?rest_route=\/wp\/v2\/users\/2"}],"replies":[{"embeddable":true,"href":"https:\/\/akdenizolaygazetesi.com\/index.php?rest_route=%2Fwp%2Fv2%2Fcomments&post=25111"}],"version-history":[{"count":1,"href":"https:\/\/akdenizolaygazetesi.com\/index.php?rest_route=\/wp\/v2\/posts\/25111\/revisions"}],"predecessor-version":[{"id":25114,"href":"https:\/\/akdenizolaygazetesi.com\/index.php?rest_route=\/wp\/v2\/posts\/25111\/revisions\/25114"}],"wp:featuredmedia":[{"embeddable":true,"href":"https:\/\/akdenizolaygazetesi.com\/index.php?rest_route=\/wp\/v2\/media\/25113"}],"wp:attachment":[{"href":"https:\/\/akdenizolaygazetesi.com\/index.php?rest_route=%2Fwp%2Fv2%2Fmedia&parent=25111"}],"wp:term":[{"taxonomy":"category","embeddable":true,"href":"https:\/\/akdenizolaygazetesi.com\/index.php?rest_route=%2Fwp%2Fv2%2Fcategories&post=25111"},{"taxonomy":"post_tag","embeddable":true,"href":"https:\/\/akdenizolaygazetesi.com\/index.php?rest_route=%2Fwp%2Fv2%2Ftags&post=25111"}],"curies":[{"name":"wp","href":"https:\/\/api.w.org\/{rel}","templated":true}]}}