{"id":25116,"date":"2023-04-10T12:48:12","date_gmt":"2023-04-10T09:48:12","guid":{"rendered":"http:\/\/akdenizolaygazetesi.com\/?p=25116"},"modified":"2023-04-10T12:48:12","modified_gmt":"2023-04-10T09:48:12","slug":"buyuksehir-ekipleri-2019dan-bu-yana-25-milyon-ton-atigi-bertaraf-etti","status":"publish","type":"post","link":"https:\/\/akdenizolaygazetesi.com\/?p=25116","title":{"rendered":"B\u00dcY\u00dcK\u015eEH\u0130R EK\u0130PLER\u0130, 2019&#8217;DAN BU YANA 2,5 M\u0130LYON TON ATI\u011eI BERTARAF ETT\u0130"},"content":{"rendered":"<p>Mersin B\u00fcy\u00fck\u015fehir Belediyesi, temiz bir \u00e7evre olu\u015fturmak i\u00e7in \u00e7\u00f6p olarak adland\u0131r\u0131lan at\u0131klar\u0131 bertaraf etmeye ve ekonomik de\u011fere d\u00f6n\u00fc\u015ft\u00fcrmeye devam ediyor. 321 km&#8217;lik sahil band\u0131na sahip 15 bin 853 km2&#8217;lik alanda hizmet veren B\u00fcy\u00fck\u015fehir, Mersin&#8217;de olu\u015fan evsel nitelikli at\u0131klar\u0131n de\u011ferlendirilip ekonomik de\u011fer yaratmas\u0131 ve \u00e7evreye olumsuz etkilerinin giderilmesi amac\u0131yla hayata ge\u00e7irdi\u011fi \u00e7al\u0131\u015fmalar\u0131 s\u00fcrd\u00fcr\u00fcyor.<br \/>\nB\u00fcy\u00fck\u015fehir Belediyesi \u0130klim De\u011fi\u015fikli\u011fi ve S\u0131f\u0131r At\u0131k Dairesi Ba\u015fkanl\u0131\u011f\u0131&#8217;na ba\u011fl\u0131 bertaraf tesislerinde, g\u00fcnl\u00fck ortalama 1700 ton evsel nitelikli at\u0131\u011f\u0131n bertaraf\u0131 sa\u011flan\u0131rken, 2019 y\u0131l\u0131 Nisan ay\u0131ndan g\u00fcn\u00fcm\u00fcze kadar da toplamda 2 milyon 522 bin 167 ton evsel nitelikli kat\u0131 at\u0131k bertaraf edildi. Bertaraf edilen at\u0131klar\u0131 elektri\u011fe d\u00f6n\u00fc\u015ft\u00fcren Mersin B\u00fcy\u00fck\u015fehir, bug\u00fcne kadar 240 milyon 284 bin 120,5 kW elektrik \u00fcretimi ger\u00e7ekle\u015ftirdi.<br \/>\n&#8220;2019&#8217;dan g\u00fcn\u00fcm\u00fcze yakla\u015f\u0131k 2,5 milyon ton at\u0131\u011f\u0131n bertaraf\u0131 ger\u00e7ekle\u015ftirildi&#8221;<br \/>\nMersin B\u00fcy\u00fck\u015fehir Belediyesi \u0130klim De\u011fi\u015fikli\u011fi ve S\u0131f\u0131r Dairesi Ba\u015fkanl\u0131\u011f\u0131 S\u0131f\u0131r At\u0131k Y\u00f6netimi \u015eube M\u00fcd\u00fcrl\u00fc\u011f\u00fc&#8217;nde \u00c7evre Y\u00fcksek M\u00fchendisi ve Kontrol M\u00fchendisi olarak g\u00f6rev yapan Nursel Cansu Kaya, \u00e7al\u0131\u015fmalarla ilgili bilgi vererek,  Mersin B\u00fcy\u00fck\u015fehir Belediyesi&#8217;nin 3 adet evsel kat\u0131 at\u0131k bertaraf tesisi oldu\u011funu ifade etti. Merkezdeki Sar\u0131ibrahimli, Silifke&#8217;deki G\u00f6ksu ve Tarsus&#8217;ta da G\u00fcrl\u00fc&#8217;de yer alan evsel kat\u0131 at\u0131k bertaraf tesislerinden s\u00f6z eden Kaya, &#8220;Bunlar b\u00fcnyesinde sadece d\u00fczenli depolama yap\u0131lmamakta, entegre bir tesis olduklar\u0131 i\u00e7in, geri d\u00f6n\u00fc\u015f\u00fcm malzemelerinin ayr\u0131lmas\u0131 i\u00e7in mekanik ay\u0131rma ve ayn\u0131 zamanda metan gaz\u0131ndan elektrik \u00fcretim tesisleri de bulunmakta. At\u0131klar\u0131m\u0131z 9 adet aktarma istasyonumuzdan d\u00fczenli depolama tesislerimize ta\u015f\u0131nmakta. Aktarma istasyonlar\u0131m\u0131zdan Nisan 2019 y\u0131l\u0131ndan bug\u00fcne kadar yakla\u015f\u0131k 2 milyon ton at\u0131k ta\u015f\u0131nm\u0131\u015ft\u0131r. Bertaraf tesisimizde 2019 y\u0131l\u0131ndan g\u00fcn\u00fcm\u00fcze kadar yakla\u015f\u0131k 2,5 milyon ton at\u0131\u011f\u0131n bertaraf\u0131 ger\u00e7ekle\u015ftirilmi\u015ftir. Burada sadece bertaraf ger\u00e7ekle\u015ftirilmeyip, mekanik ayr\u0131\u015ft\u0131rma \u00fcnitemiz sayesinde geri d\u00f6n\u00fc\u015f\u00fcme kazand\u0131r\u0131lan at\u0131klar\u0131m\u0131z da mevcut&#8221; dedi.<br \/>\nEvsel at\u0131klar\u0131n bertaraf y\u00f6ntemi hakk\u0131nda da bilgi veren Kaya, &#8220;\u00d6ncelikle d\u00fczenli depolamaya gelen at\u0131klar\u0131m\u0131z g\u00fcnl\u00fck \u00f6rt\u00fc topra\u011f\u0131 ile kapat\u0131l\u0131yor. 5 ila 7 metre civar\u0131nda bir y\u00fcksekli\u011fe ula\u015ft\u0131ktan sonra borulama y\u00f6ntemiyle i\u00e7erisinden metan gaz\u0131 eldesi yap\u0131yoruz ve biyogaz \u00fcretim tesislerimizde jenerat\u00f6rler yard\u0131m\u0131yla elektrik \u00fcretimi sa\u011fl\u0131yoruz. Yani bu demek oluyor ki; entegre sistemimizde at\u0131k sadece d\u00fczenli depolanm\u0131yor, \u00e7evreye zarar\u0131 \u00f6nlenmi\u015f olmuyor, ayn\u0131 zamanda da ekonomimize katk\u0131 sa\u011flam\u0131\u015f oluyor&#8221; diye konu\u015ftu.<br \/>\n&#8220;2019&#8217;dan g\u00fcn\u00fcm\u00fcze 240 milyon kW bir \u00fcretim sa\u011fland\u0131&#8221;<br \/>\nBu sayede metan gaz\u0131n\u0131n atmosfere sal\u0131n\u0131m\u0131n\u0131n engellendi\u011fini de belirten Kaya, &#8220;Metan gaz\u0131n\u0131n da do\u011faya sal\u0131nmas\u0131 \u00f6nlenerek elektrik enerjisine de \u00e7evirmi\u015f oluyoruz. G\u00fcnl\u00fck olarak saatte ortalama 8.6 megawatt elektrik \u00fcretimi ger\u00e7ekle\u015ftiriliyor. Bu da saatte 72 bin konutun ayd\u0131nlanma enerjisine e\u015fde\u011fer bir \u00fcretim. Nisan 2019&#8217;dan g\u00fcn\u00fcm\u00fcze kadar ise yakla\u015f\u0131k olarak 240 milyon kilowatt bir \u00fcretim sa\u011flanarak ekonomiye kazand\u0131r\u0131ld\u0131&#8221; diye belirtti.<\/p>\n","protected":false},"excerpt":{"rendered":"<p>Mersin B\u00fcy\u00fck\u015fehir Belediyesi, temiz bir \u00e7evre olu\u015fturmak i\u00e7in \u00e7\u00f6p olarak adland\u0131r\u0131lan at\u0131klar\u0131 bertaraf etmeye ve ekonomik de\u011fere d\u00f6n\u00fc\u015ft\u00fcrmeye devam ediyor. 321 km&#8217;lik sahil band\u0131na sahip 15 bin 853 km2&#8217;lik alanda &hellip; <a href=\"https:\/\/akdenizolaygazetesi.com\/?p=25116\" class=\"more-link\">Devam\u0131n\u0131 Oku&#8230;<\/a><\/p>\n","protected":false},"author":2,"featured_media":25117,"comment_status":"open","ping_status":"open","sticky":false,"template":"","format":"standard","meta":[],"categories":[7,8,3,11],"tags":[],"_links":{"self":[{"href":"https:\/\/akdenizolaygazetesi.com\/index.php?rest_route=\/wp\/v2\/posts\/25116"}],"collection":[{"href":"https:\/\/akdenizolaygazetesi.com\/index.php?rest_route=\/wp\/v2\/posts"}],"about":[{"href":"https:\/\/akdenizolaygazetesi.com\/index.php?rest_route=\/wp\/v2\/types\/post"}],"author":[{"embeddable":true,"href":"https:\/\/akdenizolaygazetesi.com\/index.php?rest_route=\/wp\/v2\/users\/2"}],"replies":[{"embeddable":true,"href":"https:\/\/akdenizolaygazetesi.com\/index.php?rest_route=%2Fwp%2Fv2%2Fcomments&post=25116"}],"version-history":[{"count":1,"href":"https:\/\/akdenizolaygazetesi.com\/index.php?rest_route=\/wp\/v2\/posts\/25116\/revisions"}],"predecessor-version":[{"id":25118,"href":"https:\/\/akdenizolaygazetesi.com\/index.php?rest_route=\/wp\/v2\/posts\/25116\/revisions\/25118"}],"wp:featuredmedia":[{"embeddable":true,"href":"https:\/\/akdenizolaygazetesi.com\/index.php?rest_route=\/wp\/v2\/media\/25117"}],"wp:attachment":[{"href":"https:\/\/akdenizolaygazetesi.com\/index.php?rest_route=%2Fwp%2Fv2%2Fmedia&parent=25116"}],"wp:term":[{"taxonomy":"category","embeddable":true,"href":"https:\/\/akdenizolaygazetesi.com\/index.php?rest_route=%2Fwp%2Fv2%2Fcategories&post=25116"},{"taxonomy":"post_tag","embeddable":true,"href":"https:\/\/akdenizolaygazetesi.com\/index.php?rest_route=%2Fwp%2Fv2%2Ftags&post=25116"}],"curies":[{"name":"wp","href":"https:\/\/api.w.org\/{rel}","templated":true}]}}