{"id":25125,"date":"2023-04-10T12:53:24","date_gmt":"2023-04-10T09:53:24","guid":{"rendered":"http:\/\/akdenizolaygazetesi.com\/?p=25125"},"modified":"2023-04-10T12:53:24","modified_gmt":"2023-04-10T09:53:24","slug":"uc-dildeki-ilahileriyle-gonulleri-fethettiler","status":"publish","type":"post","link":"https:\/\/akdenizolaygazetesi.com\/?p=25125","title":{"rendered":"\u00dc\u00e7 dildeki ilahileriyle g\u00f6n\u00fclleri fethettiler"},"content":{"rendered":"<p>Akdeniz Belediyesi\u2019nin, Ramazan ay\u0131na \u00f6zel olarak d\u00fczenledi\u011fi konserde sahne alan Grup Tillo, 3 dilde s\u00f6yledikleri ilahiler ve \u015fark\u0131larla Akdeniz sakinlerine unutulmaz bir Ramazan ak\u015fam\u0131 ya\u015fatt\u0131.<br \/>\nAkdeniz Belediyesi K\u00fclt\u00fcr ve Sosyal \u0130\u015fler M\u00fcd\u00fcrl\u00fc\u011f\u00fc taraf\u0131ndan \u015eevket S\u00fcmer Mahallesi Pazar Soka\u011f\u0131\u2019nda organize edilen Grup Tillo Konseri\u2019ne, her ya\u015ftan y\u00fczlerce vatanda\u015f b\u00fcy\u00fck ilgi g\u00f6sterdi. Ramazan ay\u0131na \u00f6zel olarak, birlik ve beraberlik vurgusuyla d\u00fczenlenen konsere, Akdeniz Belediye Ba\u015fkan\u0131 M. Mustafa G\u00fcltak da E\u015fi Behiye G\u00fcltak ile birlikte kat\u0131ld\u0131.<br \/>\n\u201cHerkesi kucaklamaya devam edece\u011fiz\u201d<br \/>\nGrup Tillo \u00fcyelerine ve soka\u011f\u0131 dolduran vatanda\u015flara g\u00f6sterdikleri yo\u011fun ilgi nedeniyle te\u015fekk\u00fcr eden Ba\u015fkan G\u00fcltak; \u201c\u00c7ok ac\u0131 g\u00fcnler ge\u00e7irdik. \u00dclkemiz b\u00fcy\u00fck bir travma ya\u015fad\u0131. Son bin y\u0131l\u0131n en b\u00fcy\u00fck felaketini ya\u015fad\u0131k. M\u00fcbarek Ramazan ay\u0131, birlik ve beraberlik ruhu i\u00e7inde payla\u015fman\u0131n ve dayan\u0131\u015fman\u0131n ad\u0131d\u0131r. Yaralar\u0131m\u0131z\u0131 hep birlikte saraca\u011f\u0131z, bu b\u00fcy\u00fck badireyi de el birli\u011fiyle atlataca\u011f\u0131z. Ayr\u0131ca herkesin birbirini affetti\u011fi, k\u00fcsk\u00fcnl\u00fcklerin unutuldu\u011fu m\u00fcbarek bir ay Ramazan. Bizler de se\u00e7ildi\u011fimiz g\u00fcnden beri hi\u00e7bir vatanda\u015f\u0131m\u0131z\u0131 ayr\u0131\u015ft\u0131rmad\u0131k, \u2018T\u00fcrkiye Cumhuriyeti\u2019nin kimli\u011fini ta\u015f\u0131yan herkes e\u015fittir\u2019 dedik ve o d\u00fcsturla da \u00e7al\u0131\u015fmaya ve insanlar\u0131m\u0131za ula\u015fmaya devam ettik\u201d dedi.<br \/>\n\u201cHi\u00e7 kimseyi ayr\u0131\u015ft\u0131rm\u0131yoruz, her kesime ve her yere e\u015fit hizmet veriyoruz\u201d<br \/>\nHi\u00e7 kimse inanmad\u0131\u011f\u0131 halde Mersin\u2019in en g\u00fczel Pazar sokaklar\u0131ndan birini b\u00f6lgeye kazand\u0131rd\u0131klar\u0131n\u0131 da dile getirdi\u011fi konu\u015fmas\u0131nda Ba\u015fkan G\u00fcltak \u201cBug\u00fcne kadar bu t\u00fcr hizmetler yoktu. Ge\u00e7en ak\u015fam, e\u015fimle birlikte bu mahallemizde bir vatanda\u015f\u0131m\u0131z\u0131n evinde iftar yeme\u011fine kat\u0131ld\u0131m.<br \/>\nBana s\u00f6yledikleri, eskiden d\u00fckk\u00e2nlar\u0131m\u0131z g\u00fcnlerce kapal\u0131 kal\u0131yordu. G\u00f6zlerimizi (biber gaz\u0131ndan dolay\u0131) a\u00e7am\u0131yorduk, mahallemizde huzur yoktu. Her g\u00fcn kavga vard\u0131. Biz ise se\u00e7ildikten sonra her g\u00fcn bar\u0131\u015f var, sevgi var, muhabbet var. Hi\u00e7 kimse ayr\u0131\u015ft\u0131r\u0131lm\u0131yor, \u00f6tekile\u015ftirilmiyor, herkes karde\u015f. Hizmetlerimiz her yere e\u015fit gidiyor. En \u00f6nemlisi de Akdeniz\u2019e art\u0131k bar\u0131\u015f\u0131n ve huzurun kal\u0131c\u0131 olarak gelmi\u015f olmas\u0131d\u0131r\u201d ifadelerini kulland\u0131.<\/p>\n<p>\u201cNe s\u00f6z verdiysek tuttuk, bundan sonra da tutmaya devam edece\u011fiz\u201d<br \/>\nBa\u015fkan G\u00fcltak, TOK\u0130 taraf\u0131ndan tamamlanan \u00c7ay Mahallesi Yerinde Kentsel D\u00f6n\u00fc\u015f\u00fcm Projesini de hat\u0131rlatarak \u015f\u00f6yle konu\u015ftu; \u201cEngellemeye kalkt\u0131lar ama biz projeyi bitirdik, anahtarlar\u0131n\u0131 teslim ettik. \u015eu an insanlar\u0131m\u0131z yeni ve g\u00fcvenli evlerinde ya\u015f\u0131yor. Bar\u0131\u015f Mahallesi\u2019nde de projeyi ba\u015flatt\u0131k. Karaduvar\u2019da, Kazanl\u0131\u2019da ve daha bir\u00e7ok mahallemizde bir\u00e7ok hizmeti ger\u00e7ekle\u015ftirdik. Bu caddeye banka \u015fubesi dahi getirdik.<br \/>\nHi\u00e7 merak etmeyin; Akdeniz\u2019e daha bir\u00e7ok hizmet artarak gelecek. \u00d6n\u00fcm\u00fczdeki g\u00fcnlerde de in\u015fallah bayram\u0131 hep birlikte kutlayaca\u011f\u0131z. \u015eundan emin olun; Biz oldu\u011fumuz s\u00fcrece Akdeniz\u2019de karde\u015flik h\u00fck\u00fcm s\u00fcrecek, bar\u0131\u015f h\u00fck\u00fcm s\u00fcrecek. Hi\u00e7 kimse ayr\u0131\u015ft\u0131r\u0131lmayacak, bunun garantisini veriyorum. 2024 y\u0131l\u0131 yerel se\u00e7imlerinde yeniden g\u00f6reve gelmemiz halinde Akdeniz\u2019i de\u011fi\u015ftirmeye ve \u00e7ok daha ya\u015fan\u0131l\u0131r hale getirmeye devam edece\u011fiz. Ne s\u00f6z verdiysek tuttuk, bundan sonra da tutmaya devam edece\u011fiz.\u201d<br \/>\nAkdeniz Belediye Ba\u015fkan\u0131 G\u00fcltak\u2019\u0131n halk\u0131 selamlamas\u0131 ve konu\u015fmas\u0131ndan sonra Mustafa Kada\u015f, Veysi Atadan ve Celal \u0130nan ile orkestra \u00fcyelerinden olu\u015fan Grup Tillo konseri ayn\u0131 heyecan ve co\u015fkuyla ak\u015fam\u0131n ilerleyen saatlerine dek devam etti. <\/p>\n","protected":false},"excerpt":{"rendered":"<p>Akdeniz Belediyesi\u2019nin, Ramazan ay\u0131na \u00f6zel olarak d\u00fczenledi\u011fi konserde sahne alan Grup Tillo, 3 dilde s\u00f6yledikleri ilahiler ve \u015fark\u0131larla Akdeniz sakinlerine unutulmaz bir Ramazan ak\u015fam\u0131 ya\u015fatt\u0131. Akdeniz Belediyesi K\u00fclt\u00fcr ve Sosyal &hellip; <a href=\"https:\/\/akdenizolaygazetesi.com\/?p=25125\" class=\"more-link\">Devam\u0131n\u0131 Oku&#8230;<\/a><\/p>\n","protected":false},"author":2,"featured_media":25126,"comment_status":"open","ping_status":"open","sticky":false,"template":"","format":"standard","meta":[],"categories":[2,3],"tags":[],"_links":{"self":[{"href":"https:\/\/akdenizolaygazetesi.com\/index.php?rest_route=\/wp\/v2\/posts\/25125"}],"collection":[{"href":"https:\/\/akdenizolaygazetesi.com\/index.php?rest_route=\/wp\/v2\/posts"}],"about":[{"href":"https:\/\/akdenizolaygazetesi.com\/index.php?rest_route=\/wp\/v2\/types\/post"}],"author":[{"embeddable":true,"href":"https:\/\/akdenizolaygazetesi.com\/index.php?rest_route=\/wp\/v2\/users\/2"}],"replies":[{"embeddable":true,"href":"https:\/\/akdenizolaygazetesi.com\/index.php?rest_route=%2Fwp%2Fv2%2Fcomments&post=25125"}],"version-history":[{"count":1,"href":"https:\/\/akdenizolaygazetesi.com\/index.php?rest_route=\/wp\/v2\/posts\/25125\/revisions"}],"predecessor-version":[{"id":25127,"href":"https:\/\/akdenizolaygazetesi.com\/index.php?rest_route=\/wp\/v2\/posts\/25125\/revisions\/25127"}],"wp:featuredmedia":[{"embeddable":true,"href":"https:\/\/akdenizolaygazetesi.com\/index.php?rest_route=\/wp\/v2\/media\/25126"}],"wp:attachment":[{"href":"https:\/\/akdenizolaygazetesi.com\/index.php?rest_route=%2Fwp%2Fv2%2Fmedia&parent=25125"}],"wp:term":[{"taxonomy":"category","embeddable":true,"href":"https:\/\/akdenizolaygazetesi.com\/index.php?rest_route=%2Fwp%2Fv2%2Fcategories&post=25125"},{"taxonomy":"post_tag","embeddable":true,"href":"https:\/\/akdenizolaygazetesi.com\/index.php?rest_route=%2Fwp%2Fv2%2Ftags&post=25125"}],"curies":[{"name":"wp","href":"https:\/\/api.w.org\/{rel}","templated":true}]}}