{"id":25131,"date":"2023-04-10T12:56:34","date_gmt":"2023-04-10T09:56:34","guid":{"rendered":"http:\/\/akdenizolaygazetesi.com\/?p=25131"},"modified":"2023-04-10T12:56:34","modified_gmt":"2023-04-10T09:56:34","slug":"depremzede-kadinlarin-el-emegi-goz-nuru-eserleri-begeniye-sunuldu","status":"publish","type":"post","link":"https:\/\/akdenizolaygazetesi.com\/?p=25131","title":{"rendered":"Depremzede kad\u0131nlar\u0131n el eme\u011fi, g\u00f6z nuru eserleri be\u011feniye sunuldu"},"content":{"rendered":"<p>Akdeniz Belediyesi\u2019nin katk\u0131lar\u0131yla, depremzede kad\u0131nlar\u0131n el eme\u011fi g\u00f6z nuru eserlerinden olu\u015fan sergi be\u011feniye sunuldu. Deprem ma\u011fduru 45 kad\u0131n\u0131n kat\u0131ld\u0131\u011f\u0131 sergiye, b\u00fcy\u00fck felaket nedeniyle Mersin\u2019e g\u00f6\u00e7 eden ve di\u011fer il\u00e7elerde ya\u015fayan depremzede kad\u0131nlar da kat\u0131ld\u0131. Birbirinden farkl\u0131 ve ilgi \u00e7ekici \u00fcr\u00fcnlerin sat\u0131\u015f\u0131ndan elde edilen gelir yine afetzede kad\u0131nlara kald\u0131.<br \/>\nAkdeniz Belediyesi K\u00fclt\u00fcr ve Sosyal \u0130\u015fler M\u00fcd\u00fcrl\u00fc\u011f\u00fc\u2019ne ba\u011fl\u0131 hizmet veren k\u00fclt\u00fcr ve sanat evlerinde, aileleriyle birlikte misafir edilen deprem ma\u011fduru kad\u0131nlar, bu merkezlerde verilen tak\u0131 tasar\u0131m, ah\u015fap boyama ve \u00f6rg\u00fc kurslar\u0131 gibi kurslarla hem meslek ve beceri kazan\u0131yor, hem de zamanlar\u0131n\u0131 verimli \u015fekilde de\u011ferlendirip depremin yaratt\u0131\u011f\u0131 zorlu psikolojiden uzakla\u015f\u0131yor.<br \/>\n\u201cUmutlar Payla\u015ft\u0131k\u00e7a \u00c7o\u011fal\u0131r\u201d \u015fiar\u0131yla d\u00fczenlenen anlaml\u0131 etkinlikte de depremin vurdu\u011fu kentlerden g\u00f6\u00e7 ederek Mersin\u2019de misafir edilen afet ma\u011fduru kad\u0131nlar\u0131n, k\u00fclt\u00fcr ve sanat evlerinde \u00fcretti\u011fi el eme\u011fi g\u00f6z nuru eserleri, kentin en b\u00fcy\u00fck al\u0131\u015fveri\u015f merkezlerinden birinde (Forum AVM&#8217;de) a\u00e7\u0131lan stantlarda hem be\u011feniye hem de sat\u0131\u015fa sunuldu. Sergiye, deprem sonucu y\u0131k\u0131lan kentlerinden g\u00f6\u00e7 eden ve gelirken el eme\u011fi \u00fcr\u00fcnlerini getiren kad\u0131nlar da kat\u0131ld\u0131.<br \/>\nSergiden elde edilecek gelir, depremzede kad\u0131nlara kald\u0131<br \/>\nAl\u0131\u015fveri\u015f yapmak veya gezmek i\u00e7in AVM\u2019ye gelen her ya\u015ftan vatanda\u015f\u0131n b\u00fcy\u00fck ilgi g\u00f6sterdi\u011fi \u00f6zel sergi, hafta sonu 2 g\u00fcn boyunca a\u00e7\u0131k kald\u0131. Sergide depremzede kad\u0131nlar, k\u00fclt\u00fcr ve sanat evlerinde ald\u0131klar\u0131 e\u011fitimlerle kazand\u0131klar\u0131 beceri sayesinde ortaya \u00e7\u0131kard\u0131klar\u0131 el eme\u011fi ve g\u00f6z nuru eserlerini be\u011feni ve sat\u0131\u015fa sundu. \u00dcr\u00fcnlerin sat\u0131\u015f\u0131ndan elde edilen gelir, yine deprem ma\u011fduru kad\u0131nlara kald\u0131. Akdeniz Belediyesi\u2019nin, ba\u015fta kad\u0131nlar ve \u00e7ocuklar olmak \u00fczere, il\u00e7e genelinde misafir edilen deprem ma\u011fduru aileler i\u00e7in farkl\u0131 proje ve etkinlikleri devam edecek. <\/p>\n","protected":false},"excerpt":{"rendered":"<p>Akdeniz Belediyesi\u2019nin katk\u0131lar\u0131yla, depremzede kad\u0131nlar\u0131n el eme\u011fi g\u00f6z nuru eserlerinden olu\u015fan sergi be\u011feniye sunuldu. Deprem ma\u011fduru 45 kad\u0131n\u0131n kat\u0131ld\u0131\u011f\u0131 sergiye, b\u00fcy\u00fck felaket nedeniyle Mersin\u2019e g\u00f6\u00e7 eden ve di\u011fer il\u00e7elerde ya\u015fayan &hellip; <a href=\"https:\/\/akdenizolaygazetesi.com\/?p=25131\" class=\"more-link\">Devam\u0131n\u0131 Oku&#8230;<\/a><\/p>\n","protected":false},"author":2,"featured_media":25132,"comment_status":"open","ping_status":"open","sticky":false,"template":"","format":"standard","meta":[],"categories":[8,1,2,3],"tags":[],"_links":{"self":[{"href":"https:\/\/akdenizolaygazetesi.com\/index.php?rest_route=\/wp\/v2\/posts\/25131"}],"collection":[{"href":"https:\/\/akdenizolaygazetesi.com\/index.php?rest_route=\/wp\/v2\/posts"}],"about":[{"href":"https:\/\/akdenizolaygazetesi.com\/index.php?rest_route=\/wp\/v2\/types\/post"}],"author":[{"embeddable":true,"href":"https:\/\/akdenizolaygazetesi.com\/index.php?rest_route=\/wp\/v2\/users\/2"}],"replies":[{"embeddable":true,"href":"https:\/\/akdenizolaygazetesi.com\/index.php?rest_route=%2Fwp%2Fv2%2Fcomments&post=25131"}],"version-history":[{"count":1,"href":"https:\/\/akdenizolaygazetesi.com\/index.php?rest_route=\/wp\/v2\/posts\/25131\/revisions"}],"predecessor-version":[{"id":25133,"href":"https:\/\/akdenizolaygazetesi.com\/index.php?rest_route=\/wp\/v2\/posts\/25131\/revisions\/25133"}],"wp:featuredmedia":[{"embeddable":true,"href":"https:\/\/akdenizolaygazetesi.com\/index.php?rest_route=\/wp\/v2\/media\/25132"}],"wp:attachment":[{"href":"https:\/\/akdenizolaygazetesi.com\/index.php?rest_route=%2Fwp%2Fv2%2Fmedia&parent=25131"}],"wp:term":[{"taxonomy":"category","embeddable":true,"href":"https:\/\/akdenizolaygazetesi.com\/index.php?rest_route=%2Fwp%2Fv2%2Fcategories&post=25131"},{"taxonomy":"post_tag","embeddable":true,"href":"https:\/\/akdenizolaygazetesi.com\/index.php?rest_route=%2Fwp%2Fv2%2Ftags&post=25131"}],"curies":[{"name":"wp","href":"https:\/\/api.w.org\/{rel}","templated":true}]}}