{"id":25134,"date":"2023-04-10T12:59:54","date_gmt":"2023-04-10T09:59:54","guid":{"rendered":"http:\/\/akdenizolaygazetesi.com\/?p=25134"},"modified":"2023-04-10T12:59:54","modified_gmt":"2023-04-10T09:59:54","slug":"baskan-yilmaz-turk-polis-teskilatinin-178-kurulus-yil-donumu-kutlu-olsun","status":"publish","type":"post","link":"https:\/\/akdenizolaygazetesi.com\/?p=25134","title":{"rendered":"BA\u015eKAN YILMAZ; &#8220;T\u00dcRK POL\u0130S TE\u015eK\u0130LATI&#8217;NIN 178. KURULU\u015e YIL D\u00d6N\u00dcM\u00dc KUTLU OLSUN&#8221;"},"content":{"rendered":"<p>Toroslar Belediye Ba\u015fkan\u0131 Ats\u0131z Af\u015f\u0131n Y\u0131lmaz, T\u00fcrk Polis Te\u015fkilat\u0131&#8217;n\u0131n 178&#8217;inci Kurulu\u015f Y\u0131l D\u00f6n\u00fcm\u00fc ve Polis Haftas\u0131 dolay\u0131s\u0131yla bir kutlama mesaj\u0131 yay\u0131nlad\u0131.<\/p>\n<p>Ge\u00e7mi\u015fi ba\u015far\u0131larla dolu T\u00fcrk Polis Te\u015fkilat\u0131&#8217;n\u0131n devletin en k\u00f6kl\u00fc kurumlar\u0131ndan biri oldu\u011funu belirten Ba\u015fkan Y\u0131lmaz; &#8220;Milletimizin kendisine olan g\u00fcveni ve sevgisini arkas\u0131na alarak takdire \u015fayan ba\u015far\u0131lar elde eden g\u00fcvenlik g\u00fc\u00e7lerimiz, \u00fclkemizin ve milletimizin huzur ve asayi\u015finin sa\u011flanmas\u0131n\u0131n yan\u0131 s\u0131ra milli birlik ve beraberli\u011fimizin devam\u0131 i\u00e7in de hi\u00e7bir fedak\u00e2rl\u0131ktan ka\u00e7\u0131nmayarak canla ba\u015fla hizmet vermektedir&#8221; dedi.<\/p>\n<p>&#8220;G\u00dcVENL\u0130K G\u00dc\u00c7LER\u0130M\u0130ZE M\u0130NNETTARIZ&#8221;<\/p>\n<p>Deprem nedeniyle \u00fclke olarak zorlu bir s\u00fcre\u00e7ten ge\u00e7ildi\u011fini ve bu m\u00fccadele s\u00fcrecinde T\u00fcrk Polis Te\u015fkilat\u0131&#8217;n\u0131n da \u00f6nemli bir sorumluluk \u00fcstlendi\u011fini belirten Ba\u015fkan Y\u0131lmaz; &#8220;\u0130\u00e7inde bulundu\u011fumuz bu zorlu s\u00fcre\u00e7te koordineli bir \u015fekilde \u00e7al\u0131\u015farak b\u00fcy\u00fck bir seferberlik \u00f6rne\u011fi ortaya koyan t\u00fcm g\u00fcvenlik g\u00fc\u00e7lerimize minnettar\u0131z. Bu anlaml\u0131 g\u00fcnde t\u00fcm Emniyet Te\u015fkilat\u0131m\u0131z\u0131n Polis Haftas\u0131&#8217;n\u0131 kutluyor, g\u00f6revi ba\u015f\u0131nda \u015fehit olan g\u00fcvenlik g\u00fc\u00e7lerimize Allah&#8217;tan rahmet, kahraman gazilerimize, g\u00f6revlerini s\u00fcrd\u00fcren polis te\u015fkilat\u0131 mensuplar\u0131na ve emekli te\u015fkilat mensuplar\u0131na aileleriyle birlikte sa\u011fl\u0131k, ba\u015far\u0131 ve mutluluk diliyorum&#8221; diye konu\u015ftu.<\/p>\n","protected":false},"excerpt":{"rendered":"<p>Toroslar Belediye Ba\u015fkan\u0131 Ats\u0131z Af\u015f\u0131n Y\u0131lmaz, T\u00fcrk Polis Te\u015fkilat\u0131&#8217;n\u0131n 178&#8217;inci Kurulu\u015f Y\u0131l D\u00f6n\u00fcm\u00fc ve Polis Haftas\u0131 dolay\u0131s\u0131yla bir kutlama mesaj\u0131 yay\u0131nlad\u0131. Ge\u00e7mi\u015fi ba\u015far\u0131larla dolu T\u00fcrk Polis Te\u015fkilat\u0131&#8217;n\u0131n devletin en k\u00f6kl\u00fc &hellip; <a href=\"https:\/\/akdenizolaygazetesi.com\/?p=25134\" class=\"more-link\">Devam\u0131n\u0131 Oku&#8230;<\/a><\/p>\n","protected":false},"author":2,"featured_media":25135,"comment_status":"open","ping_status":"open","sticky":false,"template":"","format":"standard","meta":[],"categories":[2,3,5],"tags":[],"_links":{"self":[{"href":"https:\/\/akdenizolaygazetesi.com\/index.php?rest_route=\/wp\/v2\/posts\/25134"}],"collection":[{"href":"https:\/\/akdenizolaygazetesi.com\/index.php?rest_route=\/wp\/v2\/posts"}],"about":[{"href":"https:\/\/akdenizolaygazetesi.com\/index.php?rest_route=\/wp\/v2\/types\/post"}],"author":[{"embeddable":true,"href":"https:\/\/akdenizolaygazetesi.com\/index.php?rest_route=\/wp\/v2\/users\/2"}],"replies":[{"embeddable":true,"href":"https:\/\/akdenizolaygazetesi.com\/index.php?rest_route=%2Fwp%2Fv2%2Fcomments&post=25134"}],"version-history":[{"count":1,"href":"https:\/\/akdenizolaygazetesi.com\/index.php?rest_route=\/wp\/v2\/posts\/25134\/revisions"}],"predecessor-version":[{"id":25136,"href":"https:\/\/akdenizolaygazetesi.com\/index.php?rest_route=\/wp\/v2\/posts\/25134\/revisions\/25136"}],"wp:featuredmedia":[{"embeddable":true,"href":"https:\/\/akdenizolaygazetesi.com\/index.php?rest_route=\/wp\/v2\/media\/25135"}],"wp:attachment":[{"href":"https:\/\/akdenizolaygazetesi.com\/index.php?rest_route=%2Fwp%2Fv2%2Fmedia&parent=25134"}],"wp:term":[{"taxonomy":"category","embeddable":true,"href":"https:\/\/akdenizolaygazetesi.com\/index.php?rest_route=%2Fwp%2Fv2%2Fcategories&post=25134"},{"taxonomy":"post_tag","embeddable":true,"href":"https:\/\/akdenizolaygazetesi.com\/index.php?rest_route=%2Fwp%2Fv2%2Ftags&post=25134"}],"curies":[{"name":"wp","href":"https:\/\/api.w.org\/{rel}","templated":true}]}}