{"id":25141,"date":"2023-04-11T12:57:09","date_gmt":"2023-04-11T09:57:09","guid":{"rendered":"http:\/\/akdenizolaygazetesi.com\/?p=25141"},"modified":"2023-04-11T12:57:09","modified_gmt":"2023-04-11T09:57:09","slug":"hazirgiyim-ihracatcilari-surdurulebilirlik-mesleki-egitim-fuarlar-ve-tasarimla-hedefine-kosuyor","status":"publish","type":"post","link":"https:\/\/akdenizolaygazetesi.com\/?p=25141","title":{"rendered":"Haz\u0131rgiyim ihracat\u00e7\u0131lar\u0131 s\u00fcrd\u00fcr\u00fclebilirlik, mesleki e\u011fitim, fuarlar ve tasar\u0131mla hedefine ko\u015fuyor"},"content":{"rendered":"<p>Ege Haz\u0131rgiyim ve Konfeksiyon \u0130hracat\u00e7\u0131lar\u0131 Birli\u011fi 1,6 milyar dolar ihracat hedefine ula\u015fmak i\u00e7in s\u00fcrd\u00fcr\u00fclebilirlik, mesleki e\u011fitim, fuarlar ve tasar\u0131m ba\u015fl\u0131klar\u0131na yo\u011funla\u015facak.<\/p>\n<p>Egeli moda ihracat\u00e7\u0131lar\u0131 2022 y\u0131l\u0131 Ola\u011fan Genel Kurul Toplant\u0131s\u0131 i\u00e7in Ege \u0130hracat\u00e7\u0131 Birlikleri\u2019nde bulu\u015ftu. Genel kurulda konu\u015fan Ege Haz\u0131rgiyim ve Konfeksiyon \u0130hracat\u00e7\u0131lar\u0131 Birli\u011fi Y\u00f6netim Kurulu Ba\u015fkan\u0131 Burak Sertba\u015f, \u201c2022 y\u0131l\u0131 Rusya\u2019n\u0131n Ukrayna\u2019y\u0131 i\u015fgali sebebi ile artan enerji fiyatlar\u0131, k\u00fcresel ekonomi ve ana ihra\u00e7 pazar\u0131m\u0131z Avrupa\u2019daki durgunluk nedeniyle haz\u0131r giyim sekt\u00f6r\u00fc i\u00e7in zor bir y\u0131l olurken, bu etmenlerin ihracat\u0131m\u0131za yans\u0131mas\u0131n\u0131 y\u0131l\u0131n ikinci yar\u0131s\u0131yla birlikte yak\u0131ndan hissettik. T\u00fcm olumsuzluklara ra\u011fmen y\u0131l sonunda T\u00fcrkiye geneli ve EHK\u0130B ihracat\u0131m\u0131z\u0131 ba\u015far\u0131l\u0131 olarak de\u011ferlendiriyorum. T\u00fcrkiye genelinde haz\u0131r giyim ve konfeksiyon ihracat\u0131 2022 y\u0131l\u0131nda y\u00fczde 4,7 art\u0131\u015fla 21 milyar 205 milyon dolar olarak ger\u00e7ekle\u015firken; EHK\u0130B olarak ihracat\u0131m\u0131z, 2022 y\u0131l\u0131nda y\u00fczde 1 azal\u0131\u015fla 1 milyar 472 milyon dolar olarak ger\u00e7ekle\u015fmi\u015ftir. 2022 y\u0131l\u0131nda ger\u00e7ekle\u015ftirdikleri ihracat nedeniyle \u00fclkemize ve Birli\u011fimize sa\u011flad\u0131klar\u0131 katk\u0131dan dolay\u0131 \u00f6d\u00fcl alan firmalar\u0131m\u0131z\u0131 Y\u00f6netim Kurulumuz nezdinde bir kez daha tebrik ediyorum.\u201d dedi.  <\/p>\n<p>17\u2019inci E\u0130B Moda Tasar\u0131m Yar\u0131\u015fmas\u0131na gen\u00e7 tasar\u0131mc\u0131lardan yo\u011fun ilgi<\/p>\n<p>Ba\u015fkan Sertba\u015f, \u201cKatma de\u011ferli \u00fcretimde de sekt\u00f6r olarak iyi bir konumday\u0131z. T\u00fcrkiye\u2019nin ortalama ihra\u00e7 fiyat\u0131 1,6 dolar seviyesindeyken, sekt\u00f6r\u00fcm\u00fcz\u00fcn 2022 y\u0131l\u0131 T\u00fcrkiye geneli ihra\u00e7 fiyat\u0131 14,1 dolard\u0131r. 2022 y\u0131l\u0131nda EHK\u0130B\u2019nin ihra\u00e7 fiyat\u0131 da 17,9 dolar olarak ortalaman\u0131n epey \u00fczerinde ger\u00e7ekle\u015fti. T\u00fcm konjonkt\u00fcrel zorluklara ra\u011fmen EHK\u0130B olarak 2023 y\u0131l\u0131 ihracat hedefimizi 1,6 milyar dolar olarak belirledik. \u0130hracat hedefimize ula\u015fmam\u0131zda tasar\u0131ma yapt\u0131\u011f\u0131m\u0131z yat\u0131r\u0131m\u0131n b\u00fcy\u00fck pay\u0131 oldu\u011funu d\u00fc\u015f\u00fcn\u00fcyorum. E\u0130B Moda Tasar\u0131m Yar\u0131\u015fmam\u0131z\u0131n 17\u2019incisini bu sene Seed temas\u0131yla ve gen\u00e7 tasar\u0131mc\u0131lardan gelen yo\u011fun ilgiyle organize ediyoruz, final gecesini y\u0131l\u0131n ikinci yar\u0131s\u0131nda d\u00fczenleyece\u011fiz.\u201d diye konu\u015ftu.<\/p>\n<p>Fransa, Almanya, ABD ba\u015far\u0131yla ge\u00e7ti<\/p>\n<p>Her y\u0131l iki adet fuara milli kat\u0131l\u0131m organizasyonu d\u00fczenlediklerini hat\u0131rlatan Burak Sertba\u015f Fransa Paris\u2019te Premiere Vision Fuar\u0131&#8217;n\u0131n Manufacturing b\u00f6l\u00fcm\u00fcne, Almanya M\u00fcnih\u2019te Munich Fabric Start fuar\u0131n\u0131n \u201cThe Source\u201d b\u00f6l\u00fcm\u00fcne milli kat\u0131l\u0131m organize ettiklerini a\u00e7\u0131klad\u0131.<\/p>\n<p>\u201cM\u00fcnih Fuar\u0131\u2019n\u0131n ikinci edisyonuna da 17-18 Temmuz 2023 tarihlerinde kat\u0131l\u0131m sa\u011flamak i\u00e7in \u00e7al\u0131\u015fmalara ba\u015flad\u0131k. Ticaret Bakanl\u0131\u011f\u0131m\u0131z\u0131n \u201cUzak \u00dclkeler Stratejisi Eylem Plan\u0131\u201d do\u011frultusunda, Milli kat\u0131l\u0131m fuarlar\u0131m\u0131za bu sene Premiere Vision Manufacturing New York\u2019a ilk kez milli kat\u0131l\u0131m organizasyonu d\u00fczenledik. Fuar\u0131n temmuz ay\u0131ndaki ikinci edisyonuna da kat\u0131l\u0131m i\u00e7in \u00e7al\u0131\u015fmalar\u0131m\u0131z devam ediyor. Ge\u00e7ti\u011fimiz g\u00fcnlerde imalat\u00e7\u0131\/ihracat\u00e7\u0131 firmalar\u0131m\u0131z \u0130talyan firma temsilcileri ile bir araya geldi. \u0130talyan Al\u0131m Heyetimizin tekrar\u0131n\u0131 Eyl\u00fcl ay\u0131nda organize edece\u011fiz. Fashion Prime Tekstil, Haz\u0131r giyim tedarik\u00e7ileri ve Teknolojileri Fuar\u0131\u2019na firmalar\u0131m\u0131zla kat\u0131l\u0131m sa\u011flad\u0131k, IF Wedding Fashion \u0130zmir fuar\u0131yla e\u015f zamanl\u0131 olarak 10 farkl\u0131 Avrupa \u00fclkesinden al\u0131c\u0131lar\u0131n kat\u0131l\u0131m\u0131yla bir Sekt\u00f6rel Al\u0131m Heyeti d\u00fczenledik. Kas\u0131m ay\u0131nda Hollanda Al\u0131m Heyeti de d\u00fczenleyece\u011fiz.\u201d<\/p>\n<p>S\u00fcrd\u00fcr\u00fclebilirli\u011fe y\u00f6nelik yeni URGE projeleri g\u00fcndemde<\/p>\n<p>Haz\u0131rgiyim sekt\u00f6r\u00fcnde ISO Karbon Ayak \u0130zi, Su Ayak \u0130zi ve Ya\u015fam D\u00f6ng\u00fcs\u00fc De\u011ferlendirmelerine ait sertifikaya sahip \u015firketlerin oran\u0131n\u0131n d\u00fc\u015f\u00fck oldu\u011funu s\u00f6yleyen Ba\u015fkan Sertba\u015f, ye\u015fil d\u00f6n\u00fc\u015f\u00fcm s\u00fcrecinde tedarik\u00e7i \u015firketlerin s\u00fcrd\u00fcr\u00fclebilirlik sertifikalar\u0131 ve standartlar\u0131na daha fazla \u00f6nem vermeye ve dikkat etmeye ba\u015flad\u0131\u011f\u0131n\u0131 vurgulad\u0131.<\/p>\n<p>\u201cAYM\u2019nin s\u0131n\u0131rda karbon ayak izi, ecodesign, recycle \u00fcr\u00fcn kullan\u0131m\u0131 ve fosil yak\u0131tlar\u0131n azalt\u0131lmas\u0131 ile ilgili \u00e7al\u0131\u015fmalar\u0131n sonu\u00e7lar\u0131n\u0131 \u00f6l\u00e7mek \u00fczere firmalar \u00f6zel \u015firketlerden karbon ayak izini \u00f6l\u00e7mek i\u00e7in dan\u0131\u015fmanl\u0131k da almaya ba\u015flad\u0131. Bu noktada EHK\u0130B olarak firmalar\u0131m\u0131za UR-GE projemizle destek oluyoruz. Firmalar\u0131m\u0131z\u0131 ba\u015ftan sona Avrupa Ye\u015fil Mutabakat\u0131na uyumlu olmalar\u0131 konusunda birebir dan\u0131\u015fmanl\u0131k hizmeti vermekteyiz. Bu kapsamda 2019 y\u0131l\u0131nda ba\u015flatt\u0131\u011f\u0131m\u0131z URGE projemiz, nisan ay\u0131n\u0131n ilk g\u00fcnlerinde proje kat\u0131l\u0131mc\u0131s\u0131 firma temsilcileri ile birlikte, S\u00fcrd\u00fcr\u00fclebilirlik konusunda d\u00fcnyada \u00f6nc\u00fc \u00fclkelerden biri olan \u0130sve\u00e7\u2019e d\u00fczenlenen inceleme heyeti ile sonland\u0131r\u0131yoruz. \u0130lerleyen g\u00fcnlerde firmalar\u0131m\u0131za y\u00f6nelik s\u00fcrd\u00fcr\u00fclebilir \u00fcr\u00fcn ayak izi ve s\u00fcrd\u00fcr\u00fclebilir pazarlama yeni URGE projeleri organize edilmesi planlanmaktad\u0131r.\u201d<\/p>\n<p>Haz\u0131rgiyim sekt\u00f6r\u00fc gen\u00e7lerin arkas\u0131nda<\/p>\n<p>Sertba\u015f, \u201cYurt d\u0131\u015f\u0131 organizasyonlarda haz\u0131rgiyim sekt\u00f6r\u00fcn\u00fcn uluslararas\u0131 platformda tan\u0131t\u0131m\u0131n\u0131 ger\u00e7ekle\u015ftirmek amac\u0131yla ba\u015flat\u0131lan AHA Projesinin tan\u0131t\u0131m\u0131na devam edece\u011fiz. Malumunuz oldu\u011fu \u00fczere, sekt\u00f6rde kalifiye i\u015f g\u00fcc\u00fcn\u00fcn artt\u0131r\u0131lmas\u0131 \u00e7ok \u00f6nemli bir konu. Bu do\u011frultuda 2019 y\u0131l\u0131nda haz\u0131r giyim ve konfeksiyon firmalar\u0131n\u0131n ileriki y\u0131llarda nitelikli tekstil m\u00fchendisi ihtiyac\u0131na cevap vermek amac\u0131yla lise \u00f6\u011frencisi gen\u00e7lere tekstil m\u00fchendisli\u011fini tan\u0131tmak \u00fczere &#8220;Tekstil M\u00fchendisli\u011fi Alg\u0131s\u0131n\u0131n Y\u00fckseltilmesi&#8221; isimli projeyi hayata ge\u00e7irdik. Bu proje ile birlikte Tekstil M\u00fchendisli\u011fi fak\u00fcltelerinde y\u00fczde 40 olan doluluk oran\u0131 y\u00fczde 90\u2019lara \u00e7\u0131kt\u0131 ve b\u00f6l\u00fcm\u00fcn taban puanlar\u0131 y\u00fckseldi. Ayr\u0131ca bu proje ile ba\u011flant\u0131l\u0131 olarak meslek liselerine y\u00f6nelik \u201cMesle\u011fim Gelece\u011fim \u201cprojesini de ba\u015flatt\u0131k. \u0130zmir genelinde 10 meslek lisesini, g\u00f6n\u00fcll\u00fc \u00fcye firmalar\u0131m\u0131zla e\u015fle\u015ftirerek bu liselere malzeme, kuma\u015f, okuldaki \u00e7e\u015fitli makineler i\u00e7in bak\u0131m onar\u0131m deste\u011fi sa\u011fl\u0131yoruz.\u201d dedi.<\/p>\n<p>77 firma ihracat\u0131n y\u0131ld\u0131z\u0131 oldu 1,1 milyar dolar ihracata imza att\u0131 <\/p>\n<p>Her y\u0131l 2 Milyon dolar ve \u00fcst\u00fc ihracat yapan \u00fcyeleri i\u00e7in \u201c\u0130hracat\u0131n Y\u0131ld\u0131zlar\u0131 \u00d6d\u00fcl T\u00f6reni\u201d d\u00fczenleyen Ege Haz\u0131rgiyim ve Konfeksiyon \u0130hracat\u00e7\u0131lar\u0131 Birli\u011fi, 2022 y\u0131l\u0131n\u0131n ihracat y\u0131ld\u0131zlar\u0131 i\u00e7in 24 \u015eubat 2023 tarihinde planlad\u0131\u011f\u0131 \u00f6d\u00fcl t\u00f6renini 6 \u015eubat Kahramanmara\u015f depremleri nedeniyle iptal etmi\u015fti.  <\/p>\n<p>EHK\u0130B Y\u00f6netim Kurulu, \u00f6d\u00fcl almaya hak kazanan 77 firman\u0131n b\u00fcy\u00fck b\u00f6l\u00fcm\u00fcne \u00f6d\u00fcllerini firmalar\u0131nda ziyaret ederek verirken, \u00f6d\u00fcllerin kalan k\u0131sm\u0131 Genel Kurulda takdim edildi. \u00d6d\u00fcl almaya hak kazanan 77 firma EHK\u0130B\u2019in 2022 y\u0131l\u0131nda ger\u00e7ekle\u015ftirdi\u011fi 1 milyar 472 milyon dolarl\u0131k ihracat\u0131n 1 milyar 110 milyon dolarl\u0131k performansla, toplam ihracat\u0131n y\u00fczde 75\u2019ine imza att\u0131lar.<\/p>\n","protected":false},"excerpt":{"rendered":"<p>Ege Haz\u0131rgiyim ve Konfeksiyon \u0130hracat\u00e7\u0131lar\u0131 Birli\u011fi 1,6 milyar dolar ihracat hedefine ula\u015fmak i\u00e7in s\u00fcrd\u00fcr\u00fclebilirlik, mesleki e\u011fitim, fuarlar ve tasar\u0131m ba\u015fl\u0131klar\u0131na yo\u011funla\u015facak. Egeli moda ihracat\u00e7\u0131lar\u0131 2022 y\u0131l\u0131 Ola\u011fan Genel Kurul Toplant\u0131s\u0131 &hellip; <a href=\"https:\/\/akdenizolaygazetesi.com\/?p=25141\" class=\"more-link\">Devam\u0131n\u0131 Oku&#8230;<\/a><\/p>\n","protected":false},"author":2,"featured_media":25142,"comment_status":"open","ping_status":"open","sticky":false,"template":"","format":"standard","meta":[],"categories":[8,3],"tags":[],"_links":{"self":[{"href":"https:\/\/akdenizolaygazetesi.com\/index.php?rest_route=\/wp\/v2\/posts\/25141"}],"collection":[{"href":"https:\/\/akdenizolaygazetesi.com\/index.php?rest_route=\/wp\/v2\/posts"}],"about":[{"href":"https:\/\/akdenizolaygazetesi.com\/index.php?rest_route=\/wp\/v2\/types\/post"}],"author":[{"embeddable":true,"href":"https:\/\/akdenizolaygazetesi.com\/index.php?rest_route=\/wp\/v2\/users\/2"}],"replies":[{"embeddable":true,"href":"https:\/\/akdenizolaygazetesi.com\/index.php?rest_route=%2Fwp%2Fv2%2Fcomments&post=25141"}],"version-history":[{"count":1,"href":"https:\/\/akdenizolaygazetesi.com\/index.php?rest_route=\/wp\/v2\/posts\/25141\/revisions"}],"predecessor-version":[{"id":25143,"href":"https:\/\/akdenizolaygazetesi.com\/index.php?rest_route=\/wp\/v2\/posts\/25141\/revisions\/25143"}],"wp:featuredmedia":[{"embeddable":true,"href":"https:\/\/akdenizolaygazetesi.com\/index.php?rest_route=\/wp\/v2\/media\/25142"}],"wp:attachment":[{"href":"https:\/\/akdenizolaygazetesi.com\/index.php?rest_route=%2Fwp%2Fv2%2Fmedia&parent=25141"}],"wp:term":[{"taxonomy":"category","embeddable":true,"href":"https:\/\/akdenizolaygazetesi.com\/index.php?rest_route=%2Fwp%2Fv2%2Fcategories&post=25141"},{"taxonomy":"post_tag","embeddable":true,"href":"https:\/\/akdenizolaygazetesi.com\/index.php?rest_route=%2Fwp%2Fv2%2Ftags&post=25141"}],"curies":[{"name":"wp","href":"https:\/\/api.w.org\/{rel}","templated":true}]}}