{"id":25144,"date":"2023-04-11T13:00:18","date_gmt":"2023-04-11T10:00:18","guid":{"rendered":"http:\/\/akdenizolaygazetesi.com\/?p=25144"},"modified":"2023-04-11T13:00:18","modified_gmt":"2023-04-11T10:00:18","slug":"2022-yili-faaliyet-raporu-oy-cokluguyla-kabul-edildi","status":"publish","type":"post","link":"https:\/\/akdenizolaygazetesi.com\/?p=25144","title":{"rendered":"2022 YILI FAAL\u0130YET RAPORU OY \u00c7OKLU\u011eUYLA KABUL ED\u0130LD\u0130"},"content":{"rendered":"<p>Mersin B\u00fcy\u00fck\u015fehir Belediye Meclisi&#8217;nin 2023 y\u0131l\u0131 Nisan Ay\u0131 Ola\u011fan Toplant\u0131s\u0131n\u0131n 1. Birle\u015fimi Ba\u015fkan Vahap Se\u00e7er&#8217;in ba\u015fkanl\u0131\u011f\u0131nda ger\u00e7ekle\u015ftirildi. Meclis toplant\u0131s\u0131nda Birimlerden Gelen 29, Komisyonlara Havale Edilen 16 ve g\u00fcndem d\u0131\u015f\u0131 2 madde olmak \u00fczere toplam 47 madde g\u00f6r\u00fc\u015f\u00fcld\u00fc.<\/p>\n<p>2022 Y\u0131l\u0131 Faaliyet Raporu oy \u00e7oklu\u011fuyla kabul edildi<\/p>\n<p>&#8216;Mersin B\u00fcy\u00fck\u015fehir Belediyesi 2022 Y\u0131l\u0131 Faaliyet Raporu&#8217; g\u00f6r\u00fc\u015f\u00fcl\u00fcrken oturumu Meclis Birinci Ba\u015fkan Vekili Mehmet \u00c7elik y\u00f6netti. G\u00f6r\u00fc\u015fmelerin ve de\u011ferlendirmelerin ard\u0131ndan Mersin B\u00fcy\u00fck\u015fehir Belediyesi 2022 Y\u0131l\u0131 Faaliyet Raporu Meclis toplant\u0131s\u0131nda oy \u00e7oklu\u011fuyla kabul edildi. Toplant\u0131da ayr\u0131ca Denetim Komisyonu Raporu Meclis \u00fcyeleri taraf\u0131ndan g\u00f6r\u00fc\u015f\u00fcld\u00fc.<\/p>\n<p>Meclis toplant\u0131s\u0131nda 1 y\u0131l s\u00fcre ile g\u00f6rev yapmak \u00fczere gizli oy ile B\u00fcy\u00fck\u015fehir Belediye Enc\u00fcmeni&#8217;ne 5 \u00fcye ve i\u015fari oylama ile de \u0130htisas Komisyonlar\u0131 se\u00e7imi yap\u0131ld\u0131.<\/p>\n<p>&#8220;Mersin Belediyesi g\u00fc\u00e7l\u00fcd\u00fcr&#8221;<br \/>\nMeclis \u00fcyelerinin 2022 y\u0131l\u0131 Faaliyet Raporu de\u011ferlendirmelerinden sonra konu\u015fan Ba\u015fkan Se\u00e7er, Mersin B\u00fcy\u00fck\u015fehir Belediyesi&#8217;nin; T\u00fcrkiye&#8217;nin en \u00f6nemli stratejik kentlerinden birini y\u00f6netti\u011fini ve g\u00fc\u00e7l\u00fc bir mali disiplininin oldu\u011funu vurgulayarak, &#8220;Biz g\u00fc\u00e7l\u00fc bir belediyeyiz. Ben bor\u00e7lar\u0131n, olumsuzluklar\u0131n ya da toplumu manip\u00fcle ederek ajite ederek, ba\u015far\u0131s\u0131zl\u0131\u011f\u0131n arkas\u0131na s\u0131\u011f\u0131nan bir siyaset\u00e7i olmad\u0131m bug\u00fcne kadar. Mersin Belediyesi g\u00fc\u00e7l\u00fcd\u00fcr. Mersin Belediyesi, ki b\u00fct\u00fcn belediyeler genel b\u00fct\u00e7eye vergi gelirlerinden paylar\u0131n\u0131 al\u0131rlar, \u00f6z kaynaklar\u0131 vard\u0131r. B\u00fct\u00fcn bu kaynaklar\u0131yla 5 y\u0131l s\u00fcreli yapacaklar\u0131 stratejik plan \u00e7er\u00e7evesinde y\u0131ll\u0131k yat\u0131r\u0131m programlar\u0131 \u00e7er\u00e7evesinde halka hizmet g\u00f6t\u00fcr\u00fcrler&#8221; dedi.<\/p>\n<p>&#8220;Gelir b\u00fct\u00e7esinde ger\u00e7ekle\u015fme oran\u0131 93.2, giderde 92.7&#8221;<br \/>\nGelir ve gider b\u00fct\u00e7elerindeki ger\u00e7ekle\u015fme oranlar\u0131n\u0131n tutarl\u0131l\u0131\u011f\u0131na dikkat \u00e7eken Se\u00e7er, &#8220;Ge\u00e7en y\u0131l 5 milyar 88 milyon lira gelir b\u00fct\u00e7emizin ger\u00e7ekle\u015fme oran\u0131 y\u00fczde 93.2, gider b\u00fct\u00e7emiz ise 5 milyar 932 milyon, y\u00fczde 92.7 ger\u00e7ekle\u015fme sa\u011flam\u0131\u015f\u0131z. Bu mali disiplin demektir. \u015eu anda Mersin B\u00fcy\u00fck\u015fehir Belediyesi&#8217;nin mali disiplini o kadar iyi duruma gelmi\u015ftir ki devrald\u0131\u011f\u0131 d\u00f6nemdeki 400 milyon dolarl\u0131k borcu 115 milyon dolar seviyesindedir. Diyorlar ki &#8216;Gelir b\u00fct\u00e7enizin y\u00fczde 10&#8217;u, 15&#8217;i gibi \u00f6z kaynaklardan kullan\u0131yorsunuz bunu art\u0131rman\u0131z laz\u0131m&#8217;. H\u00fck\u00fcmet sanki bana cebinden g\u00f6nderiyor. Bu \u00e7ok abes bir \u015fey. Bunlar kanunla belirlenmi\u015f. \u00d6yle bir alg\u0131 y\u00f6netimi yap\u0131l\u0131yor ki sanki biz isteyince bu para bize geliyor, sanki engelleme, ayr\u0131mc\u0131l\u0131k yap\u0131lm\u0131yor. Bu ele\u015ftirileri yap\u0131yorsunuz ama bu para bizim yasal hakk\u0131m\u0131z, sizin de yasal hakk\u0131n\u0131z belediyeler olarak. Bunun partisi yok, kanun \u00e7er\u00e7evesinde al\u0131rs\u0131n\u0131z paran\u0131z\u0131&#8221; ifadelerini kulland\u0131.<\/p>\n<p>Ba\u015fkan Se\u00e7er, uluslararas\u0131 kredi kurulu\u015flar\u0131ndan Fitch&#8217;in yay\u0131nlad\u0131\u011f\u0131 raporda T\u00fcrkiye&#8217;de mali tablosu en iyi olan 9 belediyeden birinin Mersin B\u00fcy\u00fck\u015fehir Belediyesi oldu\u011funu s\u00f6yledi.<\/p>\n<p>&#8220;\u0130mk\u00e2nlardan Cumhur \u0130ttifak\u0131 belediyeleri kadar Millet \u0130ttifak\u0131 belediyeleri yararlanm\u0131yor&#8221;<br \/>\nB\u00fcy\u00fck\u015fehir&#8217;in sa\u011flad\u0131\u011f\u0131 mali disiplini \u00e7ok zor \u015fartlarda ger\u00e7ekle\u015ftirdi\u011fini belirten Se\u00e7er, &#8220;Bana &#8216;\u0130ller Bankas\u0131&#8217;ndan Cumhur \u0130ttifak\u0131&#8217;na mensup belediyelerin yararland\u0131\u011f\u0131 kadar muhalefetin belediyeleri yararlan\u0131yor&#8217; diyebilir misiniz? Bakanl\u0131klar\u0131n, kurumlar\u0131n, T\u00fcrkiye Belediyeler Birli\u011fi&#8217;nin sa\u011flad\u0131\u011f\u0131 hibelerden, imk\u00e2nlardan Cumhur \u0130ttifak\u0131&#8217;na mensup belediyeler kadar Millet \u0130ttifak\u0131&#8217;na mensup belediyeler yararlan\u0131yor mu? Kocaman bir hay\u0131r, yararlanm\u0131yor. \u0130nsan mukayese ederken, de\u011ferlendirme yaparken adaletli olmal\u0131 diye d\u00fc\u015f\u00fcn\u00fcyorum&#8221; dedi.<\/p>\n<p>&#8220;Hi\u00e7bir idare kanun d\u0131\u015f\u0131 bir eylem i\u00e7erisinde olamaz&#8221;<br \/>\n\u0130\u015ften \u00e7\u0131karma ve i\u015fe iadelerle ilgili de de\u011ferlendirmelerde bulunan Se\u00e7er, i\u015ften \u00e7\u0131karmalarda yasalara ayk\u0131r\u0131 hi\u00e7bir harekette bulunmad\u0131klar\u0131n\u0131 s\u00f6yledi. Se\u00e7er, &#8220;Hi\u00e7bir idare kanun d\u0131\u015f\u0131 bir eylem i\u00e7erisinde olamaz. 11 bin ki\u015finin \u00e7al\u0131\u015ft\u0131\u011f\u0131 bir kurumda i\u015fe giri\u015fler, \u00e7\u0131k\u0131\u015flar olur. Bunun gerek\u00e7eleri olur. Ama kanun, nizam ne gerektiriyorsa o yap\u0131l\u0131r. \u0130\u015fe iadeler olur, yasal olarak ba\u015flat\u0131rs\u0131n\u0131z, &#8216;Bu bize yararl\u0131&#8217; diyorsan\u0131z devam ettirirsiniz. Ama de\u011filse tazminat\u0131n\u0131 \u00f6dersiniz bu i\u015fi bitirirsiniz ve daha karl\u0131 olursunuz. \u00c7\u00fcnk\u00fc yararlanam\u0131yorsunuz&#8221; diye konu\u015ftu.<\/p>\n<p>&#8216;Ekmek kuyru\u011fu&#8217; ele\u015ftirisine yan\u0131t; &#8220;Bu iktidar\u0131n\u0131za yak\u0131\u015fm\u0131yor, bana de\u011fil&#8221;<br \/>\nBir Meclis \u00fcyesinin, ekmek \u00fcretiminin yetersiz oldu\u011funa dair iddias\u0131na yan\u0131t veren Ba\u015fkan Se\u00e7er, Halk Ekmek olarak farkl\u0131 \u00e7e\u015fitlerde g\u00fcnl\u00fck 65 bin ekmek \u00fcretimi yapt\u0131klar\u0131n\u0131 belirterek, &#8220;Elbette \u00e7ok daha fazla olmas\u0131 gerekir. Bunlar sosyal politikalar \u00e7er\u00e7evesinde yap\u0131l\u0131r. &#8216;Orada kuyruklar olu\u015fuyor. Bu yak\u0131\u015fm\u0131yor&#8217; denildi. Bu yak\u0131\u015fm\u0131yorsa iktidar\u0131n\u0131za yak\u0131\u015fm\u0131yor, bana de\u011fil. Yani ucuz ekmek almak i\u00e7in sabah\u0131n k\u00f6r karanl\u0131\u011f\u0131nda insanlar ekmek kuyru\u011funa girmi\u015fse, demek ki vatanda\u015f\u0131n durumu bu. Ancak ben mevcut imkanlar ve kapasitem dahilinde T\u00fcrkiye&#8217;nin en ucuz ekme\u011fini \u00fcretip sat\u0131yorum&#8221; dedi.<\/p>\n<p>&#8220;Bizim hibelerimiz iki ileri bir geri bekliyor&#8221;<br \/>\n2022 y\u0131l\u0131nda Euro baz\u0131nda 4 milyon 186 bin Euro yurt d\u0131\u015f\u0131ndan hibe ald\u0131klar\u0131n\u0131 ifade eden Ba\u015fkan Se\u00e7er, yurt i\u00e7inden hibe alamad\u0131klar\u0131n\u0131 da vurgulad\u0131. \u0130l\u00e7e belediyelerine yurt i\u00e7inden daha \u00e7ok hibe geldi\u011fini ancak B\u00fcy\u00fck\u015fehir Belediyesi olarak kendilerinin b\u00f6yle bir kayna\u011f\u0131 olmad\u0131\u011f\u0131na dikkat \u00e7eken Se\u00e7er, &#8220;Bizim milyon dolarlar hibelerimiz iki ileri bir geri bekliyor. \u00d6rne\u011fin FRIT II kapsam\u0131ndaki \u00f6nemli bir projemiz Mezitli. \u015eimdi ihalesine \u00e7\u0131kt\u0131k nihayet. O kadar uzuyor ki bu i\u015fler. Art\u0131k \u0130ller Bankas\u0131&#8217;ndan m\u0131 kaynakl\u0131, yoksa bu fonlar\u0131 bize aktaran bankalardan, kurumlardan m\u0131 kaynakl\u0131 bilemiyorum. Biliyorum da bilemiyorum. Biz bu ihaleyi yapana kadar 17 milyon Euro&#8217;luk Mezitli \u0130\u00e7me Suyu \u015eebekesi Projesi 50 milyon Euro&#8217;ya \u00e7\u0131km\u0131\u015f. Hala biz bir kazma vuramad\u0131k. T\u00f6m\u00fck hizmet bekliyor. Homurlu, Kazanl\u0131 bekliyor. 7 milyon Euro civar\u0131nda. Bunlar\u0131n bir k\u0131sm\u0131 hibe. \u00d6rne\u011fin Mezitli hibe. Konu\u015facaksak bunlar\u0131 konu\u015fal\u0131m&#8221; ifadelerini kulland\u0131.<\/p>\n<p>&#8220;Bir kentin turizmi geli\u015fecekse Turizm Bakanl\u0131\u011f\u0131&#8217;n\u0131n \u00f6zel bir gayret g\u00f6stermesi laz\u0131m&#8221;<br \/>\nTurizm alanlar\u0131 konusunda da belediye ve yerel y\u00f6netimler olarak \u00fczerlerine d\u00fc\u015feni yapt\u0131klar\u0131n\u0131 ifade eden Se\u00e7er, &#8220;Makro projeleri yapan kurum Turizm Bakanl\u0131\u011f\u0131&#8217;d\u0131r. Bir kentin turizmi geli\u015fecekse Turizm Bakanl\u0131\u011f\u0131&#8217;n\u0131n \u00f6zel bir gayret g\u00f6stermesi laz\u0131m. Ama biz de belediye olarak kent merkezimizde g\u00fcn\u00fcbirlik geziler ya da yerli turistin gelebilmesi, a\u011f\u0131rlanabilmesi i\u00e7in \u00f6nemli d\u00fczenlemeler yap\u0131yoruz. Ama bizim bu gayretlerimiz T\u00fcrkiye&#8217;nin ya da d\u00fcnyan\u0131n say\u0131l\u0131 turizm kenti olmas\u0131 i\u00e7in Mersin&#8217;e yetersizdir. Bunun Turizm Bakanl\u0131\u011f\u0131 eliyle yap\u0131lmas\u0131 gerekirdi. Turizme y\u00f6nelik 22 y\u0131ld\u0131r bir \u015fey yap\u0131lmad\u0131. Buraya insan gelecek, havaalan\u0131 laz\u0131m. 2013&#8217;te temeli at\u0131ld\u0131, 2023 yap\u0131lmad\u0131&#8221; diye konu\u015ftu.<\/p>\n<p>&#8220;Ben her yurtta\u015f\u0131ma adaletli hizmet g\u00f6t\u00fcrmekle m\u00fckellefim&#8221;<br \/>\nKat\u0131 At\u0131k Bertaraf Tesisi hakk\u0131nda da a\u00e7\u0131klamalarda bulunan Ba\u015fkan Se\u00e7er, Bozyaz\u0131 G\u00f6zs\u00fczce&#8217;de Orman Genel M\u00fcd\u00fcrl\u00fc\u011f\u00fc&#8217;nden tahsisi al\u0131nan bir yer oldu\u011funu ve Ayd\u0131nc\u0131k, Bozyaz\u0131, Anamur, G\u00fclnar ile Mut&#8217;un at\u0131klar\u0131n\u0131 o b\u00f6lgeye \u00e7ekeceklerini s\u00f6yledi. Ba\u015fkan Se\u00e7er, &#8220;22 milyon Euro hibe geliyor ve bu hibe -mahkeme s\u00fcrecinden dolay\u0131- belli bir s\u00fcre kullan\u0131lmad\u0131\u011f\u0131 i\u00e7in geri gidiyor. Orada bir sorun var. Ben rozetimi \u00e7\u0131kartm\u0131\u015f bir belediye ba\u015fkan\u0131y\u0131m. Ben kentimin her k\u00f6\u015fesine, b\u00f6lgesine, her yurtta\u015f\u0131ma adaletli hizmet g\u00f6t\u00fcrmekle m\u00fckellefim. Vicdani, insani, idari ve hukuki olarak da b\u00f6yle davranmak zorunday\u0131m&#8221; dedi.<\/p>\n<p>&#8220;Her y\u0131l milyonlarca lira ta\u015f\u0131ma \u00fccreti \u00f6d\u00fcyoruz&#8221;<br \/>\nAyd\u0131nc\u0131k, Bozyaz\u0131, Anamur, Mut ve G\u00fclnar&#8217;\u0131n, ge\u00e7mi\u015fte at\u0131klar\u0131n\u0131 ormana vah\u015fi depolama y\u00f6ntemi ile d\u00f6kt\u00fcklerini hat\u0131rlatan Ba\u015fkan Se\u00e7er &#8220;Belediye Ba\u015fkanlar\u0131 burada. Bizim y\u00f6netim i\u015f ba\u015f\u0131na gelene kadar oran\u0131n kat\u0131 at\u0131klar\u0131, evsel at\u0131klar\u0131, fabrika at\u0131klar\u0131 nereye d\u00f6k\u00fcl\u00fcyordu? Ormana, vah\u015fi depolama yap\u0131l\u0131yordu. Gilindire Ma\u011faras\u0131&#8217;n\u0131n yolu \u00fczerine. Ayn\u0131 \u015fekilde Mut&#8217;ta G\u00fclnar&#8217;da ormana d\u00f6k\u00fcyordu. &#8216;Bu facia, bunu biz ta\u015f\u0131yal\u0131m&#8217; dedik, Silifke&#8217;ye getiriyoruz. Her y\u0131l milyonlarca lira ta\u015f\u0131ma \u00fccreti \u00f6d\u00fcyoruz arkada\u015flar. Bu para kamunun kayna\u011f\u0131&#8221; dedi.<\/p>\n<p>Hayvan bar\u0131naklar\u0131 hakk\u0131nda y\u00f6neltilen ele\u015ftirilere yan\u0131t veren Ba\u015fkan Se\u00e7er; Silifke&#8217;de ki bar\u0131na\u011f\u0131n yeni bitti\u011fini ancak Mut&#8217;ta yapmak istedikleri bar\u0131nak i\u00e7in Orman Bakanl\u0131\u011f\u0131&#8217;ndan kullan\u0131lmayan bir tesis alan\u0131n\u0131n tahsisini istediklerini ancak aylar sonra &#8216;Talebiniz reddedilmi\u015ftir&#8217; yan\u0131t\u0131 ald\u0131klar\u0131n\u0131 s\u00f6yleyen Se\u00e7er, &#8220;Belediye devletin yasal, anayasal bir kurumu. \u0130stedi\u011fimiz yer orman alan\u0131 da de\u011fil, kullan\u0131lmayan bir tesis alan\u0131. \u015eimdi bunlara h\u0131z kazand\u0131r\u0131lmazsa, bu \u00e7al\u0131\u015fmalar\u0131m\u0131z\u0131 biz nas\u0131l yapaca\u011f\u0131z arkada\u015flar?&#8221; diye konu\u015ftu.<\/p>\n<p>Dar gelirli vatanda\u015flara da\u011f\u0131t\u0131m\u0131 yap\u0131lan g\u0131da kolilerinde partizanl\u0131k yap\u0131ld\u0131\u011f\u0131 iddialar\u0131n\u0131 net bir ifade ile reddetti\u011fini s\u00f6yleyen Ba\u015fkan Se\u00e7er &#8221; &#8216;Yanda\u015flara da\u011f\u0131t\u0131l\u0131yor, partililere da\u011f\u0131t\u0131l\u0131yor&#8217; iddialar\u0131 geldi, bunu asla kabul etmem. Kesinlikle, &#8216;Bu mahalleye verilsin, buraya verilmesin&#8217; , &#8216;Burada bizim adamlar var, burada yok&#8217; b\u00f6yle bir ayr\u0131mc\u0131l\u0131k yok. 120 bin civar\u0131nda bir koli da\u011f\u0131t\u0131m\u0131 ger\u00e7ekle\u015ftiriliyor, sadece Ramazan kolisi. Daha \u00f6ncede 15 binin \u00fczerinde, depremzedelere da\u011f\u0131t\u0131m yapm\u0131\u015ft\u0131k. Bunlar\u0131 da s\u0131rf g\u00f6steri\u015f olsun, koli olsun diye de\u011fil, ger\u00e7ekten i\u00e7erisinde 15-20 g\u00fcn k\u00fc\u00e7\u00fck bir aileye yetecek g\u0131dalar var. Bu konuda bu ele\u015ftirileri \u015fikayetleri art niyetli bulurum&#8221; dedi. <\/p>\n<p>&#8220;\u00d6\u011frencilerimiz her \u015feyin en iyisine lay\u0131kt\u0131r&#8221;<br \/>\nMersin&#8217;in \u00f6\u011frenci \u015fehri olmas\u0131n\u0131 istediklerini ve bu do\u011frultuda \u00e7ok \u00f6nemli \u00e7al\u0131\u015fmalara imza att\u0131klar\u0131n\u0131n alt\u0131n\u0131 \u00e7izen Ba\u015fkan Se\u00e7er \u015funlar\u0131 kaydetti: &#8220;Mersin \u00f6\u011frenci kenti olsun. Herkes sahilleri ranta a\u00e7ar, ben \u00f6\u011frencilere a\u00e7\u0131yorum. Belediyelerde b\u00f6yle denize naz\u0131r, leb-i derya, muazzam yerler, araziler hep ranta a\u00e7\u0131l\u0131r. Ben vatanda\u015f\u0131ma a\u00e7\u0131yorum. &#8216;\u00d6\u011frencilerimiz her \u015feyin en iyisine lay\u0131kt\u0131r&#8217; deyip en g\u00fczel yerlerde okuma salonlar\u0131 yap\u0131yoruz. Bir\u00e7ok mahallede yap\u0131yoruz. \u00d6zellikle \u00e7ok kalabal\u0131k ailelerin ya\u015fad\u0131\u011f\u0131 b\u00f6lgeler var. \u00c7ocuk ders \u00e7al\u0131\u015fam\u0131yor. Bizim yapt\u0131\u011f\u0131m\u0131z e\u011fitim destekleri, dershaneler, \u00f6\u011frenci burslar\u0131, \u00fcniversitelerin kap\u0131s\u0131nda \u015fu anda 6 TL&#8217;ye \u00fc\u00e7 kap yemek veriyoruz. T\u00fcrkiye&#8217;nin en ucuz, her t\u00fcrl\u00fc imkan\u0131 olan toplu ta\u015f\u0131ma ara\u00e7lar\u0131 Mersinde \u00f6\u011frencilerimizin emrine 1 TL&#8217;ye amade, b\u00f6yle bir \u00fccret yok T\u00fcrkiye&#8217;de.&#8221;<\/p>\n<p>Metro i\u00e7in &#8216;Bar\u0131\u015f Projesi&#8217; diyen Ba\u015fkan Se\u00e7er, projeyi revize ettiklerini ve 30 km&#8217;ye \u00e7\u0131kard\u0131klar\u0131n\u0131 hat\u0131rlatt\u0131. Revize yap\u0131lan proje i\u00e7in \u00c7ED g\u00f6r\u00fc\u015f\u00fcn\u00fcn bahane edildi\u011fini ifade eden Ba\u015fkan Se\u00e7er, &#8220;Mevcut proje i\u00e7erisinden yakla\u015f\u0131k 300 metrelik bir mesafe ba\u015fka b\u00f6l\u00fcme girdi. Bak\u0131n nas\u0131l k\u0131l\u0131f buluyorlar; &#8216;Biz \u00c7ED olmad\u0131\u011f\u0131 i\u00e7in metro kredisini onaylam\u0131yoruz&#8217;. G\u00f6z\u00fcn\u00fcz\u00fcn \u00f6n\u00fcnde do\u011fa katliam\u0131 yap\u0131l\u0131yor, ormanlar talan ediliyor, k\u0131y\u0131 talan ediliyor 10 g\u00fcnde \u00c7ED&#8217;i \u00e7\u0131k\u0131yor. 2 y\u0131ld\u0131r iki ileri bir geri. Kurum g\u00f6r\u00fc\u015flerinde problem yok. Onay\u0131 bekliyoruz. Benim mali tablolar\u0131mda problem var m\u0131? Siz bana 2021&#8217;in A\u011fustos ay\u0131nda Meclis&#8217;ten 900 milyon liray\u0131 alabilirsin diye vermediniz mi? \u00dczerinden 2 sene ge\u00e7iyor. A\u011fustos&#8217;ta 2 y\u0131l dolacak. Bunu niye onaylamazlar? Benim tablom ortada. Bana 400 milyon dolarl\u0131k bir mali tablo devrettiniz. \u015eu anda 115 milyon dolar borcu olan bir belediyeye siz niye zul\u00fcm edersiniz? Meclis neden bize yard\u0131mc\u0131 olmaz? Say\u0131n Tanr\u0131verdi s\u00f6yledi; &#8216;Biz meclis olarak finansman bulmas\u0131na yard\u0131mc\u0131 olamad\u0131k&#8217; dedi. Do\u011fru s\u00f6yl\u00fcyor. Yaz\u0131kt\u0131r, g\u00fcnaht\u0131r, Euro 20 TL oldu. 2 y\u0131lda ben d\u00fcnya i\u015f yapard\u0131m. Siz niye Mersin&#8217;in istikbalini engellediniz? Niye Mersin&#8217;in 2 y\u0131l\u0131n\u0131 \u00e7ald\u0131n\u0131z?&#8221; dedi.<\/p>\n<p>&#8220;Metro konusunda al\u0131nan b\u00fct\u00fcn kararlar bal gibi engellemedir, siyasi kararlard\u0131r&#8221;<br \/>\nMersin Metrosuyla ilgili Ankara&#8217;n\u0131n kararlar\u0131n\u0131n siyasi engelleme \u00e7al\u0131\u015fmalar\u0131 oldu\u011funa vurgu yapan Ba\u015fkan Se\u00e7er, Metro konusunda yurtd\u0131\u015f\u0131ndan finansman buldu\u011funu ancak T\u00fcrkiye&#8217;nin mali durumu nedeniyle verilmedi\u011fini aktard\u0131.  Se\u00e7er \u015funlar\u0131 s\u00f6yledi: &#8220;Bu konuda al\u0131nan b\u00fct\u00fcn kararlar tek kelime ile bal gibi engellemedir, siyasi kararlard\u0131r. &#8216;Hizmet gitmesin, Vahap Se\u00e7er ba\u015far\u0131s\u0131z olsun&#8217; mant\u0131\u011f\u0131d\u0131r. Metroyla ilgili \u00e7ok yaz\u0131k ettik. Bunu ben de\u011fil iktidar yapt\u0131. Metroyu hi\u00e7bir belediye merkezi h\u00fck\u00fcmetin onay\u0131, izni olmadan yapamaz, ihaleyi hi\u00e7 yapamaz. Sen Mersin B\u00fcy\u00fck\u015fehir Belediyesi metro projesini yat\u0131r\u0131m program\u0131na alan h\u00fck\u00fcmetsen devam\u0131n\u0131 getirmesini sa\u011flayacaks\u0131n. Bunu siyasi saiklerle engelledi\u011fin noktada Mersin halk\u0131na k\u00f6t\u00fcl\u00fck yapars\u0131n. \u00c7\u0131k\u0131p ortal\u0131\u011fa &#8216;\u00c7ED raporu al\u0131nmam\u0131\u015f&#8217; deyip bu uydurma gerek\u00e7eyle de siyasi eti\u011fe s\u0131\u011fmayan yalanlar ortaya koymay\u0131n. Bunu yapmay\u0131n.&#8221;<\/p>\n<p>&#8220;G\u00fcne\u015f bal\u00e7\u0131kla s\u0131vanmaz, biz ba\u015far\u0131l\u0131 belediyeyiz&#8221;<br \/>\nB\u00fcy\u00fck\u015fehir olarak ba\u015far\u0131l\u0131 \u00e7al\u0131\u015fmalara imza att\u0131klar\u0131n\u0131 s\u00f6yleyen Ba\u015fkan Se\u00e7er, &#8220;Biz ba\u015far\u0131l\u0131 bir belediyeyiz. G\u00fcne\u015f bal\u00e7\u0131kla s\u0131vanmaz. \u00c7ok da g\u00fczel i\u015fler yap\u0131yoruz. Siz tarihimizde g\u00f6rmedi\u011fimiz kalitede yollar g\u00f6r\u00fcyorsunuz. Tarihinde g\u00f6rmedi\u011fi \u015fekilde adaletli bir hizmet al\u0131yor Mersin halk\u0131. Sosyal hizmetlere tarihinde g\u00f6rmedi\u011fi b\u00fct\u00e7eler ay\u0131r\u0131yoruz. 2019&#8217;daki b\u00fct\u00e7emizle bug\u00fcnk\u00fc b\u00fct\u00e7emizin aras\u0131ndaki fark yakla\u015f\u0131k olarak 5 kat\u0131. \u015eu anda 10 milyar 660 milyon TL. O zaman 2 milyar 255 milyon TL b\u00fct\u00e7e ile geldik. O b\u00fct\u00e7eyi de biz yapmad\u0131k. Zaten y\u00fczde 75 ger\u00e7ekle\u015fme oran\u0131 vard\u0131. Sonra b\u00fct\u00e7e ger\u00e7ekle\u015fmeleri y\u00fczde 98&#8217;lere, y\u00fczde 99&#8217;lara \u00e7\u0131kt\u0131&#8221; diye belirtti. 2022 y\u0131l\u0131 performans\u0131n\u0131n y\u00fczde 88.48 ile \u00e7ok y\u00fcksek bir oran oldu\u011funa dikkat \u00e7eken Ba\u015fkan Se\u00e7er, elde edilen ba\u015far\u0131dan \u00f6t\u00fcr\u00fc, \u00e7al\u0131\u015fma arkada\u015flar\u0131na, en alt kademeden en \u00fcst kademeye kadar emek veren mesai arkada\u015flar\u0131na, katk\u0131 sunan Meclis \u00fcyelerine ve verdikleri destek i\u00e7in Mersin halk\u0131na te\u015fekk\u00fcr etti. <\/p>\n<p>Mersin&#8217;de merkezi h\u00fck\u00fcmet taraf\u0131ndan yap\u0131lmas\u0131 gereken pek \u00e7ok hizmetin yap\u0131lmad\u0131\u011f\u0131n\u0131 hat\u0131rlatan Ba\u015fkan Se\u00e7er, &#8220;22 y\u0131lda her ay vergi gelirlerinden 5.,6.,7. s\u0131rada size para \u00f6deyen Mersin&#8217;e ne yapt\u0131n\u0131z? Havaalan\u0131n\u0131 m\u0131 bitirdiniz? \u00c7e\u015fmeli-Ta\u015fucu otoyolunu mu bitirdiniz? Sahil yolunu mu bitirdiniz? Ne yapt\u0131\u011f\u0131n\u0131z\u0131 bana s\u00f6yleyin. Mersin B\u00fcy\u00fck\u015fehir Belediyesi mevcut b\u00fct\u00e7esi, mevcut kredi imkanlar\u0131 ile olabilecek en iyi i\u015fi yap\u0131yor&#8221; dedi. Cumhur \u0130ttifak\u0131&#8217;na mensup bir Meclis \u00fcyesinin kentsel d\u00f6n\u00fc\u015f\u00fcm\u00fc kendilerinin yapaca\u011f\u0131n\u0131 s\u00f6ylemesi \u00fczerine de Ba\u015fkan Se\u00e7er, \u015funlar\u0131 s\u00f6yledi: &#8220;&#8216;Kentsel d\u00f6n\u00fc\u015f\u00fcm\u00fc biz gelince yapaca\u011f\u0131z&#8217; diyor. O da hayal aleminde. 22 y\u0131ld\u0131r iktidar. Kentsel d\u00f6n\u00fc\u015f\u00fcm \u00f6yle basit i\u015fler de\u011fil. Bakanl\u0131\u011f\u0131&#8217;nda TOK\u0130 arac\u0131l\u0131\u011f\u0131yla ya da ba\u015fka kurumlar arac\u0131l\u0131\u011f\u0131yla destek vermesi gereken \u00e7ok fakt\u00f6rl\u00fc bir mesele. Kolay bir \u015fey de\u011fil&#8221; diye ifade etti.<\/p>\n<p>&#8220;\u0130mar konusunda yol almak i\u00e7in her t\u00fcrl\u00fc gayreti g\u00f6steriyoruz&#8221;<br \/>\n\u0130mar planlar\u0131n\u0131n ilerlemedi\u011fi y\u00f6n\u00fcndeki ele\u015ftirilere ise Ba\u015fkan Se\u00e7er, &#8220;Bunlar boyac\u0131 k\u00fcp\u00fc de\u011fil bat\u0131r\u0131p \u00e7\u0131karas\u0131n\u0131z. \u00c7ok netameli i\u015fler ama Mezitli&#8217;de \u00e7ok \u00e7ok \u00f6nemli bir mesafe al\u0131nd\u0131. Yeni\u015fehir \u00f6yle, Toroslar k\u0131smen, Akdeniz zaten ge\u00e7 ba\u015flad\u0131k. \u00c7\u00fcnk\u00fc zaman al\u0131yor. Onlar devam ediyor. Mersin B\u00fcy\u00fck\u015fehir Belediyesi&#8217;nin yapt\u0131\u011f\u0131 naz\u0131m imar \u00e7al\u0131\u015fmalar\u0131 de\u011fil ki mesele. 1\/1000&#8217;liklerini il\u00e7e belediyeleri yapacak. Bunu hakka, hukuka uygun yapacak. Do\u011fru, d\u00fcr\u00fcst yapacak. Bunlar s\u00fcratle yap\u0131l\u0131rsa biz de katk\u0131 sunuyoruz. Yol almak i\u00e7in her t\u00fcrl\u00fc gayreti g\u00f6steriyoruz&#8221; c\u00fcmleleriyle yan\u0131t verdi.<\/p>\n<p>&#8220;\u0130kinci 5 y\u0131lda ilk icraat\u0131m\u0131z Toplu Konut olacak&#8221;<br \/>\n\u0130kinci 5 y\u0131lda ilk icraatlar\u0131n\u0131n Toplu Konut olaca\u011f\u0131n\u0131 belirten Se\u00e7er, &#8220;Farkl\u0131 form\u00fcller \u00fczerinde \u00e7al\u0131\u015f\u0131yoruz. Bunu yar\u0131n yapar\u0131z dersem yalan s\u00f6ylerim. Bir dahaki d\u00f6neme haz\u0131rlan\u0131yoruz. Bir dahaki d\u00f6nem Allah k\u0131smet ederse, belediye idaresi halk taraf\u0131ndan bize verilirse yapaca\u011f\u0131z&#8221; ifadelerini kulland\u0131.<\/p>\n<p>&#8220;Mersin Mersin olal\u0131 bu kadar kaliteli yollarla tan\u0131\u015fmad\u0131&#8221;<br \/>\nMersin&#8217;de Mersinlilerin hi\u00e7 g\u00f6rmedi\u011fi yol \u00e7al\u0131\u015fmalar\u0131n\u0131 ger\u00e7ekle\u015ftirdiklerini de vurgulayan Se\u00e7er, 2022 y\u0131l\u0131nda 1,5 milyon ton asfalt kullan\u0131ld\u0131\u011f\u0131n\u0131, 2 bin 200 km sathi kaplama yap\u0131ld\u0131\u011f\u0131n\u0131 s\u00f6yledi. Se\u00e7er, &#8220;Tarsus&#8217;a ilk kez 2 bin 200 metre bulvar a\u00e7an y\u00f6netim biziz. Tarsus Tarsus olal\u0131 bu kadar kaliteli yollarla tan\u0131\u015fmad\u0131. Bunun da hakk\u0131n\u0131 verin. Mersin de Mersin olal\u0131 bu kadar kaliteli yollarla tan\u0131\u015fmad\u0131. Bizim d\u00f6nemimizde tan\u0131\u015ft\u0131. Ben bunu her gitti\u011fimde duyuyorum. Anamur&#8217;a gidin. Anamur sahil yolunu da yapt\u0131k. Yani tarihinde olmad\u0131\u011f\u0131 kadar g\u00fczel altyap\u0131 yapt\u0131k. G\u00fclnar&#8217;a da Mut&#8217;a da, Yeni\u015fehir&#8217;e de Akdeniz&#8217;e de. Mesele sadece yeni yol a\u00e7mak de\u011fil. Her yere yol a\u00e7amazs\u0131n\u0131z, ihtiyac\u0131 olan yerlere a\u00e7ars\u0131n\u0131z. Mevcut yollar\u0131n ihyas\u0131ndan bahsediyorum. Mevcut yollara bak\u0131n. 3. \u00c7evreyolu&#8217;nu yeniliyoruz. 4 \u00c7evreyolu&#8217;nu yeni a\u00e7t\u0131k. 7 Karde\u015fler kav\u015fa\u011f\u0131nda biten yolu GMK&#8217;ya, D-400&#8217;e ba\u011fl\u0131yoruz. \u015eimdi 980 metrelik b\u00f6l\u00fcm\u00fc bitti. Karayollar\u0131&#8217;ndan bir rakam verebilir misiniz 4 y\u0131lda Mersin&#8217;de ne kadar yol a\u00e7t\u0131? Beni ele\u015ftirenler \u015fu otoyolu bir yapsalar ke\u015fke. 2 bin 200 kilometre sathi kaplamay\u0131, 1,5 milyon ton asfalt\u0131 be\u011fenmiyorsunuz&#8221; diye konu\u015ftu.<\/p>\n<p>&#8220;\u0130yi sonsuza gider. Tar\u0131m da bunu hak ediyor&#8221;<br \/>\nTar\u0131msal destekleri her zaman art\u0131racak \u00e7al\u0131\u015fmalar yapacaklar\u0131n\u0131 s\u00f6yleyen Ba\u015fkan Se\u00e7er, &#8220;\u0130yi sonsuza gider. Tar\u0131m da bunu hak ediyor. \u0130yi i\u015fler yapt\u0131\u011f\u0131m\u0131z\u0131 da bilmenizi istiyorum. Hayvanc\u0131l\u0131k, sulama borusu, fide, fidan deste\u011fi, her alanda sonu\u00e7 al\u0131c\u0131 \u00e7al\u0131\u015fmalar yapt\u0131\u011f\u0131m\u0131z\u0131 s\u00f6yleyebilirim. Bir araba garajda kapal\u0131 kal\u0131rsa ar\u0131za yapar m\u0131? Sorun yapar m\u0131? Demek ki biz \u00e7al\u0131\u015fan arabay\u0131z. Ar\u0131za yapmam\u0131z da olas\u0131d\u0131r. Ar\u0131za yap\u0131yoruz, alet ekipman eskiyebilir, herhangi bir sorun olabilir ama yol al\u0131yoruz. Araba yol al\u0131yor bu \u00f6nemli, yatm\u0131yor garajda&#8221; ifadelerine yer verdi.<\/p>\n<p>&#8220;Sosyal Hizmetlerin b\u00fct\u00e7esi 8-9 kat artt\u0131&#8221;<br \/>\nBa\u015fkan Se\u00e7er, B\u00fcy\u00fck\u015fehir&#8217;in b\u00fct\u00e7esinin 4 kat artt\u0131\u011f\u0131n\u0131 fakat sosyal hizmetlere ayr\u0131lan b\u00fct\u00e7enin 8-9 kat artt\u0131\u011f\u0131n\u0131 belirterek, &#8220;Bizim fark\u0131m\u0131z bu. Ben de bu konuda olumlu yakla\u015f\u0131yorum. D\u00f6nemsel olarak \u00f6zellikle pandemi bunu gerektirdi. Deprem dolay\u0131s\u0131yla ya\u015fad\u0131klar\u0131m\u0131z. Belki ona ilave b\u00fct\u00e7e artt\u0131raca\u011f\u0131z. \u00c7\u00fcnk\u00fc evdeki hesap \u00e7ar\u015f\u0131ya uymuyor bu anlamda da&#8221; dedi.<\/p>\n<p>&#8220;\u00c7al\u0131\u015fma arkada\u015flar\u0131mdan son derece memnunum&#8221;<br \/>\nBelediye personelinden memnun oldu\u011funu da s\u00f6zlerine ekleyen Ba\u015fkan Se\u00e7er, &#8220;Siyasi m\u00fclahazalarla yap\u0131lan toplu s\u00f6zle\u015fmeler, s\u0131rf &#8216;\u00c7al\u0131\u015fana \u015firin g\u00f6r\u00fcneyim, se\u00e7ime y\u00f6nelik hamle yapay\u0131m&#8217; diye yap\u0131lan \u00e7al\u0131\u015fmalar \u00fcst \u00fcste birikiyor, koca bir sorun da\u011f\u0131 haline geliyor belediyelerde. \u015eu anda biz de en d\u00fc\u015f\u00fck \u00fccret sosyal haklar\u0131 ile beraber ortalama bir y\u0131la vurdu\u011funu zaman ortalama 10 bin 300 lira, bu en taban \u00fccret. Ben personellerimden, \u00e7al\u0131\u015fma arkada\u015flar\u0131mdan son derece memnunum. Onlar\u0131n da al\u0131n terlerinin, emeklerinin kar\u015f\u0131l\u0131\u011f\u0131n\u0131 hak\u00e7a almas\u0131 y\u00f6n\u00fcnde \u00e7al\u0131\u015ft\u0131\u011f\u0131m\u0131 bilmelerini isterim&#8221; dedi.<\/p>\n<p>13 y\u0131ld\u0131r devam eden Erdemli Hali&#8217;ni \u00e7ok k\u0131sa s\u00fcrede bitirdiklerini anlatan Se\u00e7er, &#8220;\u00c7ok g\u00fczel bir kompleks oldu. \u015eu anda depremzede karde\u015flerimiz orada. Yeni yerlerine ge\u00e7mesi i\u00e7in d\u00fckkan sahiplerinin y\u0131lba\u015f\u0131n\u0131 beklemesi gerekecek \u00e7\u00fcnk\u00fc kira s\u00fcreleri o zaman doluyor. Y\u0131lba\u015f\u0131nda ihaleye \u00e7\u0131kaca\u011f\u0131z, a\u00e7\u0131k art\u0131rma usul\u00fc ihalemizi yapaca\u011f\u0131z. Daha farkl\u0131 y\u00f6ntemler konusunda \u00e7ok \u0131srarc\u0131 oldum, ilgililerle de g\u00f6r\u00fc\u015ft\u00fck ama \u00e7\u00f6z\u00fcme ula\u015famad\u0131k&#8221;  ifadelerine yer verdi.<\/p>\n<p>Mersin, Ad\u0131yaman ile karde\u015f \u015fehir oldu<br \/>\nMeclis toplant\u0131s\u0131nda ayr\u0131ca Ad\u0131yaman Belediyesi ile Mersin B\u00fcy\u00fck\u015fehir Belediyesi&#8217;nin karde\u015f \u015fehir olmas\u0131 ile ilgili konu g\u00f6r\u00fc\u015f\u00fcld\u00fc ve ilgili madde oy birli\u011fiyle kabul edildi. Konuyla ilgili konu\u015fan Ba\u015fkan Se\u00e7er, B\u00fcy\u00fck\u015fehir olarak Ad\u0131yaman&#8217;da deprem sonras\u0131 yapt\u0131klar\u0131 faaliyetlerden s\u00f6z etti. Ba\u015fkan Se\u00e7er, &#8220;Ad\u0131yaman&#8217;da 670 konteynerlik bir konteyner kent yap\u0131yoruz. Bu yeri bize AFAD sa\u011flad\u0131. Biz de \u015fu anda i\u015fbirli\u011fi halinde bu \u00e7al\u0131\u015fmalar\u0131 yap\u0131yoruz. Belediye ile de i\u015fbirli\u011fimiz var. Ad\u0131yaman Belediye Meclisi&#8217;nden ge\u00e7mi\u015f bu karar. Bize sordular, &#8216;Hay hay!&#8217; dedik. Yapt\u0131\u011f\u0131m\u0131z karde\u015f \u015fehir teklifinin kabul edilmesi i\u00e7in de sizlere te\u015fekk\u00fcr ediyorum&#8221; dedi. <\/p>\n","protected":false},"excerpt":{"rendered":"<p>Mersin B\u00fcy\u00fck\u015fehir Belediye Meclisi&#8217;nin 2023 y\u0131l\u0131 Nisan Ay\u0131 Ola\u011fan Toplant\u0131s\u0131n\u0131n 1. Birle\u015fimi Ba\u015fkan Vahap Se\u00e7er&#8217;in ba\u015fkanl\u0131\u011f\u0131nda ger\u00e7ekle\u015ftirildi. Meclis toplant\u0131s\u0131nda Birimlerden Gelen 29, Komisyonlara Havale Edilen 16 ve g\u00fcndem d\u0131\u015f\u0131 2 &hellip; <a href=\"https:\/\/akdenizolaygazetesi.com\/?p=25144\" class=\"more-link\">Devam\u0131n\u0131 Oku&#8230;<\/a><\/p>\n","protected":false},"author":2,"featured_media":25145,"comment_status":"open","ping_status":"open","sticky":false,"template":"","format":"standard","meta":[],"categories":[8,2,3,6],"tags":[],"_links":{"self":[{"href":"https:\/\/akdenizolaygazetesi.com\/index.php?rest_route=\/wp\/v2\/posts\/25144"}],"collection":[{"href":"https:\/\/akdenizolaygazetesi.com\/index.php?rest_route=\/wp\/v2\/posts"}],"about":[{"href":"https:\/\/akdenizolaygazetesi.com\/index.php?rest_route=\/wp\/v2\/types\/post"}],"author":[{"embeddable":true,"href":"https:\/\/akdenizolaygazetesi.com\/index.php?rest_route=\/wp\/v2\/users\/2"}],"replies":[{"embeddable":true,"href":"https:\/\/akdenizolaygazetesi.com\/index.php?rest_route=%2Fwp%2Fv2%2Fcomments&post=25144"}],"version-history":[{"count":1,"href":"https:\/\/akdenizolaygazetesi.com\/index.php?rest_route=\/wp\/v2\/posts\/25144\/revisions"}],"predecessor-version":[{"id":25146,"href":"https:\/\/akdenizolaygazetesi.com\/index.php?rest_route=\/wp\/v2\/posts\/25144\/revisions\/25146"}],"wp:featuredmedia":[{"embeddable":true,"href":"https:\/\/akdenizolaygazetesi.com\/index.php?rest_route=\/wp\/v2\/media\/25145"}],"wp:attachment":[{"href":"https:\/\/akdenizolaygazetesi.com\/index.php?rest_route=%2Fwp%2Fv2%2Fmedia&parent=25144"}],"wp:term":[{"taxonomy":"category","embeddable":true,"href":"https:\/\/akdenizolaygazetesi.com\/index.php?rest_route=%2Fwp%2Fv2%2Fcategories&post=25144"},{"taxonomy":"post_tag","embeddable":true,"href":"https:\/\/akdenizolaygazetesi.com\/index.php?rest_route=%2Fwp%2Fv2%2Ftags&post=25144"}],"curies":[{"name":"wp","href":"https:\/\/api.w.org\/{rel}","templated":true}]}}