{"id":25159,"date":"2023-04-11T16:21:48","date_gmt":"2023-04-11T13:21:48","guid":{"rendered":"http:\/\/akdenizolaygazetesi.com\/?p=25159"},"modified":"2023-04-11T16:21:48","modified_gmt":"2023-04-11T13:21:48","slug":"baskan-yilmaz-devlet-millet-el-ele-verip-her-turlu-zorlugun-ustesinden-gelecek-guce-sahibiz","status":"publish","type":"post","link":"https:\/\/akdenizolaygazetesi.com\/?p=25159","title":{"rendered":"BA\u015eKAN YILMAZ; &#8220;DEVLET M\u0130LLET EL ELE VER\u0130P, HER T\u00dcRL\u00dc ZORLU\u011eUN \u00dcSTES\u0130NDEN GELECEK G\u00dcCE SAH\u0130B\u0130Z&#8221;"},"content":{"rendered":"<p>Toroslar Belediye Ba\u015fkan\u0131 Ats\u0131z Af\u015f\u0131n Y\u0131lmaz, T\u00fcrk Polis Te\u015fkilat\u0131&#8217;n\u0131n 178&#8217;inci Kurulu\u015f Y\u0131l D\u00f6n\u00fcm\u00fc dolay\u0131s\u0131yla d\u00fczenledikleri iftar program\u0131nda; emniyet mensuplar\u0131, \u015fehit aileleri ve gaziler ile bir araya geldi.<\/p>\n<p>\u0130l\u00e7ede bulunan \u00d6zel Harek\u00e2t \u015eube M\u00fcd\u00fcrl\u00fc\u011f\u00fc&#8217;n\u00fcn bah\u00e7esinde d\u00fczenlenen programda dualar okundu, oru\u00e7lar a\u00e7\u0131ld\u0131. Depremzede vatanda\u015flar\u0131n da kat\u0131ld\u0131\u011f\u0131 iftar yeme\u011finde; birli\u011fin, beraberli\u011fin ve dayan\u0131\u015fman\u0131n en g\u00fczel manevi atmosferi ya\u015fand\u0131.<\/p>\n<p>Ba\u015fkan Y\u0131lmaz, t\u00fcm g\u00fcvenlik g\u00fc\u00e7lerine sa\u011fl\u0131k, ba\u015far\u0131 ve mutluluk dileyerek; &#8220;T\u00fcrkiye Cumhuriyeti&#8217;nin en k\u00f6kl\u00fc kurulu\u015flar\u0131ndan biri olan T\u00fcrk Polis Te\u015fkilat\u0131m\u0131z\u0131n kurulu\u015f y\u0131l d\u00f6n\u00fcm\u00fc ve Polis Haftas\u0131 kutlu olsun. Aziz \u015fehitlerimizi rahmetle an\u0131yorum&#8221; dedi.<\/p>\n<p>\u0130l Emniyet M\u00fcd\u00fcrl\u00fc\u011f\u00fc ile birlikte organize edilen programa; Mersin Valisi Ali Hamza Pehlivan, Akdeniz B\u00f6lge ve Garnizon Komutan\u0131 Tu\u011famiral Fuat Gedik, Mersin \u0130l Jandarma Komutan\u0131 Tu\u011fgeneral Necip \u00c7ar\u0131k\u00e7\u0131o\u011flu, Mersin \u0130l Emniyet M\u00fcd\u00fcr\u00fc Mehmet Aslan, Toroslar Kaymakam\u0131 \u0130brahim \u00c7enet, \u0130l\u00e7e M\u00fcft\u00fcs\u00fc Bayram Danac\u0131, Akdeniz Belediye Ba\u015fkan\u0131 Musfata G\u00fcltak, belediye meclis \u00fcyeleri ve kurum m\u00fcd\u00fcrleri kat\u0131ld\u0131.<\/p>\n<p>BA\u015eKAN YILMAZ; &#8220;DEVLET M\u0130LLET EL ELE VER\u0130P, HER T\u00dcRL\u00dc ZORLU\u011eUN \u00dcSTES\u0130NDEN GELECEK G\u00dcCE SAH\u0130B\u0130Z&#8221;<\/p>\n<p>Emniyet mensuplar\u0131 ile ailelerinin yo\u011fun ilgi g\u00f6sterdi\u011fi program\u0131n a\u00e7\u0131l\u0131\u015f konu\u015fmas\u0131n\u0131 yapan Toroslar Belediye Ba\u015fkan\u0131 Ats\u0131z Af\u015f\u0131n Y\u0131lmaz, Ramazan ay\u0131n\u0131n birlik, beraberlik ve dayan\u0131\u015fma ay\u0131 oldu\u011funu s\u00f6yledi.<\/p>\n<p>Ba\u015fkan Y\u0131lmaz, T\u00fcrk Polis Te\u015fkilat\u0131&#8217;n\u0131n 178&#8217;inci kurulu\u015f y\u0131l d\u00f6n\u00fcm\u00fc m\u00fcnasebetiyle kent protokol\u00fc ve il\u00e7ede g\u00f6rev yapan emniyet mensuplar\u0131yla iftarda bir araya gelmekten b\u00fcy\u00fck mutluluk duyduklar\u0131n\u0131 belirterek, kentteki huzur ve g\u00fcven ortam\u0131 nedeniyle \u0130l Emniyet M\u00fcd\u00fcr\u00fc Mehmet Aslan&#8217;\u0131n nezdinde t\u00fcm emniyet mensuplar\u0131na te\u015fekk\u00fcr etti.<\/p>\n<p>Ramazan ay\u0131n\u0131n g\u00fczelliklerini hep birlikte ya\u015famak ve ya\u015fatmak i\u00e7in her g\u00fcn farl\u0131 bir mahallede \u0130ftar Programlar\u0131 d\u00fczenledikleri kaydeden Ba\u015fkan Y\u0131lmaz; &#8220;Ramazan geleneklerimizi de ya\u015fatt\u0131\u011f\u0131m\u0131z iftar programlar\u0131m\u0131zda hem\u015fehrilerimizle, karde\u015flerimizle kucakla\u015f\u0131yoruz. 10 Nisan Polis Haftas\u0131 m\u00fcnasebetiyle de Emniyet M\u00fcd\u00fcrl\u00fc\u011f\u00fcm\u00fcz ile birlikte iftar program\u0131 d\u00fczenledik. Emniyet mensuplar\u0131m\u0131z da te\u015frif ettiler ve \u015feref verdiler. T\u00fcrk Polis Te\u015fkilat\u0131m\u0131z, kuruldu\u011fu g\u00fcnden bu yana milletimizin, devletimizin asayi\u015fi, g\u00fcveni ve refah\u0131 i\u00e7in \u00e7al\u0131\u015fma yapm\u0131\u015ft\u0131r ve yapmaya devam etmektedir. Vatan\u0131 u\u011fruna can veren \u015fehitlerimize Allah&#8217;tan rahmet, \u00fclkemizin d\u00f6rt bir yan\u0131nda g\u00f6rev yapan emniyet mensuplar\u0131m\u0131za g\u00fc\u00e7 ve kuvvet diliyorum. Bizler bir ve beraber olduk\u00e7a hi\u00e7bir g\u00fcc\u00fcn bizi yenemeyece\u011fini asr\u0131n felaketi olarak nitelendirilen deprem s\u00fcrecinde ya\u015fad\u0131k ve halen ya\u015f\u0131yoruz. Devlet, millet el ele birlik ve beraberlik i\u00e7inde herkesin g\u00fcc\u00fc yetti\u011fince yard\u0131m etti. Say\u0131n Valimiz Ali Hamza Pehlivan da deprem b\u00f6lgesinde uzun s\u00fcre g\u00f6rev yapt\u0131. Bizler de Mersin&#8217;in kurum ve kurulu\u015flar\u0131 olarak elimizden gelen deste\u011fi verdik. Mersin, deprem b\u00f6lgesine \u00e7ok hizmet etti. Bu ya\u015fad\u0131klar\u0131m\u0131z, bizim ne kadar nitelikli bir toplum ve ne kadar g\u00fc\u00e7l\u00fc bir millet oldu\u011fumuzu g\u00f6stermi\u015ftir. Allah, herkesten raz\u0131 olsun. Birli\u011fimiz ve beraberli\u011fimiz daim olsun&#8221; diye konu\u015ftu.<\/p>\n<p>BA\u015eKAN G\u00dcLTAK; &#8220;\u0130Y\u0130 K\u0130 DEVLET\u0130M\u0130Z VE DEVLET\u0130M\u0130Z\u0130N B\u0130R\u0130MLER\u0130 VAR&#8221;<\/p>\n<p>Akdeniz Belediye Ba\u015fkan\u0131 Mustafa G\u00fcltak da emniyet mensuplar\u0131n\u0131n Ramazan ay\u0131n\u0131 tebrik ederek; &#8220;Bir gazi \u00e7ocu\u011fu olarak emniyet g\u00fc\u00e7lerine selam ve sayg\u0131 olsun. \u0130yi ki varlar. \u0130yi ki devletimiz ve birimleri var. Binlerce y\u0131l ya\u015fanmam\u0131\u015f bir depremi devletimizin b\u00fcy\u00fckl\u00fc\u011f\u00fcyle onard\u0131k ve onarmaya devam ediyoruz. Valimiz, Ats\u0131z Ba\u015fkan\u0131m\u0131z, komutanlar\u0131m\u0131z, m\u00fcd\u00fcrlerimiz, hepimiz oradayd\u0131k. Devlet olman\u0131n \u00f6nemi. Allah aya\u011f\u0131n\u0131za ta\u015f de\u011fdirmesin. \u015eehit annelerimizin, \u015fehit babalar\u0131m\u0131z\u0131n ellerinden \u00f6p\u00fcyorum&#8221; \u015feklinde konu\u015ftu.<\/p>\n<p>EMN\u0130YET M\u00dcD\u00dcR\u00dc ASLAN; &#8220;M\u0130LLET\u0130M\u0130Z, KAHRAMAN T\u00dcRK POL\u0130S TE\u015eK\u0130LATIYLA GURUR DUYMAKTADIR&#8221;<\/p>\n<p>Mersin \u0130l Emniyet M\u00fcd\u00fcr\u00fc Mehmet Aslan da Toroslar Belediyesi ile birlikte d\u00fczenledikleri iftar program\u0131na kat\u0131l\u0131m g\u00f6steren t\u00fcm emniyet mensuplar\u0131na te\u015fekk\u00fcr ederek; &#8220;Bug\u00fcn 10 Nisan. 1845 y\u0131l\u0131nda kurulan \u015fanl\u0131 te\u015fkilat\u0131m\u0131z\u0131n bug\u00fcn 178 ya\u015f\u0131nda. T\u00fcrk Polis Te\u015fkilat\u0131 her zaman ve her \u015fartta devletin emrinde, milletin hizmetinde olacakt\u0131r. Milletimiz, kahraman te\u015fkilat\u0131yla gurur duymaktad\u0131r. \u015eehitlik mertebesine ula\u015fan ve gazilik onuruna eri\u015fen vatan\u0131m\u0131z\u0131n asil evlatlar\u0131na \u015f\u00fckranlar\u0131m\u0131z\u0131 sunar\u0131z. Onlar\u0131n haklar\u0131n\u0131 hi\u00e7bir zaman \u00f6deyemeyiz. Emniyet Te\u015fkilat\u0131 olarak \u00fczerimize d\u00fc\u015fen vazifelerin ve sorumluluklar\u0131n fark\u0131nday\u0131z. Bizler huzur \u015fehri olan Mersin&#8217;i daha da huzurlu hale getirme anlam\u0131nda gayretle \u00e7al\u0131\u015f\u0131yoruz ve kararl\u0131y\u0131z. Te\u015fkilat\u0131m\u0131z\u0131n 178. kurulu\u015f y\u0131l d\u00f6n\u00fcm\u00fcn\u00fc kutlarken, \u015fehitlerimizi rahmetle an\u0131yor, gazilerimize, emekli personelimize, halen g\u00f6revi ba\u015f\u0131nda canla ba\u015fla \u00e7al\u0131\u015fan arkada\u015flar\u0131m\u0131za ve k\u0131ymetli ailelerine sa\u011fl\u0131k, mutluluk ve ba\u015far\u0131lar diliyorum&#8221; ifadelerini kulland\u0131.<\/p>\n<p>VAL\u0130 PEHL\u0130VAN; &#8220;T\u00dcRK POL\u0130S TE\u015eK\u0130LATI, G\u00dcC\u00dcN\u00dc TAR\u0130H\u0130M\u0130ZDDEN, M\u0130LL\u0130 ve MANEV\u0130 DE\u011eERLER\u0130M\u0130ZDEN ALIYOR&#8221;<\/p>\n<p>Mersin Valisi Ali Hamza Pehlivan ise T\u00fcrk Polis Te\u015fkilat\u0131&#8217;n\u0131n 178. Kurulu\u015f y\u0131l d\u00f6n\u00fcm\u00fcn\u00fc kutlayarak; &#8220;T\u00fcrk Polis Te\u015fkilat\u0131 devletimizin en k\u00f6kl\u00fc te\u015fkilatlar\u0131ndan birisi. G\u00fcc\u00fcn\u00fc; tarihimizden, milli ve manevi de\u011ferlerimizden, yasalar\u0131m\u0131zdan, devletimizden, milletimizden al\u0131yor. Ald\u0131\u011f\u0131 bu g\u00fc\u00e7le yurdumuzun d\u00f6rt bir taraf\u0131nda \u00fcstlendi\u011fi g\u00f6rev ve sorumluluklar\u0131 fedak\u00e2rca yerine getiriyor. Bu Ramazan ay\u0131nda i\u00e7imiz buruk. 6 \u015eubat&#8217;ta b\u00fcy\u00fck deprem ve depremler ya\u015fad\u0131k. Burada depremzede ailelerimiz de var. Depremden etkilenen t\u00fcm vatanda\u015flar\u0131m\u0131za ge\u00e7mi\u015f olsun dileklerimi iletiyor, yaral\u0131lar\u0131m\u0131za acil \u015fifalar, hayat\u0131n\u0131 kaybedenlere Allah&#8217;tan rahmet diliyorum. Mekanlar\u0131 cennet olsun. Bu s\u00fcre\u00e7te kolluk birimlerimiz, emniyet te\u015fkilat\u0131m\u0131z \u00f6nemli g\u00f6revler \u00fcstlendi. Onlara da bu zor zamanda vermi\u015f olduklar\u0131 hizmetlerden dolay\u0131 te\u015fekk\u00fcr ediyorum. Mersin olarak \u00fczerimize d\u00fc\u015fen hizmetleri yapt\u0131k ve yapmaya da devam ediyoruz. Devletimiz ve milletimiz b\u00fct\u00fcn kurum ve kurulu\u015flarla kenetlendi. Depremin yaralar\u0131n\u0131 sarmaya \u00e7al\u0131\u015f\u0131yoruz. Her ge\u00e7en g\u00fcn bu yaralar\u0131m\u0131z\u0131 saracak, o \u015fehirler yeniden imar edilecek ve vatanda\u015flar\u0131m\u0131z o eski g\u00fcnlerine in\u015fallah d\u00f6necekler. Kahramanca g\u00f6revini if\u015fa eden Emniyet Te\u015fkilat\u0131m\u0131z\u0131n b\u00fct\u00fcn mensuplar\u0131na vermi\u015f olduklar\u0131 hizmetlerden dolay\u0131 te\u015fekk\u00fcrlerimi sunuyor, bundan sonraki vazifelerinde ba\u015far\u0131l\u0131 hizmetler temenni ediyorum&#8221; \u015feklinde konu\u015ftu.<\/p>\n<p>\u0130ftar yeme\u011finin ard\u0131ndan; Hacivat-Karag\u00f6z, sihirbaz g\u00f6sterisi ve \u0130bi\u015f&#8217;e kadar bir\u00e7ok etkinli\u011fin yer ald\u0131\u011f\u0131 Toroslar Belediyesinin Ramazan Panay\u0131r\u0131nda, \u00e7ocuklar doyas\u0131ya e\u011flendi.<\/p>\n","protected":false},"excerpt":{"rendered":"<p>Toroslar Belediye Ba\u015fkan\u0131 Ats\u0131z Af\u015f\u0131n Y\u0131lmaz, T\u00fcrk Polis Te\u015fkilat\u0131&#8217;n\u0131n 178&#8217;inci Kurulu\u015f Y\u0131l D\u00f6n\u00fcm\u00fc dolay\u0131s\u0131yla d\u00fczenledikleri iftar program\u0131nda; emniyet mensuplar\u0131, \u015fehit aileleri ve gaziler ile bir araya geldi. \u0130l\u00e7ede bulunan \u00d6zel &hellip; <a href=\"https:\/\/akdenizolaygazetesi.com\/?p=25159\" class=\"more-link\">Devam\u0131n\u0131 Oku&#8230;<\/a><\/p>\n","protected":false},"author":2,"featured_media":25160,"comment_status":"open","ping_status":"open","sticky":false,"template":"","format":"standard","meta":[],"categories":[2,3,5],"tags":[],"_links":{"self":[{"href":"https:\/\/akdenizolaygazetesi.com\/index.php?rest_route=\/wp\/v2\/posts\/25159"}],"collection":[{"href":"https:\/\/akdenizolaygazetesi.com\/index.php?rest_route=\/wp\/v2\/posts"}],"about":[{"href":"https:\/\/akdenizolaygazetesi.com\/index.php?rest_route=\/wp\/v2\/types\/post"}],"author":[{"embeddable":true,"href":"https:\/\/akdenizolaygazetesi.com\/index.php?rest_route=\/wp\/v2\/users\/2"}],"replies":[{"embeddable":true,"href":"https:\/\/akdenizolaygazetesi.com\/index.php?rest_route=%2Fwp%2Fv2%2Fcomments&post=25159"}],"version-history":[{"count":1,"href":"https:\/\/akdenizolaygazetesi.com\/index.php?rest_route=\/wp\/v2\/posts\/25159\/revisions"}],"predecessor-version":[{"id":25161,"href":"https:\/\/akdenizolaygazetesi.com\/index.php?rest_route=\/wp\/v2\/posts\/25159\/revisions\/25161"}],"wp:featuredmedia":[{"embeddable":true,"href":"https:\/\/akdenizolaygazetesi.com\/index.php?rest_route=\/wp\/v2\/media\/25160"}],"wp:attachment":[{"href":"https:\/\/akdenizolaygazetesi.com\/index.php?rest_route=%2Fwp%2Fv2%2Fmedia&parent=25159"}],"wp:term":[{"taxonomy":"category","embeddable":true,"href":"https:\/\/akdenizolaygazetesi.com\/index.php?rest_route=%2Fwp%2Fv2%2Fcategories&post=25159"},{"taxonomy":"post_tag","embeddable":true,"href":"https:\/\/akdenizolaygazetesi.com\/index.php?rest_route=%2Fwp%2Fv2%2Ftags&post=25159"}],"curies":[{"name":"wp","href":"https:\/\/api.w.org\/{rel}","templated":true}]}}