{"id":25162,"date":"2023-04-12T12:27:08","date_gmt":"2023-04-12T09:27:08","guid":{"rendered":"http:\/\/akdenizolaygazetesi.com\/?p=25162"},"modified":"2023-04-12T12:27:20","modified_gmt":"2023-04-12T09:27:20","slug":"25162","status":"publish","type":"post","link":"https:\/\/akdenizolaygazetesi.com\/?p=25162","title":{"rendered":"Milli E\u011fitim Bakan\u0131&#8217;ndan Adem Koca&#8217;ya \u00f6d\u00fcl"},"content":{"rendered":"<p>\u0130l Milli E\u011fitim M\u00fcd\u00fcr\u00fcm\u00fcz Say\u0131n Adem KOCA, Milli E\u011fitim Bakan\u0131m\u0131z Say\u0131n Mahmut \u00d6ZER&#8217;in ev sahipli\u011finde ve te\u015frifleriyle Ankara&#8217;da d\u00fczenlenen iftar program\u0131na kat\u0131ld\u0131.<\/p>\n<p>Bakanl\u0131k yetkilileri ve 81 il m\u00fcd\u00fcr\u00fcn\u00fcn kat\u0131l\u0131m\u0131yla Ankara G\u00f6lba\u015f\u0131 Mogan MTAL&#8217;de d\u00fczenlenlenen iftar program\u0131nda Say\u0131n Adem KOCA, ba\u015far\u0131 belgesini Bakan\u0131m\u0131z Say\u0131n Mahmut \u00d6ZER&#8217;in elinden ald\u0131.<\/p>\n<p>Say\u0131n Adem KOCA, &#8220;Ya\u015fad\u0131\u011f\u0131m\u0131z y\u00fczy\u0131l\u0131n afetinde maalesef millet\u00e7e \u00e7ok \u00fcz\u00fcld\u00fck. Bizler e\u011fitim camias\u0131 olarak yaralar\u0131n ek k\u0131sa s\u00fcrede sar\u0131lmas\u0131 i\u00e7in her zaman milletimizin ve devletimizin yan\u0131nda olduk. Bu anlamda Say\u0131n Bakan\u0131m\u0131z\u0131n bizlere lay\u0131k g\u00f6rd\u00fc\u011f\u00fc bu ba\u015far\u0131 belgesini mesle\u011fine t\u00fcm kalbiyle ba\u011fl\u0131, emektar meslekta\u015flar\u0131m ad\u0131na al\u0131yorum. Taltifleri i\u00e7in Say\u0131n Bakan\u0131m\u0131za \u015f\u00fckranlar\u0131m\u0131 sunuyor, bu ba\u015far\u0131n\u0131n mimar\u0131 t\u00fcm meslekta\u015flar\u0131ma te\u015fekk\u00fcr ediyorum.&#8221; dedi.<\/p>\n","protected":false},"excerpt":{"rendered":"<p>\u0130l Milli E\u011fitim M\u00fcd\u00fcr\u00fcm\u00fcz Say\u0131n Adem KOCA, Milli E\u011fitim Bakan\u0131m\u0131z Say\u0131n Mahmut \u00d6ZER&#8217;in ev sahipli\u011finde ve te\u015frifleriyle Ankara&#8217;da d\u00fczenlenen iftar program\u0131na kat\u0131ld\u0131. Bakanl\u0131k yetkilileri ve 81 il m\u00fcd\u00fcr\u00fcn\u00fcn kat\u0131l\u0131m\u0131yla Ankara &hellip; <a href=\"https:\/\/akdenizolaygazetesi.com\/?p=25162\" class=\"more-link\">Devam\u0131n\u0131 Oku&#8230;<\/a><\/p>\n","protected":false},"author":2,"featured_media":25163,"comment_status":"open","ping_status":"open","sticky":false,"template":"","format":"standard","meta":[],"categories":[3,5],"tags":[],"_links":{"self":[{"href":"https:\/\/akdenizolaygazetesi.com\/index.php?rest_route=\/wp\/v2\/posts\/25162"}],"collection":[{"href":"https:\/\/akdenizolaygazetesi.com\/index.php?rest_route=\/wp\/v2\/posts"}],"about":[{"href":"https:\/\/akdenizolaygazetesi.com\/index.php?rest_route=\/wp\/v2\/types\/post"}],"author":[{"embeddable":true,"href":"https:\/\/akdenizolaygazetesi.com\/index.php?rest_route=\/wp\/v2\/users\/2"}],"replies":[{"embeddable":true,"href":"https:\/\/akdenizolaygazetesi.com\/index.php?rest_route=%2Fwp%2Fv2%2Fcomments&post=25162"}],"version-history":[{"count":2,"href":"https:\/\/akdenizolaygazetesi.com\/index.php?rest_route=\/wp\/v2\/posts\/25162\/revisions"}],"predecessor-version":[{"id":25165,"href":"https:\/\/akdenizolaygazetesi.com\/index.php?rest_route=\/wp\/v2\/posts\/25162\/revisions\/25165"}],"wp:featuredmedia":[{"embeddable":true,"href":"https:\/\/akdenizolaygazetesi.com\/index.php?rest_route=\/wp\/v2\/media\/25163"}],"wp:attachment":[{"href":"https:\/\/akdenizolaygazetesi.com\/index.php?rest_route=%2Fwp%2Fv2%2Fmedia&parent=25162"}],"wp:term":[{"taxonomy":"category","embeddable":true,"href":"https:\/\/akdenizolaygazetesi.com\/index.php?rest_route=%2Fwp%2Fv2%2Fcategories&post=25162"},{"taxonomy":"post_tag","embeddable":true,"href":"https:\/\/akdenizolaygazetesi.com\/index.php?rest_route=%2Fwp%2Fv2%2Ftags&post=25162"}],"curies":[{"name":"wp","href":"https:\/\/api.w.org\/{rel}","templated":true}]}}