{"id":25166,"date":"2023-04-12T12:28:45","date_gmt":"2023-04-12T09:28:45","guid":{"rendered":"http:\/\/akdenizolaygazetesi.com\/?p=25166"},"modified":"2023-04-12T12:28:45","modified_gmt":"2023-04-12T09:28:45","slug":"amacimiz-cocuklarimizin-moral-ve-motivasyonunu-saglamak","status":"publish","type":"post","link":"https:\/\/akdenizolaygazetesi.com\/?p=25166","title":{"rendered":"&#8220;AMACIMIZ \u00c7OCUKLARIMIZIN MORAL VE MOT\u0130VASYONUNU SA\u011eLAMAK&#8221;"},"content":{"rendered":"<p>K\u00fclt\u00fcr ve Sosyal \u0130\u015fler Daire Ba\u015fkanl\u0131\u011f\u0131 b\u00fcnyesindeki Kent Orkestras\u0131 Bandosu, d\u00fczenledi\u011fi mini konserle 23 Nisan Ulusal Egemenlik ve \u00c7ocuk Bayram\u0131 co\u015fkusunu ba\u015flatt\u0131. K\u00fclt\u00fcr Park i\u00e7erisinde yer alan Amfi Tiyatro&#8217;da ger\u00e7ekle\u015fen &#8216;\u00c7ocuk \u015eark\u0131lar\u0131 Etkinli\u011fi&#8217;nde \u00e7ocuklar, bando taraf\u0131ndan \u00e7al\u0131nan \u015fark\u0131lara anne-babalar\u0131 ile dans ederek e\u015flik ettiler.<\/p>\n<p>Kent Orkestras\u0131 Bando \u015eefi Ali \u00d6zgen Erko\u00e7, 23 Nisan haftas\u0131ndan dolay\u0131 \u00e7ocuklara erkenden b\u00f6yle bir e\u011flence, b\u00f6yle bir m\u00fczikal \u015fenlik vermeyi planlad\u0131klar\u0131n\u0131 belirterek, &#8220;Etkinliklerimiz 23 Nisan haftas\u0131 boyunca ve sonras\u0131nda da devam edecek&#8221; dedi.<\/p>\n<p>Erko\u00e7: &#8220;Amac\u0131m\u0131z \u00e7ocuklar\u0131m\u0131z\u0131n moral ve motivasyonunu sa\u011flamak&#8221;<\/p>\n<p>Deprem b\u00f6lgesinden kentimize gelen misafir \u00e7ocuklara da etkinlikler d\u00fczenlenece\u011fini belirten Erko\u00e7, &#8220;\u015eu anda zaten kald\u0131klar\u0131 yerler belirleniyor. Hemen akabinde onlara da m\u00fczikal anlamda, e\u011flence anlam\u0131nda bir moral motivasyon deste\u011fi sunmay\u0131 planl\u0131yoruz. B\u00fct\u00fcn amac\u0131m\u0131z, asl\u0131nda \u00e7ocuklar\u0131m\u0131z\u0131n moral ve motivasyonunu sa\u011flamak, insanlar\u0131 olabildi\u011fince e\u011flendirmek&#8221; diye konu\u015ftu.<\/p>\n<p>Ertu\u011f Arslan: &#8220;Mersin sanatla ve m\u00fczikle i\u00e7 i\u00e7e bir \u015fehir olmaya ba\u015flad\u0131&#8221;<\/p>\n<p>D\u00fczenlenen etkinliklerden \u00e7ok memnun olduklar\u0131n\u0131 s\u00f6yleyen Ertu\u011f Arslan isimli vatanda\u015f, &#8220;Buraya ailemizle birlikte geldik. \u00c7ocuklar i\u00e7in b\u00f6yle bir \u015fey yap\u0131lmas\u0131 \u00e7ok ho\u015fumuza gitti. Mersin hem sanatla, hem m\u00fczikle i\u00e7 i\u00e7e bir \u015fehir olmaya ba\u015flad\u0131. Bu y\u00fczden organizasyonu haz\u0131rlayanlara te\u015fekk\u00fcrlerimizi sunuyoruz&#8221; ifadelerini kulland\u0131.<\/p>\n<p>Do\u011fa Tun\u00e7demir: &#8220;Gelmeseydik evde oturup s\u0131k\u0131lacakt\u0131m&#8221;<\/p>\n<p>Kent Orkestras\u0131 Bandosu&#8217;nun \u00e7ald\u0131\u011f\u0131 \u015fark\u0131larla doyas\u0131ya e\u011flenen Do\u011fa Tun\u00e7demir isimli \u00e7ocuk ise ya\u015fad\u0131\u011f\u0131 mutlulu\u011fu, &#8220;Burada dans edip \u015fark\u0131lar s\u00f6yl\u00fcyorum. Gelmeseydik evde oturup s\u0131k\u0131lacakt\u0131m. \u00c7ok g\u00fczel bir hediye, te\u015fekk\u00fcrler&#8221; s\u00f6zleriyle ifade etti.<\/p>\n","protected":false},"excerpt":{"rendered":"<p>K\u00fclt\u00fcr ve Sosyal \u0130\u015fler Daire Ba\u015fkanl\u0131\u011f\u0131 b\u00fcnyesindeki Kent Orkestras\u0131 Bandosu, d\u00fczenledi\u011fi mini konserle 23 Nisan Ulusal Egemenlik ve \u00c7ocuk Bayram\u0131 co\u015fkusunu ba\u015flatt\u0131. K\u00fclt\u00fcr Park i\u00e7erisinde yer alan Amfi Tiyatro&#8217;da ger\u00e7ekle\u015fen &hellip; <a href=\"https:\/\/akdenizolaygazetesi.com\/?p=25166\" class=\"more-link\">Devam\u0131n\u0131 Oku&#8230;<\/a><\/p>\n","protected":false},"author":2,"featured_media":25167,"comment_status":"open","ping_status":"open","sticky":false,"template":"","format":"standard","meta":[],"categories":[2,3,5],"tags":[],"_links":{"self":[{"href":"https:\/\/akdenizolaygazetesi.com\/index.php?rest_route=\/wp\/v2\/posts\/25166"}],"collection":[{"href":"https:\/\/akdenizolaygazetesi.com\/index.php?rest_route=\/wp\/v2\/posts"}],"about":[{"href":"https:\/\/akdenizolaygazetesi.com\/index.php?rest_route=\/wp\/v2\/types\/post"}],"author":[{"embeddable":true,"href":"https:\/\/akdenizolaygazetesi.com\/index.php?rest_route=\/wp\/v2\/users\/2"}],"replies":[{"embeddable":true,"href":"https:\/\/akdenizolaygazetesi.com\/index.php?rest_route=%2Fwp%2Fv2%2Fcomments&post=25166"}],"version-history":[{"count":1,"href":"https:\/\/akdenizolaygazetesi.com\/index.php?rest_route=\/wp\/v2\/posts\/25166\/revisions"}],"predecessor-version":[{"id":25168,"href":"https:\/\/akdenizolaygazetesi.com\/index.php?rest_route=\/wp\/v2\/posts\/25166\/revisions\/25168"}],"wp:featuredmedia":[{"embeddable":true,"href":"https:\/\/akdenizolaygazetesi.com\/index.php?rest_route=\/wp\/v2\/media\/25167"}],"wp:attachment":[{"href":"https:\/\/akdenizolaygazetesi.com\/index.php?rest_route=%2Fwp%2Fv2%2Fmedia&parent=25166"}],"wp:term":[{"taxonomy":"category","embeddable":true,"href":"https:\/\/akdenizolaygazetesi.com\/index.php?rest_route=%2Fwp%2Fv2%2Fcategories&post=25166"},{"taxonomy":"post_tag","embeddable":true,"href":"https:\/\/akdenizolaygazetesi.com\/index.php?rest_route=%2Fwp%2Fv2%2Ftags&post=25166"}],"curies":[{"name":"wp","href":"https:\/\/api.w.org\/{rel}","templated":true}]}}