{"id":25169,"date":"2023-04-12T12:32:26","date_gmt":"2023-04-12T09:32:26","guid":{"rendered":"http:\/\/akdenizolaygazetesi.com\/?p=25169"},"modified":"2023-04-12T12:32:26","modified_gmt":"2023-04-12T09:32:26","slug":"prof-aras-yapilan-akademik-calismalarin-uygulamaya-dokulmesi-gerekiyor","status":"publish","type":"post","link":"https:\/\/akdenizolaygazetesi.com\/?p=25169","title":{"rendered":"PROF. ARAS: &#8220;YAPILAN AKADEM\u0130K \u00c7ALI\u015eMALARIN UYGULAMAYA D\u00d6K\u00dcLMES\u0130 GEREK\u0130YOR&#8221;"},"content":{"rendered":"<p>6 \u015eubat&#8217;ta ya\u015fanan Kahramanmara\u015f merkezli deprem felaketi ile \u0130l Afet Risk Azaltma Plan\u0131&#8217;n\u0131n ne derece \u00f6nemli oldu\u011fu ve deprem kaynakl\u0131 ikincil afetlerin olu\u015fabilece\u011fi \u00f6ng\u00f6r\u00fclerek, bu do\u011frultuda \u0130zleme ve De\u011ferlendirme Sistemi kapsam\u0131nda; Mersin \u00dcniversitesi M\u00fchendislik Fak\u00fcltesi Uygulamal\u0131 Jeoloji Anabilim Dal\u0131 \u00d6\u011fretim G\u00f6revlisi Prof. Dr. K\u0131van\u00e7 Zorlu Aras&#8217;\u0131n kat\u0131ld\u0131\u011f\u0131, Mersin B\u00fcy\u00fck\u015fehir Belediyesi \u0130klim De\u011fi\u015fikli\u011fi ve S\u0131f\u0131r At\u0131k Dairesi Ba\u015fkan\u0131 Dr. Kemal Zorlu moderat\u00f6rl\u00fc\u011f\u00fcnde, belirtilen hedef do\u011frultusunda K\u00fctle Hareketleri ile ilgili risklerin y\u00f6netimine ili\u015fkin teknik e\u011fitim d\u00fczenlendi.<\/p>\n<p>E\u011fitimde; k\u00fctle hareketlerinin \u00f6zelinde 6 \u015eubat&#8217;ta meydana gelen Kahramanmara\u015f depreminin tetikledi\u011fi baz\u0131 k\u00fctle hareketlerinden ve depremin tetikledi\u011fi ikincil afetlerden olan s\u0131v\u0131la\u015fma konusu ile ilgili, Mersin sahilinden \u00f6rneklerle kat\u0131l\u0131mc\u0131lara bilgi verildi.<\/p>\n<p>Dr. Zorlu: &#8220;Amac\u0131m\u0131z, teknik personele k\u00fctle hareketleri konusunda bir fark\u0131ndal\u0131k yaratmak&#8221;<br \/>\nB\u00fcy\u00fck\u015fehir Belediyesi \u0130klim De\u011fi\u015fikli\u011fi ve S\u0131f\u0131r At\u0131k Dairesi Ba\u015fkan\u0131 Dr. Kemal Zorlu, &#8220;\u0130l Risk Azaltma Plan\u0131 kapsam\u0131nda, kentimizde bulunan risklere y\u00f6nelik bir eylem plan\u0131 haz\u0131rland\u0131. Bu eylem plan\u0131, AFAD&#8217;\u0131n koordinat\u00f6rl\u00fc\u011f\u00fcnde, kamu kurum ve kurulu\u015flar\u0131n\u0131n temsilcileri ve \u00fcniversitede bu konuyla ilgili hocalar\u0131m\u0131zla birlikte haz\u0131rlanm\u0131\u015f bir plan. Bu kapsamda, ilde risk olu\u015fturacak belli ba\u015fl\u0131klara y\u00f6nelik baz\u0131 \u00e7al\u0131\u015fmalar ger\u00e7ekle\u015fiyor. Bunlar\u0131n i\u00e7inde deprem, sel, ta\u015fk\u0131nlar, yang\u0131n, \u00e7\u0131\u011f gibi do\u011fa olaylar\u0131 var. Her ba\u015fl\u0131\u011f\u0131n alt\u0131nda y\u00fcr\u00fct\u00fclen faaliyetlerden bir tanesi de, e\u011fitim faaliyetleri. Bu plandaki faaliyetler, farkl\u0131 kurumlara farkl\u0131 sorumluluklar y\u00fckl\u00fcyor. B\u00fcy\u00fck\u015fehir Belediyesi&#8217;ne y\u00fcklenen baz\u0131 sorumluluklar var. Bunlardan bir tanesi e\u011fitim faaliyetleri. Bu kapsamda Mersin \u00dcniversitesi Jeoloji M\u00fchendisli\u011fi b\u00f6l\u00fcm\u00fcyle birlikte y\u00fcr\u00fctm\u00fc\u015f oldu\u011fumuz bug\u00fcnk\u00fc faaliyetimiz; k\u00fctle hareketleri ve deprem sonras\u0131 ikincil afetler ve ayn\u0131 zamanda da Mersin sahil b\u00f6lgesinin s\u0131\u011fla\u015fma potansiyeli adl\u0131 bir e\u011fitim \u00e7al\u0131\u015fmas\u0131. Bu e\u011fitim \u00e7al\u0131\u015fmas\u0131n\u0131 hem Mersin B\u00fcy\u00fck\u015fehir Belediyesi&#8217;ndeki teknik personelimiz, hem de kamu kurum ve kurumlar\u0131n\u0131n temsilcilerini davet ederek birlikte ger\u00e7ekle\u015ftirdik. Amac\u0131m\u0131z, bu teknik personelimize k\u00fctle hareketleri konusunda bir fark\u0131ndal\u0131k yaratmak&#8221; dedi.<\/p>\n<p>K\u00fctle hareketlerinin temelde toprak kaymalar\u0131, kaya d\u00fc\u015fmeleri ve kar\u0131n hareket etmesi sonucunda meydana gelen \u00e7\u0131\u011f olarak ifade edilebilece\u011fini kaydeden Dr. Zorlu, &#8220;\u0130kincil afetler ise, ana afetin ard\u0131ndan meydana gelen afetlere diyoruz. Bu ba\u011flamda \u015funu \u00f6rnek olarak verebiliriz; bir deprem meydana geldi\u011finde deprem asl\u0131nda ana afetimiz. S\u0131v\u0131la\u015fma ise depreme ba\u011fl\u0131 olarak geli\u015fen ikincil afet. Zemin s\u0131v\u0131la\u015fmas\u0131n\u0131, ikincil afetlere \u00f6rnek olarak verebiliriz&#8221; diye konu\u015ftu.<\/p>\n<p>Prof. Aras: &#8220;K\u00fctle hareketlerini, depremin ikincil etkileriyle birlikte de\u011ferlendirdik&#8221;<br \/>\nMersin \u00dcniversitesi M\u00fchendislik Fak\u00fcltesi Uygulamal\u0131 Jeoloji Anabilim Dal\u0131 \u00d6\u011fretim G\u00f6revlisi Prof. Dr. K\u0131van\u00e7 Zorlu Aras, 2021 y\u0131l\u0131nda AFAD ile birlikte Mersin \u0130l Afet Risk Azaltma Plan\u0131&#8217;n\u0131 haz\u0131rlad\u0131klar\u0131n\u0131 anlatarak, &#8220;Bu plan i\u00e7erisinde k\u00fctle hareketleri, deprem, sel, yang\u0131n var. Ben de k\u00fctle hareketleri k\u0131sm\u0131n\u0131n moderat\u00f6rl\u00fc\u011f\u00fcn\u00fc \u00fcstlenmi\u015ftim. Bizim eylem planlar\u0131m\u0131z i\u00e7erisinde bununla ilgili seminer ve \u00e7al\u0131\u015ftay t\u00fcr\u00fc sunumlar ile e\u011fitim olmas\u0131 gerekiyordu. Bunun \u00fczerine biz de interaktif seyirciyle birlikte bir e\u011fitim d\u00fczenledik. Konu asl\u0131nda k\u00fctle hareketleri. K\u00fctle hareketlerinin \u00f6zelinde, 6 \u015eubat&#8217;ta meydana gelen Kahramanmara\u015f depreminin tetikledi\u011fi bir tak\u0131m k\u00fctle hareketleri olmu\u015ftu. Ayr\u0131ca yine bu depremin tetikledi\u011fi bir tak\u0131m ikincil afetler var. Bunlardan bir tanesi de s\u0131v\u0131la\u015fma. \u00d6zellikle Mersin ili sahil \u015feridinin s\u0131v\u0131la\u015fma potansiyeline ili\u015fkin bilgi verdim. Yani ikincil etkileri ve k\u00fctle hareketlerini, depremin ikincil etkileriyle birlikte de\u011ferlendirdik&#8221; ifadelerine yer verdi.<\/p>\n<p>Yapt\u0131klar\u0131 \u00e7al\u0131\u015fmalar\u0131n uygulamaya ge\u00e7irilmesi gerekti\u011fini de s\u00f6zlerine ekleyen Prof. Aras, &#8220;Hem \u00fcniversitede akademik olarak \u00e7al\u0131\u015fmalar yap\u0131yoruz, hem de kamu kurumlar\u0131yla, STK&#8217;larla \u00e7al\u0131\u015fmalar yap\u0131yoruz. Bunlar\u0131n birer dosya, birer kitap\u00e7\u0131k, birer tez olarak kalmas\u0131 de\u011fil, b\u00fct\u00fcn kurumlarla, belediyelerle bir arada \u00e7al\u0131\u015farak uygulamaya d\u00f6k\u00fclmesi gerekiyor. Bunlar raflarda, bilgisayarlarda, dosyalarda kalmamal\u0131. Biz sahada olmal\u0131y\u0131z. Uygulaman\u0131n i\u00e7erisinde olmal\u0131y\u0131z ki, b\u00fct\u00fcn bu vaat ettiklerimizi ve \u00f6ng\u00f6rd\u00fcklerimizi ger\u00e7ekle\u015ftirebilelim&#8221; dedi.<br \/>\nB\u00fcy\u00fck\u015fehir Belediyesi \u0130nsan Kaynaklar\u0131 ve E\u011fitim Dairesi Ba\u015fkanl\u0131\u011f\u0131 eylem planlar\u0131 aras\u0131nda; \u0130l Afet Risk Azaltma Plan\u0131 \u0130zleme ve De\u011ferlendirme Sistemi kapsam\u0131nda\u037e k\u00fctle hareketleri ve sel\/ta\u015fk\u0131nla ilgili risklerin y\u00f6netimine ili\u015fkin akademisyenlerin, yerel idareciler ve ilgili kurumlar\u0131n kat\u0131l\u0131m\u0131 ile periyodik olarak y\u0131lda 1 kez seminer d\u00fczenlenmesi ve sel\/ta\u015fk\u0131nlar\u0131 azaltmak ve \u00f6nlemek i\u00e7in kurumlar\u0131n, kurumsal kapasitelerini g\u00fc\u00e7lendirmeye y\u00f6nelik teknik e\u011fitimler d\u00fczenlenmesi yer al\u0131yor.<\/p>\n","protected":false},"excerpt":{"rendered":"<p>6 \u015eubat&#8217;ta ya\u015fanan Kahramanmara\u015f merkezli deprem felaketi ile \u0130l Afet Risk Azaltma Plan\u0131&#8217;n\u0131n ne derece \u00f6nemli oldu\u011fu ve deprem kaynakl\u0131 ikincil afetlerin olu\u015fabilece\u011fi \u00f6ng\u00f6r\u00fclerek, bu do\u011frultuda \u0130zleme ve De\u011ferlendirme Sistemi &hellip; <a href=\"https:\/\/akdenizolaygazetesi.com\/?p=25169\" class=\"more-link\">Devam\u0131n\u0131 Oku&#8230;<\/a><\/p>\n","protected":false},"author":2,"featured_media":25170,"comment_status":"open","ping_status":"open","sticky":false,"template":"","format":"standard","meta":[],"categories":[8,2,3,5,11],"tags":[],"_links":{"self":[{"href":"https:\/\/akdenizolaygazetesi.com\/index.php?rest_route=\/wp\/v2\/posts\/25169"}],"collection":[{"href":"https:\/\/akdenizolaygazetesi.com\/index.php?rest_route=\/wp\/v2\/posts"}],"about":[{"href":"https:\/\/akdenizolaygazetesi.com\/index.php?rest_route=\/wp\/v2\/types\/post"}],"author":[{"embeddable":true,"href":"https:\/\/akdenizolaygazetesi.com\/index.php?rest_route=\/wp\/v2\/users\/2"}],"replies":[{"embeddable":true,"href":"https:\/\/akdenizolaygazetesi.com\/index.php?rest_route=%2Fwp%2Fv2%2Fcomments&post=25169"}],"version-history":[{"count":1,"href":"https:\/\/akdenizolaygazetesi.com\/index.php?rest_route=\/wp\/v2\/posts\/25169\/revisions"}],"predecessor-version":[{"id":25171,"href":"https:\/\/akdenizolaygazetesi.com\/index.php?rest_route=\/wp\/v2\/posts\/25169\/revisions\/25171"}],"wp:featuredmedia":[{"embeddable":true,"href":"https:\/\/akdenizolaygazetesi.com\/index.php?rest_route=\/wp\/v2\/media\/25170"}],"wp:attachment":[{"href":"https:\/\/akdenizolaygazetesi.com\/index.php?rest_route=%2Fwp%2Fv2%2Fmedia&parent=25169"}],"wp:term":[{"taxonomy":"category","embeddable":true,"href":"https:\/\/akdenizolaygazetesi.com\/index.php?rest_route=%2Fwp%2Fv2%2Fcategories&post=25169"},{"taxonomy":"post_tag","embeddable":true,"href":"https:\/\/akdenizolaygazetesi.com\/index.php?rest_route=%2Fwp%2Fv2%2Ftags&post=25169"}],"curies":[{"name":"wp","href":"https:\/\/api.w.org\/{rel}","templated":true}]}}