{"id":25172,"date":"2023-04-12T12:34:26","date_gmt":"2023-04-12T09:34:26","guid":{"rendered":"http:\/\/akdenizolaygazetesi.com\/?p=25172"},"modified":"2023-04-12T12:34:26","modified_gmt":"2023-04-12T09:34:26","slug":"degerlendirme-toplantimizi-erdemli-de-gerceklestirdik","status":"publish","type":"post","link":"https:\/\/akdenizolaygazetesi.com\/?p=25172","title":{"rendered":"De\u011ferlendirme Toplant\u0131m\u0131z\u0131 Erdemli \u2019de Ger\u00e7ekle\u015ftirdik"},"content":{"rendered":"<p>Mersin Orman B\u00f6lge M\u00fcd\u00fcr\u00fc Mustafa Yal\u00e7\u0131n, B\u00f6lge M\u00fcd\u00fcr Yard\u0131mc\u0131lar\u0131 Mehmet Fulin, Ya\u015far Yaman Sa\u011flam ve Ali Ki\u015fi,  orman i\u015fletme m\u00fcd\u00fcrleri, \u015fube m\u00fcd\u00fcrleri, fidanl\u0131k m\u00fcd\u00fcr\u00fc, et\u00fct proje ba\u015fm\u00fchendisi ile Erdemli Orman \u0130\u015fletme M\u00fcd\u00fcrl\u00fc\u011f\u00fc hizmet binas\u0131nda de\u011ferlendirme toplant\u0131s\u0131nda bir araya geldi.<\/p>\n<p>B\u00f6lge M\u00fcd\u00fcr\u00fc Yal\u00e7\u0131n \u201cTar\u0131m ve Orman Bakanl\u0131\u011f\u0131m\u0131z ve Orman Genel M\u00fcd\u00fcrl\u00fc\u011f\u00fcm\u00fcz\u00fcn politikalar\u0131 \u00e7er\u00e7evesinde hedeflerimize ula\u015fmak i\u00e7in i\u015fletme m\u00fcd\u00fcrlerimizden iste\u011fim adaletli, ho\u015fg\u00f6r\u00fcl\u00fc, g\u00fcler y\u00fczl\u00fc olmalar\u0131, i\u015f disiplinine uygun hareket etmeleri, bizlere emanet edilen kamu kaynaklar\u0131n\u0131 tasarruf tedbirlerine uygun \u015fekilde y\u00f6netmeleridir.  Programlar\u0131m\u0131z\u0131 y\u0131l\u0131n son \u00e7eyre\u011fine b\u0131rakmadan, Bakanl\u0131\u011f\u0131m\u0131z ve Genel M\u00fcd\u00fcrl\u00fc\u011f\u00fcm\u00fcz politikalar\u0131na yak\u0131\u015f\u0131r \u015fekilde, kaliteden \u00f6d\u00fcn vermeme, kontrol\u00fc elden b\u0131rakmama konusunda hassas davranaca\u011f\u0131n\u0131z\u0131 biliyor, \u00e7al\u0131\u015fmalar\u0131n\u0131zda ba\u015far\u0131lar diliyorum\u201d dedi.  <\/p>\n<p>Orman \u0130\u015fletme M\u00fcd\u00fcrlerinin yapt\u0131klar\u0131 sunumlar ve \u015fube m\u00fcd\u00fcrlerinin sorun ve \u00e7\u00f6z\u00fcm \u00f6nerilerinin ard\u0131nda toplant\u0131 sona erdi.<\/p>\n","protected":false},"excerpt":{"rendered":"<p>Mersin Orman B\u00f6lge M\u00fcd\u00fcr\u00fc Mustafa Yal\u00e7\u0131n, B\u00f6lge M\u00fcd\u00fcr Yard\u0131mc\u0131lar\u0131 Mehmet Fulin, Ya\u015far Yaman Sa\u011flam ve Ali Ki\u015fi, orman i\u015fletme m\u00fcd\u00fcrleri, \u015fube m\u00fcd\u00fcrleri, fidanl\u0131k m\u00fcd\u00fcr\u00fc, et\u00fct proje ba\u015fm\u00fchendisi ile Erdemli Orman &hellip; <a href=\"https:\/\/akdenizolaygazetesi.com\/?p=25172\" class=\"more-link\">Devam\u0131n\u0131 Oku&#8230;<\/a><\/p>\n","protected":false},"author":2,"featured_media":25173,"comment_status":"open","ping_status":"open","sticky":false,"template":"","format":"standard","meta":[],"categories":[2,3],"tags":[],"_links":{"self":[{"href":"https:\/\/akdenizolaygazetesi.com\/index.php?rest_route=\/wp\/v2\/posts\/25172"}],"collection":[{"href":"https:\/\/akdenizolaygazetesi.com\/index.php?rest_route=\/wp\/v2\/posts"}],"about":[{"href":"https:\/\/akdenizolaygazetesi.com\/index.php?rest_route=\/wp\/v2\/types\/post"}],"author":[{"embeddable":true,"href":"https:\/\/akdenizolaygazetesi.com\/index.php?rest_route=\/wp\/v2\/users\/2"}],"replies":[{"embeddable":true,"href":"https:\/\/akdenizolaygazetesi.com\/index.php?rest_route=%2Fwp%2Fv2%2Fcomments&post=25172"}],"version-history":[{"count":1,"href":"https:\/\/akdenizolaygazetesi.com\/index.php?rest_route=\/wp\/v2\/posts\/25172\/revisions"}],"predecessor-version":[{"id":25174,"href":"https:\/\/akdenizolaygazetesi.com\/index.php?rest_route=\/wp\/v2\/posts\/25172\/revisions\/25174"}],"wp:featuredmedia":[{"embeddable":true,"href":"https:\/\/akdenizolaygazetesi.com\/index.php?rest_route=\/wp\/v2\/media\/25173"}],"wp:attachment":[{"href":"https:\/\/akdenizolaygazetesi.com\/index.php?rest_route=%2Fwp%2Fv2%2Fmedia&parent=25172"}],"wp:term":[{"taxonomy":"category","embeddable":true,"href":"https:\/\/akdenizolaygazetesi.com\/index.php?rest_route=%2Fwp%2Fv2%2Fcategories&post=25172"},{"taxonomy":"post_tag","embeddable":true,"href":"https:\/\/akdenizolaygazetesi.com\/index.php?rest_route=%2Fwp%2Fv2%2Ftags&post=25172"}],"curies":[{"name":"wp","href":"https:\/\/api.w.org\/{rel}","templated":true}]}}