{"id":25175,"date":"2023-04-12T12:37:07","date_gmt":"2023-04-12T09:37:07","guid":{"rendered":"http:\/\/akdenizolaygazetesi.com\/?p=25175"},"modified":"2023-04-12T12:37:07","modified_gmt":"2023-04-12T09:37:07","slug":"mersin-tek-yurek-oldu","status":"publish","type":"post","link":"https:\/\/akdenizolaygazetesi.com\/?p=25175","title":{"rendered":"Mersin tek y\u00fcrek oldu"},"content":{"rendered":"<p>Mersin Uluslararas\u0131 Liman \u0130\u015fletmecili\u011fi A.\u015e (MIP) ve Mersin Uluslararas\u0131 M\u00fczik Festivali i\u015f birli\u011fiyle 8 Nisan Cumartesi saat 20.30\u2019da Yeni\u015fehir Belediyesi AKM\u2019de depremzedeler yarar\u0131na ger\u00e7ekle\u015ftirilen Dayan\u0131\u015fma Konseri\u2019ne Mersinliler yo\u011fun ilgi g\u00f6sterdi.<\/p>\n<p>\u00dcnl\u00fc Balet Tan Sa\u011ft\u00fcrk, Tiyatro ve Sinema Oyuncular\u0131 Yi\u011fit Yap\u0131c\u0131 ve Alara Turan\u2019\u0131n sunumunu yapt\u0131\u011f\u0131 konserde; \u015eef Rustam Rahmedov y\u00f6netiminde, G\u00fclsin Onay (Piyano), Bengi \u0130spir \u00d6zd\u00fclger (Soprano), B\u00fclent Bezd\u00fcz (Tenor), Dilek T\u00fcrkan (T\u00fcrk M\u00fczi\u011fi Yorumcusu), Asude Karayavuz (Mezzosoprano), Caner Akg\u00fcn (Bariton), G\u00f6khan Aybulus (Piyano), Bilgin Canaz (Ney), Elvin Hoxha Ganiyev (Keman), \u015eef Reyhan Bezd\u00fcz y\u00f6netiminde, MDOB \u00c7ocuk Korosu, Tarsus Belediyesi \u00c7ocuk Korosu ve Deprem B\u00f6lgesi \u00c7ocuk Korosu yer alarak performanslar\u0131yla Mersinli sanatseverlerin g\u00f6nl\u00fcn\u00fc fethetti. Konser bitimi dakikalarca ayakta alk\u0131\u015flanan sanat\u00e7\u0131lar, \u201cMemleketim\u201d \u015fark\u0131s\u0131n\u0131 seyirciyle birlikte seslendirdi.<\/p>\n<p>6 \u015eubat Depremleri sonras\u0131 Mersin\u2019e gelen depremzedelerin de dinleyici olarak kat\u0131ld\u0131\u011f\u0131 etkinlikte, Akdeniz B\u00f6lge Garnizon Komutan\u0131 Tu\u011famiral Fuat Gedik, Akdeniz Belediye Ba\u015fkan Yard\u0131mc\u0131s\u0131 Sabahattin Ye\u015filo\u011flu, Mezitli Belediye Ba\u015fkan\u0131 Ne\u015fet Tarhan, Yeni\u015fehir Belediye Ba\u015fkan\u0131 Abdullah \u00d6zyi\u011fit, MIP Kamu \u0130li\u015fkileri Komitesi Ba\u015fkan\u0131 Nuri Peker de salonda yerini alanlar aras\u0131ndayd\u0131.<\/p>\n<p>Sanat Etkinlikleri Derne\u011fi \u00e7at\u0131s\u0131 alt\u0131nda, Mersin Uluslararas\u0131 M\u00fczik Festivali ve Mersin Liman \u0130\u015fletmecili\u011fi A.\u015e. i\u015f birli\u011fiyle ger\u00e7ekle\u015ftirilen etkinlikte elde edilen gelirin tamam\u0131 ise depremden etkilenerek ilimize gelen konservatuvar ve G\u00fczel Sanatlar Lisesi \u00f6\u011frencilerinin e\u011fitimlerine tahsis edilecek.<\/p>\n<p>Deprem felaketinin ilk g\u00fcn\u00fcnden itibaren deprem b\u00f6lgesine ve Mersin\u2019e gelen depremzedelerin ihtiya\u00e7lar\u0131na t\u00fcm enstr\u00fcmanlar\u0131yla katk\u0131 sa\u011flayan MIP, yaralar sar\u0131l\u0131ncaya kadar destek vermeye devam edecek. <\/p>\n","protected":false},"excerpt":{"rendered":"<p>Mersin Uluslararas\u0131 Liman \u0130\u015fletmecili\u011fi A.\u015e (MIP) ve Mersin Uluslararas\u0131 M\u00fczik Festivali i\u015f birli\u011fiyle 8 Nisan Cumartesi saat 20.30\u2019da Yeni\u015fehir Belediyesi AKM\u2019de depremzedeler yarar\u0131na ger\u00e7ekle\u015ftirilen Dayan\u0131\u015fma Konseri\u2019ne Mersinliler yo\u011fun ilgi g\u00f6sterdi. &hellip; <a href=\"https:\/\/akdenizolaygazetesi.com\/?p=25175\" class=\"more-link\">Devam\u0131n\u0131 Oku&#8230;<\/a><\/p>\n","protected":false},"author":2,"featured_media":25176,"comment_status":"open","ping_status":"open","sticky":false,"template":"","format":"standard","meta":[],"categories":[1,2,3],"tags":[],"_links":{"self":[{"href":"https:\/\/akdenizolaygazetesi.com\/index.php?rest_route=\/wp\/v2\/posts\/25175"}],"collection":[{"href":"https:\/\/akdenizolaygazetesi.com\/index.php?rest_route=\/wp\/v2\/posts"}],"about":[{"href":"https:\/\/akdenizolaygazetesi.com\/index.php?rest_route=\/wp\/v2\/types\/post"}],"author":[{"embeddable":true,"href":"https:\/\/akdenizolaygazetesi.com\/index.php?rest_route=\/wp\/v2\/users\/2"}],"replies":[{"embeddable":true,"href":"https:\/\/akdenizolaygazetesi.com\/index.php?rest_route=%2Fwp%2Fv2%2Fcomments&post=25175"}],"version-history":[{"count":1,"href":"https:\/\/akdenizolaygazetesi.com\/index.php?rest_route=\/wp\/v2\/posts\/25175\/revisions"}],"predecessor-version":[{"id":25177,"href":"https:\/\/akdenizolaygazetesi.com\/index.php?rest_route=\/wp\/v2\/posts\/25175\/revisions\/25177"}],"wp:featuredmedia":[{"embeddable":true,"href":"https:\/\/akdenizolaygazetesi.com\/index.php?rest_route=\/wp\/v2\/media\/25176"}],"wp:attachment":[{"href":"https:\/\/akdenizolaygazetesi.com\/index.php?rest_route=%2Fwp%2Fv2%2Fmedia&parent=25175"}],"wp:term":[{"taxonomy":"category","embeddable":true,"href":"https:\/\/akdenizolaygazetesi.com\/index.php?rest_route=%2Fwp%2Fv2%2Fcategories&post=25175"},{"taxonomy":"post_tag","embeddable":true,"href":"https:\/\/akdenizolaygazetesi.com\/index.php?rest_route=%2Fwp%2Fv2%2Ftags&post=25175"}],"curies":[{"name":"wp","href":"https:\/\/api.w.org\/{rel}","templated":true}]}}