{"id":25185,"date":"2023-04-13T13:29:42","date_gmt":"2023-04-13T10:29:42","guid":{"rendered":"http:\/\/akdenizolaygazetesi.com\/?p=25185"},"modified":"2023-04-13T13:29:42","modified_gmt":"2023-04-13T10:29:42","slug":"sehir-tiyatrosu-dunyanin-eski-zamanlarinda-oyununu-sahneledi","status":"publish","type":"post","link":"https:\/\/akdenizolaygazetesi.com\/?p=25185","title":{"rendered":"\u015eEH\u0130R T\u0130YATROSU &#8216;D\u00dcNYANIN ESK\u0130 ZAMANLARINDA&#8217; OYUNUNU SAHNELED\u0130"},"content":{"rendered":"<p>Mersin B\u00fcy\u00fck\u015fehir Belediyesi K\u00fclt\u00fcr ve Sosyal \u0130\u015fler Dairesi Ba\u015fkanl\u0131\u011f\u0131&#8217;na ba\u011fl\u0131 \u015eehir Tiyatrosu, &#8216;\u00c7ocuk Haftas\u0131&#8217; dolay\u0131s\u0131yla K\u00fclt\u00fcr Park&#8217;ta, &#8216;D\u00fcnyan\u0131n Eski Zamanlar\u0131nda&#8217; oyununu \u00e7ocuklarla bulu\u015fturdu. I\u015f\u0131l Kasapo\u011flu&#8217;nun yazd\u0131\u011f\u0131, Mustafa Dincir&#8217;in oynad\u0131\u011f\u0131 ve Ozan Erd\u00f6nmez&#8217;in y\u00f6netti\u011fi oyunun \u0131\u015f\u0131\u011f\u0131n\u0131 Salim Y\u00fccel, dekor, kost\u00fcm ve tasar\u0131m\u0131n\u0131 Alev Tol \u00fcstlendi. E\u011flendirici olmas\u0131n\u0131n yan\u0131 s\u0131ra, \u00f6\u011fretici \u00f6\u011feleriyle de \u00f6ne \u00e7\u0131kan oyun, \u00e7ocuklardan tam not ald\u0131.<br \/>\nDincir: &#8220;\u00c7ocuklara kendi k\u00fclt\u00fcr\u00fcm\u00fczden bir \u015feyler sunmak istedik&#8221;<br \/>\n23 Nisan haftas\u0131nda, B\u00fcy\u00fck\u015fehir Belediyesi olarak \u00e7ocuklara bir\u00e7ok etkinlik d\u00fczenlediklerini belirten \u015eehir Tiyatrosu oyuncusu Mustafa Dincir, &#8220;Bu kapsamda &#8216;D\u00fcnyan\u0131n Eski Zamanlar\u0131nda&#8217; oyunumuzu oynad\u0131k. Amfi tiyatroyu dolduran \u00e7ocuklardan inan\u0131lmaz bir kat\u0131l\u0131m g\u00f6rd\u00fck&#8221; dedi. Geleneksel bir oyun sahnelediklerini ve kendisinin oyunda meddah olarak bir\u00e7ok hikaye anlatt\u0131\u011f\u0131n\u0131 kaydeden Dincir, &#8220;Laz bal\u0131k\u00e7\u0131 hik\u00e2yemiz var. Nasrettin Hoca&#8217;m\u0131z var. Bir imam\u0131m\u0131z var, Nasrettin Hoca&#8217;n\u0131n kar\u0131s\u0131 var, kom\u015fular var. Bizim motiflerimizi bar\u0131nd\u0131ran, k\u00fclt\u00fcr\u00fcm\u00fczden bir\u00e7ok hik\u00e2ye var. 23 Nisan \u00f6ncesi d\u00fczenlenen &#8216;\u00c7ocuk Haftas\u0131&#8217;nda, k\u00fclt\u00fcr\u00fcm\u00fczdeki bu hikayeleri, \u00e7ocuklara e\u011flenebilecekleri bir \u015fekilde aktarmak istedik&#8221; diye konu\u015ftu. Sahneledi\u011fi oyunla, \u00e7ocuklar\u0131n yarat\u0131c\u0131l\u0131\u011f\u0131na katk\u0131 sunmay\u0131 da hedefledi\u011fini belirten Dincir, &#8220;Oyunda tek ba\u015f\u0131ma bir\u00e7ok tipi canland\u0131r\u0131yor ve de\u011fi\u015fik hikayeler anlat\u0131yorum. \u00c7ocuklar oyun sonunda eve d\u00f6nd\u00fcklerinde bu tipleri hat\u0131rlayabilirlerse, oyun oynama i\u00e7g\u00fcd\u00fcs\u00fcn\u00fc unutmazlarsa, evde de oyun oynarlarsa, belediyemizin ve tiyatromuzun \u00e7ocuklara en b\u00fcy\u00fck katk\u0131s\u0131 bu olur&#8221; ifadelerine yer verdi.<br \/>\nMinikler oyunu \u00e7ok sevdi<br \/>\nOyuna gelen miniklerden \u0130nci Nisa Karaca, &#8220;Oyunda Nasreddin Hoca vard\u0131, \u00e7ok seviyorum. \u0130yi ki gelmi\u015fim&#8221; derken, minik Asl\u0131han Karaca da, &#8220;Oyun g\u00fczeldi, tekrar gelirim&#8221; diye konu\u015ftu. \u00d6zellikle Nasreddin Hoca g\u00f6sterisini \u00e7ok sevdi\u011fini s\u00f6yleyen Delal Baylar ise, &#8220;Nasreddin Hoca&#8217;y\u0131 hi\u00e7 izlememi\u015ftim, yeni izliyorum. G\u00f6steriler daha \u00e7ok olsun isterim&#8221; diyerek duygular\u0131n\u0131 ifade etti.<\/p>\n","protected":false},"excerpt":{"rendered":"<p>Mersin B\u00fcy\u00fck\u015fehir Belediyesi K\u00fclt\u00fcr ve Sosyal \u0130\u015fler Dairesi Ba\u015fkanl\u0131\u011f\u0131&#8217;na ba\u011fl\u0131 \u015eehir Tiyatrosu, &#8216;\u00c7ocuk Haftas\u0131&#8217; dolay\u0131s\u0131yla K\u00fclt\u00fcr Park&#8217;ta, &#8216;D\u00fcnyan\u0131n Eski Zamanlar\u0131nda&#8217; oyununu \u00e7ocuklarla bulu\u015fturdu. I\u015f\u0131l Kasapo\u011flu&#8217;nun yazd\u0131\u011f\u0131, Mustafa Dincir&#8217;in oynad\u0131\u011f\u0131 ve &hellip; <a href=\"https:\/\/akdenizolaygazetesi.com\/?p=25185\" class=\"more-link\">Devam\u0131n\u0131 Oku&#8230;<\/a><\/p>\n","protected":false},"author":2,"featured_media":25186,"comment_status":"open","ping_status":"open","sticky":false,"template":"","format":"standard","meta":[],"categories":[3,5],"tags":[],"_links":{"self":[{"href":"https:\/\/akdenizolaygazetesi.com\/index.php?rest_route=\/wp\/v2\/posts\/25185"}],"collection":[{"href":"https:\/\/akdenizolaygazetesi.com\/index.php?rest_route=\/wp\/v2\/posts"}],"about":[{"href":"https:\/\/akdenizolaygazetesi.com\/index.php?rest_route=\/wp\/v2\/types\/post"}],"author":[{"embeddable":true,"href":"https:\/\/akdenizolaygazetesi.com\/index.php?rest_route=\/wp\/v2\/users\/2"}],"replies":[{"embeddable":true,"href":"https:\/\/akdenizolaygazetesi.com\/index.php?rest_route=%2Fwp%2Fv2%2Fcomments&post=25185"}],"version-history":[{"count":1,"href":"https:\/\/akdenizolaygazetesi.com\/index.php?rest_route=\/wp\/v2\/posts\/25185\/revisions"}],"predecessor-version":[{"id":25187,"href":"https:\/\/akdenizolaygazetesi.com\/index.php?rest_route=\/wp\/v2\/posts\/25185\/revisions\/25187"}],"wp:featuredmedia":[{"embeddable":true,"href":"https:\/\/akdenizolaygazetesi.com\/index.php?rest_route=\/wp\/v2\/media\/25186"}],"wp:attachment":[{"href":"https:\/\/akdenizolaygazetesi.com\/index.php?rest_route=%2Fwp%2Fv2%2Fmedia&parent=25185"}],"wp:term":[{"taxonomy":"category","embeddable":true,"href":"https:\/\/akdenizolaygazetesi.com\/index.php?rest_route=%2Fwp%2Fv2%2Fcategories&post=25185"},{"taxonomy":"post_tag","embeddable":true,"href":"https:\/\/akdenizolaygazetesi.com\/index.php?rest_route=%2Fwp%2Fv2%2Ftags&post=25185"}],"curies":[{"name":"wp","href":"https:\/\/api.w.org\/{rel}","templated":true}]}}