{"id":25194,"date":"2023-04-13T13:35:06","date_gmt":"2023-04-13T10:35:06","guid":{"rendered":"http:\/\/akdenizolaygazetesi.com\/?p=25194"},"modified":"2023-04-13T13:35:06","modified_gmt":"2023-04-13T10:35:06","slug":"sektor-deprem-bolgesinde-subat-ayina-gore-yuzde-803-buyudu","status":"publish","type":"post","link":"https:\/\/akdenizolaygazetesi.com\/?p=25194","title":{"rendered":"Sekt\u00f6r, Deprem B\u00f6lgesinde \u015eubat Ay\u0131na G\u00f6re Y\u00fczde 80,3 B\u00fcy\u00fcd\u00fc"},"content":{"rendered":"<p>T\u00fcrkiye mobilya, ka\u011f\u0131t ve orman \u00fcr\u00fcnleri sekt\u00f6r\u00fc, \u015fubat ay\u0131nda deprem kaynakl\u0131 d\u00fc\u015f\u00fc\u015f\u00fcn ard\u0131ndan yeniden b\u00fcy\u00fcmeye ge\u00e7ti. Sekt\u00f6r mart ay\u0131nda y\u00fczde 1,1 art\u0131\u015fla 760,4 milyon dolarl\u0131k ihracat sa\u011flad\u0131. Afet b\u00f6lgesinde \u00fcretimi olan AKAM\u0130B ise \u015fubat ay\u0131na g\u00f6re toparlansa da y\u00fczde 11,9&#8217;luk d\u00fc\u015f\u00fc\u015f g\u00f6sterdi.<\/p>\n<p>Afet b\u00f6lgesinde olan Adana ve Hatay illerimizdeki toplam sekt\u00f6r ihracat\u0131nda ge\u00e7en y\u0131l\u0131n mart ay\u0131na g\u00f6re y\u00fczde 14&#8217;l\u00fck d\u00fc\u015f\u00fc\u015f oldu\u011funu ancak \u015fubat ay\u0131na g\u00f6re ise y\u00fczde 60&#8217;l\u0131k art\u0131\u015f sa\u011flad\u0131klar\u0131n\u0131 belirten AKAM\u0130B Ba\u015fkan\u0131 Onur K\u0131l\u0131\u00e7er, \u201cBu tablo firmalar\u0131m\u0131z\u0131n toparlanmaya ba\u015flad\u0131\u011f\u0131n\u0131, \u00fcretimin yeniden canlanmas\u0131yla \u00f6n\u00fcm\u00fczdeki ay pozitif bir ihracat rakam\u0131n\u0131n sa\u011flanabilece\u011fini i\u015faret ediyor. Her \u015feye ra\u011fmen y\u0131l\u0131n ilk \u00e7eyre\u011findeki d\u00fc\u015f\u00fc\u015f\u00fcn izlerini silerek ikinci \u00e7eyrekte \u00e7ok daha anlaml\u0131 bir ihracat rakam\u0131na ula\u015faca\u011f\u0131m\u0131za inan\u0131yoruz\u201d dedi.<\/p>\n<p>Kahramanmara\u015f merkezli depremler nedeniyle \u015fubat ay\u0131n\u0131 d\u00fc\u015f\u00fc\u015fle tamamlayan T\u00fcrkiye ihracat\u0131, mart ay\u0131nda toparlanarak y\u00fczde 4,4 b\u00fcy\u00fcmeyle 23,6 milyar dolara ula\u015ft\u0131. Mobilya, k\u00e2\u011f\u0131t ve orman \u00fcr\u00fcnleri sekt\u00f6r\u00fc de ya\u015fanan olaylar\u0131n ihracattaki \u015fokunu atlatarak b\u00fcy\u00fcme sa\u011flad\u0131. Sekt\u00f6r, mart ay\u0131nda bir \u00f6nceki y\u0131l\u0131n ayn\u0131 ay\u0131na g\u00f6re y\u00fczde 1,1 art\u0131\u015fla 760,4 milyon dolarl\u0131k ihracat ger\u00e7ekle\u015ftirirken, bu ihracat tutar\u0131yla T\u00fcrkiye&#8217;nin toplam ihracat\u0131ndan y\u00fczde 3,2&#8217;lik pay elde etti.<\/p>\n<p>Akdeniz Mobilya, K\u00e2\u011f\u0131t ve Orman \u00dcr\u00fcnleri \u0130hracat\u00e7\u0131lar\u0131 Birli\u011fi&#8217;nin (AKAM\u0130B) de mart ay\u0131 ihracat\u0131 \u00f6zellikle deprem b\u00f6lgelerinde \u00fcretim yapan firmalar\u0131n ya\u015fad\u0131\u011f\u0131 olumsuzluklar neticesinde etkilenmeye devam etti. \u015eubat ay\u0131 ihracat\u0131nda y\u00fczde 28,3 oran\u0131nda azal\u0131\u015f g\u00f6steren AKAM\u0130B&#8217;in mart ay\u0131 ihracat\u0131 ise y\u00fczde 11,9 oran\u0131nda azalarak 83,8 milyon dolar oldu.<\/p>\n<p>Ocak-Mart d\u00f6neminde T\u00fcrkiye geneli mobilya, k\u00e2\u011f\u0131t ve orman \u00fcr\u00fcnleri ihracat\u0131 y\u00fczde 1,6&#8217;l\u0131k art\u0131\u015fla yakla\u015f\u0131k 2 milyar dolar\u0131 bulurken, AKAM\u0130B&#8217;in ihracat\u0131 ise y\u00fczde 13,5&#8217;lik d\u00fc\u015f\u00fc\u015fle 206,1 milyon dolar oldu.<\/p>\n<p>Afet b\u00f6lgesinde \u015fubat ay\u0131n\u0131n \u015foku atlat\u0131ld\u0131, nisanda art\u0131\u015f bekleniyor<\/p>\n<p>Depremlerin etkisinin ihracat \u00fczerindeki olumsuz etkisinin devam etti\u011fini s\u00f6yleyen AKAM\u0130B Ba\u015fkan\u0131 Onur K\u0131l\u0131\u00e7er, T\u00fcrkiye genelinde \u015fubat ay\u0131nda 1,5 milyar dolar, mart ay\u0131nda ise 1,2 milyar dolarl\u0131k kay\u0131p olu\u015ftu\u011funu hat\u0131rlatt\u0131. Ba\u015fta Gaziantep olmak \u00fczere Kahramanmara\u015f, Hatay, Mersin, Adana gibi illerde mobilya \u00fcretiminin g\u00fc\u00e7l\u00fc oldu\u011funu, sekt\u00f6r\u00fcn toparlanmas\u0131n\u0131n biraz daha zaman alaca\u011f\u0131n\u0131 dile getiren K\u0131l\u0131\u00e7er, \u201cAfet b\u00f6lgesinde olan Adana ve Hatay illerimizdeki toplam sekt\u00f6r ihracat\u0131nda ge\u00e7en y\u0131l\u0131n mart ay\u0131na g\u00f6re y\u00fczde 14&#8217;l\u00fck d\u00fc\u015f\u00fc\u015f oldu ancak \u015fubat ay\u0131na g\u00f6re ise y\u00fczde 60&#8217;l\u0131k art\u0131\u015f sa\u011fland\u0131. Bu tablo firmalar\u0131m\u0131z\u0131n toparlanmaya ba\u015flad\u0131\u011f\u0131n\u0131, \u00fcretimin yeniden canlanmas\u0131yla \u00f6n\u00fcm\u00fczdeki ay pozitif bir ihracat rakam\u0131n\u0131n sa\u011flanabilece\u011fini i\u015faret ediyor\u201d dedi.<\/p>\n<p> Sekt\u00f6r, ikinci \u00e7eyrekten umutlu<\/p>\n<p>T\u0130M \u00f6nc\u00fcl\u00fc\u011f\u00fcnde, depremzedelerin bar\u0131nma sorununu \u00e7\u00f6zmek i\u00e7in konteyner kentler ve prefabrik konutlar\u0131n in\u015fas\u0131na devam edildi\u011fini s\u00f6yleyen K\u0131l\u0131\u00e7er, hem b\u00f6lge insan\u0131n\u0131n hem de b\u00f6lge sanayicisinin k\u0131sa zamanda toparlanaca\u011f\u0131n\u0131 umut ettiklerini ifade etti.<\/p>\n<p>Mevcut ko\u015fullarda fiyat rekabet\u00e7ili\u011finde zorland\u0131klar\u0131n\u0131 belirten K\u0131l\u0131\u00e7er, ihracata da son s\u00fcratle devam ettiklerini \u015fu s\u00f6zlerle a\u00e7\u0131klad\u0131: \u201cUzun bir s\u00fcredir dolar kurunun 18-19 TL band\u0131nda kalmas\u0131 ba\u015fta enerji maliyetleri olmak \u00fczeri i\u015f\u00e7ilik ve di\u011fer giderlerin de etkisiyle karl\u0131l\u0131klar\u0131 d\u00fc\u015f\u00fcrd\u00fc. Fiyatta rakiplerimize g\u00f6re biraz pahal\u0131 kald\u0131k. Ancak mevcut pazarlar\u0131m\u0131z\u0131 kaybetmemek ve yenilerini kazanmak i\u00e7in de olanca g\u00fcc\u00fcm\u00fczle \u00e7al\u0131\u015fmalar\u0131m\u0131za a\u011f\u0131rl\u0131k veriyoruz. Bir yandan ABD, Rusya gibi hedef pazarlar\u0131m\u0131zda di\u011fer yandan Uzak \u00dclkeler Stratejisi kapsam\u0131ndaki pazarlar\u0131m\u0131zda ticari heyetlerimizi ve B2B g\u00f6r\u00fc\u015flerimizi art\u0131rd\u0131k. Her \u015feye ra\u011fmen y\u0131l\u0131n ilk \u00e7eyre\u011findeki d\u00fc\u015f\u00fc\u015f\u00fcn izlerini silerek ikinci \u00e7eyrekte \u00e7ok daha anlaml\u0131 bir ihracat rakam\u0131na ula\u015faca\u011f\u0131m\u0131za inan\u0131yoruz.\u201d<\/p>\n<p>G\u00fcrcistan pazar\u0131nda dikkat \u00e7ekici b\u00fcy\u00fcme<\/p>\n<p>Sekt\u00f6r\u00fcn mart ay\u0131nda T\u00fcrkiye genelinden yapt\u0131\u011f\u0131 ihracatta en ba\u015far\u0131l\u0131 pazar 87,5 milyon dolarla Irak oldu. Irak&#8217;\u0131 s\u0131ras\u0131yla; \u0130srail, Birle\u015fik Krall\u0131k, Almanya ve Libya izledi. Ay genelinde en dikkat \u00e7ekici art\u0131\u015f ise y\u00fczde 57,1 ile G\u00fcrcistan pazar\u0131nda oldu.<\/p>\n<p>AKAM\u0130B&#8217;in mart ay\u0131 ihracat\u0131nda da Irak ilk s\u0131rada yer ald\u0131. 14 milyon dolar ihracat yap\u0131lan Irak&#8217;\u0131 s\u0131ras\u0131yla; Almanya, \u0130srail, Fransa ve Libya takip etti. En dikkat \u00e7ekici art\u0131\u015f ise y\u00fczde 216,7 ile G\u00fcrcistan&#8217;a ger\u00e7ekle\u015fti.<\/p>\n","protected":false},"excerpt":{"rendered":"<p>T\u00fcrkiye mobilya, ka\u011f\u0131t ve orman \u00fcr\u00fcnleri sekt\u00f6r\u00fc, \u015fubat ay\u0131nda deprem kaynakl\u0131 d\u00fc\u015f\u00fc\u015f\u00fcn ard\u0131ndan yeniden b\u00fcy\u00fcmeye ge\u00e7ti. Sekt\u00f6r mart ay\u0131nda y\u00fczde 1,1 art\u0131\u015fla 760,4 milyon dolarl\u0131k ihracat sa\u011flad\u0131. Afet b\u00f6lgesinde \u00fcretimi &hellip; <a href=\"https:\/\/akdenizolaygazetesi.com\/?p=25194\" class=\"more-link\">Devam\u0131n\u0131 Oku&#8230;<\/a><\/p>\n","protected":false},"author":2,"featured_media":25195,"comment_status":"open","ping_status":"open","sticky":false,"template":"","format":"standard","meta":[],"categories":[7,8,2,3],"tags":[],"_links":{"self":[{"href":"https:\/\/akdenizolaygazetesi.com\/index.php?rest_route=\/wp\/v2\/posts\/25194"}],"collection":[{"href":"https:\/\/akdenizolaygazetesi.com\/index.php?rest_route=\/wp\/v2\/posts"}],"about":[{"href":"https:\/\/akdenizolaygazetesi.com\/index.php?rest_route=\/wp\/v2\/types\/post"}],"author":[{"embeddable":true,"href":"https:\/\/akdenizolaygazetesi.com\/index.php?rest_route=\/wp\/v2\/users\/2"}],"replies":[{"embeddable":true,"href":"https:\/\/akdenizolaygazetesi.com\/index.php?rest_route=%2Fwp%2Fv2%2Fcomments&post=25194"}],"version-history":[{"count":1,"href":"https:\/\/akdenizolaygazetesi.com\/index.php?rest_route=\/wp\/v2\/posts\/25194\/revisions"}],"predecessor-version":[{"id":25196,"href":"https:\/\/akdenizolaygazetesi.com\/index.php?rest_route=\/wp\/v2\/posts\/25194\/revisions\/25196"}],"wp:featuredmedia":[{"embeddable":true,"href":"https:\/\/akdenizolaygazetesi.com\/index.php?rest_route=\/wp\/v2\/media\/25195"}],"wp:attachment":[{"href":"https:\/\/akdenizolaygazetesi.com\/index.php?rest_route=%2Fwp%2Fv2%2Fmedia&parent=25194"}],"wp:term":[{"taxonomy":"category","embeddable":true,"href":"https:\/\/akdenizolaygazetesi.com\/index.php?rest_route=%2Fwp%2Fv2%2Fcategories&post=25194"},{"taxonomy":"post_tag","embeddable":true,"href":"https:\/\/akdenizolaygazetesi.com\/index.php?rest_route=%2Fwp%2Fv2%2Ftags&post=25194"}],"curies":[{"name":"wp","href":"https:\/\/api.w.org\/{rel}","templated":true}]}}