{"id":25207,"date":"2023-04-14T13:21:02","date_gmt":"2023-04-14T10:21:02","guid":{"rendered":"http:\/\/akdenizolaygazetesi.com\/?p=25207"},"modified":"2023-04-14T13:21:02","modified_gmt":"2023-04-14T10:21:02","slug":"bilim-insanlari-mersinde-afet-yonetimini-konustu","status":"publish","type":"post","link":"https:\/\/akdenizolaygazetesi.com\/?p=25207","title":{"rendered":"B\u0130L\u0130M \u0130NSANLARI, MERS\u0130N&#8217;DE AFET Y\u00d6NET\u0130M\u0130N\u0130 KONU\u015eTU"},"content":{"rendered":"<p>Mersin B\u00fcy\u00fck\u015fehir Belediyesi, 6 \u015eubat&#8217;ta meydana gelen depremin ard\u0131ndan deprem b\u00f6lgelerinde y\u00fcr\u00fctt\u00fc\u011f\u00fc \u00e7al\u0131\u015fmalar\u0131n yan\u0131 s\u0131ra, Mersin&#8217;de de kentin afetlere haz\u0131rl\u0131kl\u0131 olmas\u0131, afet bilincinin olu\u015fmas\u0131 i\u00e7in ger\u00e7ekle\u015fen \u00e7al\u0131\u015fmalara \u00f6nc\u00fcl\u00fck ediyor.<\/p>\n<p>B\u00fcy\u00fck\u015fehir Belediyesi taraf\u0131ndan alan\u0131nda uzman bilim insanlar\u0131 ile ger\u00e7ekle\u015fen &#8216;Mersin Afet Y\u00f6netimi Bilim ve Dan\u0131\u015fma Kurulu Toplant\u0131s\u0131&#8217;na kat\u0131lan Ba\u015fkan Se\u00e7er, Mersin&#8217;i daha ya\u015fanabilir ve daha g\u00fczel bir kent yapmak i\u00e7in yola \u00e7\u0131kt\u0131klar\u0131n\u0131 belirterek, 6 \u015eubat depreminin ard\u0131ndan Mersin&#8217;de neler yap\u0131lmas\u0131 gerekti\u011fi konusu \u00fczerine yo\u011funla\u015ft\u0131klar\u0131n\u0131 ifade etti.<\/p>\n<p>&#8220;Mersin, bir\u00e7ok afetle kar\u015f\u0131 kar\u015f\u0131ya kalabilir&#8221;<br \/>\nMersin&#8217;in deprem b\u00f6lgesinde olmad\u0131\u011f\u0131n\u0131 ancak co\u011frafi \u00f6zellikleri dolay\u0131s\u0131yla farkl\u0131 afetlerle kar\u015f\u0131 kar\u015f\u0131ya kalabilece\u011fine dikkat \u00e7eken Ba\u015fkan Se\u00e7er, &#8220;Kentimiz; deprem afetinin yans\u0131malar\u0131, Mersin&#8217;in y\u00fczde 52&#8217;sinin orman oldu\u011funu d\u00fc\u015f\u00fcn\u00fcrseniz orman yang\u0131nlar\u0131, Mersin&#8217;in co\u011frafyas\u0131n\u0131 d\u00fc\u015f\u00fcnd\u00fc\u011f\u00fcn\u00fcz zaman ani ya\u011f\u0131\u015flardaki ta\u015fk\u0131nlar\u0131, sahilde olmas\u0131ndan kaynakl\u0131 denizde meydana gelebilecek kuvvetli sars\u0131nt\u0131lar\u0131n tsunami olarak kente yans\u0131mas\u0131 gibi bir\u00e7ok afetle de kar\u015f\u0131 kar\u015f\u0131ya kalabilir&#8221; ifadelerini kulland\u0131.<\/p>\n<p>&#8220;Bu i\u015fi bilimsel bir s\u00fcre\u00e7le g\u00f6t\u00fcrelim&#8221;<br \/>\nBu bilin\u00e7le 10 Nisan 2023 g\u00fcn\u00fc Afet \u0130\u015fleri Dairesi Ba\u015fkanl\u0131\u011f\u0131&#8217;n\u0131 resmi olarak kurduklar\u0131n\u0131 s\u00f6yleyen Ba\u015fkan Se\u00e7er, ama\u00e7lar\u0131n\u0131n bu yolda i\u015fin ehli insanlarla bilin\u00e7li bir \u015fekilde ilerlemek oldu\u011funu kaydetti. Ba\u015fkan Se\u00e7er &#8220;Dairemiz \u015fu anda resmi olarak kuruldu. Bundan sonra art\u0131k bunun i\u00e7ini doldurmak ve \u00e7al\u0131\u015fmalar\u0131 ba\u015flatmak gerekiyor. Bug\u00fcn de \u00fcst\u00fcnden 3 g\u00fcn ge\u00e7tikten sonra bu \u00f6nemli, de\u011ferli toplant\u0131y\u0131 yap\u0131yoruz. Ba\u015flang\u0131c\u0131m\u0131z iyi, ne yapt\u0131\u011f\u0131m\u0131z\u0131 bilerek gidiyoruz ve s\u00fcratle ilerliyoruz. Umut ediyorum \u00e7ok daha iyi noktalara gelece\u011fiz&#8221; dedi.<\/p>\n<p>Mersin&#8217;in g\u00f6\u00e7lerle b\u00fcy\u00fcyen ve geli\u015fen bir kent oldu\u011funu ifade eden Ba\u015fkan Se\u00e7er, \u015fehrin, \u00e7evre il ve \u00fclkelerde olan geli\u015fmelerden etkilendi\u011fini kaydetti. Mersin n\u00fcfusunun depremin ard\u0131ndan art\u0131\u015f g\u00f6sterdi\u011fi bilgisini yineleyen Ba\u015fkan Se\u00e7er, &#8220;Ben rakamlar\u0131 size verirken reel referanslar \u00fczerinden veriyorum. H\u00fck\u00fcmet yetkilileri ile b\u00fcrokrasi ile bu konuda anla\u015fmazl\u0131\u011fa da d\u00fc\u015f\u00fcyoruz. Ben depremde &#8216;400 bin insan geldi&#8217; diyorum, onlar &#8216;Bu kadar gelmedi&#8217; diyor&#8221; ifadelerini kulland\u0131.<\/p>\n<p>&#8220;Kentimizdeki yap\u0131s\u0131 stoku, sars\u0131nt\u0131lara dayanabilecek tekniklerle yap\u0131lm\u0131\u015f de\u011fil&#8221;<br \/>\nMersin&#8217;de 2.6 milyon insan\u0131n ya\u015fad\u0131\u011f\u0131n\u0131 vurgulayarak, imar mevzuatlar\u0131na, y\u00f6netmeliklere ve yasalara uygun olmayan sorunlu yap\u0131 stokuna dikkat \u00e7eken Ba\u015fkan Se\u00e7er, &#8220;6 \u015eubat depremi bir t\u0131k daha \u015fiddetli ve s\u00fcresi biraz daha uzun olsayd\u0131, burada da y\u0131k\u0131mlar\u0131n olaca\u011f\u0131na kesin g\u00f6zle bakabilirdik. Biz bir hizmet binam\u0131z\u0131 afet riski ta\u015f\u0131yor diye bo\u015faltmak zorunda kald\u0131k. Eminim ki ger\u00e7ek anlamda tespitler yap\u0131lsa bir\u00e7ok binan\u0131n bo\u015falt\u0131lmas\u0131 gerekti\u011fi ger\u00e7e\u011fi ile kar\u015f\u0131 kar\u015f\u0131ya kal\u0131r\u0131z.&#8221; diye konu\u015ftu.<\/p>\n<p>Kentte genelde imar kirlili\u011finin h\u00e2kim oldu\u011fu b\u00f6lgelerin eski Mersin ve sahil \u015feridi oldu\u011funu da ifade eden Se\u00e7er, &#8220;Uzun bir sahil \u015feridimiz var. D\u00fc\u015f\u00fcn\u00fcn ki zemin emniyeti olmayan, s\u0131v\u0131la\u015fma olabilen, kum \u00fczerine, taban suyu y\u00fcksek b\u00f6lgelere, 20 &#8211; 22 katl\u0131 deniz kumuyla harc\u0131 kar\u0131larak binalar yap\u0131lm\u0131\u015f. Bunun emniyeti ne olabilir? Sahil bu binalarla dolu&#8221; dedi.<\/p>\n<p>&#8220;Mersin&#8217;i afetlere haz\u0131r hale getirmeliyiz&#8221;<br \/>\nMersin&#8217;i afetlere haz\u0131r hale getirmek ve kentin geriden gelen sorunlar\u0131n\u0131 tespit edip, \u00e7\u00f6zmek i\u00e7in yeni kurduklar\u0131 &#8216;Afet \u0130\u015fleri Dairesi Ba\u015fkanl\u0131\u011f\u0131&#8217; ile bu \u00e7al\u0131\u015fmalar\u0131 ba\u015flatt\u0131klar\u0131na da de\u011finen Ba\u015fkan Se\u00e7er, &#8220;Mersin&#8217;i afetlere haz\u0131r hale getirmek i\u00e7in, geriden gelen sorunlar\u0131n\u0131 tespit edip, onlar\u0131 \u00e7\u00f6zmek i\u00e7in, \u00f6zellikle kom\u015fu co\u011frafyadaki \u015fiddetli depremlerden etkilenen kentimizde sorunlu yap\u0131 stokunu bir an \u00f6nce d\u00f6n\u00fc\u015ft\u00fcrmek i\u00e7in \u015fu andan itibaren yeni kurdu\u011fumuz daire ba\u015fkanl\u0131\u011f\u0131m\u0131zla beraber \u00e7al\u0131\u015fmalar\u0131 ba\u015flatm\u0131\u015f bulunmaktay\u0131z. Kentimize yarar getirece\u011fini umut ediyorum. Tabi ki bu bir ba\u015flang\u0131\u00e7, son de\u011fil. G\u00fczel bir sonu\u00e7 elde edece\u011fiz diye umuttan \u00f6te inanc\u0131m \u00e7ok y\u00fcksek&#8221; dedi.<\/p>\n<p>Se\u00e7er, kentte su ta\u015fk\u0131nlar\u0131 i\u00e7in ald\u0131klar\u0131 \u00f6nlemlerin etkili oldu\u011fundan s\u00f6z etti<br \/>\nMersin do\u011fal afet risklerin ba\u015f\u0131nda su ta\u015fk\u0131nlar\u0131n\u0131n geldi\u011fini ifade eden Ba\u015fkan Se\u00e7er, g\u00f6reve geldikten sonra h\u0131zl\u0131ca bunun tedbirini ald\u0131klar\u0131n\u0131 ve b\u00f6yle bir sorunla kar\u015f\u0131la\u015fmad\u0131klar\u0131n\u0131 vurgulad\u0131. Ba\u015fkan Se\u00e7er, &#8220;Ben belediye ba\u015fkan\u0131 oldu\u011fum y\u0131l ta\u015fk\u0131nlarla tan\u0131\u015ft\u0131m. 2020&#8217;nin Ocak ay\u0131nda ta\u015fk\u0131n oldu. B\u00f6yle bir co\u011frafyada ya\u015f\u0131yoruz. O g\u00fcnden sonra olmad\u0131. \u00c7\u00fcnk\u00fc Mersin Su ve Kanalizasyon \u0130daresi \u00e7ok \u00f6nemli \u00e7al\u0131\u015fmalar yapt\u0131. Al\u0131nan tedbirlerin \u00e7ok b\u00fcy\u00fck yarar\u0131 oldu&#8221; diye konu\u015ftu.<br \/>\n\u015eehirlerin canl\u0131 birer organizma oldu\u011funu ve insana benzedi\u011fini s\u00f6yleyen Ba\u015fkan Se\u00e7er, ya\u015fam alanlar\u0131na bu anlay\u0131\u015fla sahip \u00e7\u0131k\u0131lmas\u0131 gerekti\u011fini belirterek, &#8220;Biz v\u00fccudumuzda ortaya \u00e7\u0131kan aksakl\u0131klar\u0131 gidermezsek, bir g\u00fcn gelir \u00e7\u00f6ker, gideriz. Kentler de b\u00f6yle. Y\u0131llarca bu kentin ya\u011fmur suyu hatlar\u0131 ka\u00e7ak ba\u011flant\u0131larla kanalizasyonlar\u0131 ta\u015f\u0131r hale gelmi\u015f. Bu olmamas\u0131 gereken bir durum. Kimsenin temizlemek akl\u0131na gelmemi\u015f. Sistem 20 y\u0131l, 30 y\u0131l \u00f6nceye g\u00f6re projelendirilmi\u015f. Bizim \u00e7al\u0131\u015fma prensibimiz s\u00fcrekli \u015fehri bir organizma olarak kabul edip, o minvalde, o do\u011frultuda ve o ger\u00e7eklikle \u00e7al\u0131\u015fmalar\u0131 s\u00fcrd\u00fcrmek&#8221; ifadelerine yer verdi.<br \/>\n&#8220;N\u00fckleer Santral ba\u015fl\u0131 ba\u015f\u0131na bir sorun&#8221;<br \/>\nBa\u015fkan Se\u00e7er N\u00fckleer G\u00fc\u00e7 Santrali&#8217;nin bulundu\u011fu B\u00fcy\u00fckeceli&#8217;de artan n\u00fcfus kar\u015f\u0131s\u0131ndaki altyap\u0131 ve imar d\u00fczenlemeleri ile ilgili olarak &#8220;Binlerce insan orada \u00e7al\u0131\u015f\u0131yor. Art\u0131k yerle\u015fik n\u00fcfus olmu\u015f. Orada bir sosyal ya\u015fam olu\u015fuyor, insanlar \u00e7al\u0131\u015fmaya, \u00e7al\u0131\u015fanlar\u0131n ihtiya\u00e7lar\u0131n\u0131 kar\u015f\u0131lamaya gidiyor. Bir il\u00e7e gibi b\u00fcy\u00fcd\u00fc birdenbire. Orada ne bir imar \u00e7al\u0131\u015fmas\u0131 ne bir imar d\u00fczenlemesi&#8230;Hi\u00e7bir \u015fey yok. Ne yaz\u0131k ki o b\u00f6lgeden binlerce insan\u0131n sadece fossepti\u011fini, kanalizasyonunu vidanj\u00f6rlerle ta\u015f\u0131mak zorunda kal\u0131yoruz. N\u00fckleer santral ba\u015fl\u0131 ba\u015f\u0131na bir sorun. Ben de ki\u015fisel olarak, parlamentoda &#8216;Hay\u0131r&#8217; oyu kullanan milletvekillerinden bir tanesiyim ve n\u00fckleer g\u00fc\u00e7 santralinin buraya yap\u0131lmamas\u0131 y\u00f6n\u00fcnde ki\u015fisel olarak dava a\u00e7m\u0131\u015f bir siyaset\u00e7iyim&#8221; diye konu\u015ftu.<\/p>\n<p>Ani g\u00f6\u00e7lerin olu\u015fturdu\u011fu komplikasyonlar oldu\u011funu ve bunlar\u0131nda do\u011fal olarak afet oldu\u011funu dile getiren Ba\u015fkan Se\u00e7er &#8220;Yani sizin gerekli \u00e7al\u0131\u015fman\u0131z, haz\u0131rl\u0131\u011f\u0131n\u0131z yoksa bu bir afettir. Ne yapacaks\u0131n\u0131z yeni gelen 400 bin insan\u0131n at\u0131\u011f\u0131n\u0131? Ona nerede su bulacaks\u0131n\u0131z? Onu nerede ya\u015fatacaks\u0131n\u0131z? Konut yapacaks\u0131n\u0131z, yollar\u0131n\u0131 a\u00e7acaks\u0131n\u0131z, asayi\u015fini sa\u011flayacaks\u0131n\u0131z, sa\u011fl\u0131\u011f\u0131n\u0131 koruyacaks\u0131n\u0131z.  Bu haz\u0131rl\u0131\u011f\u0131 yapmad\u0131\u011f\u0131n\u0131z takdirde bu i\u015f bir felakete d\u00f6n\u00fc\u015f\u00fcr&#8221; dedi.<br \/>\n&#8220;Bizim i\u00e7in sorunlar bitmi\u015f de\u011fil&#8221;<br \/>\nKonu\u015fmas\u0131n\u0131n sonunda Mersin&#8217;de yap\u0131lan \u00e7al\u0131\u015fmalar\u0131n yan\u0131s\u0131ra, Ad\u0131yaman Konteynerkenti ile Hatay \u00c7ad\u0131rkentinde depremzedelere y\u00f6nelik \u00e7al\u0131\u015fmalar hakk\u0131nda da bilgi veren Ba\u015fkan Se\u00e7er \u015funlar\u0131 s\u00f6yledi:<br \/>\n &#8220;Ben ve arkada\u015flar\u0131m bu felaket g\u00fcnlerinde halk\u0131m\u0131za kar\u015f\u0131 elimizden geleni de\u011fil, emin olun her \u015feyi yapt\u0131k. \u015eu anda da bizim i\u00e7in bu sorunlar bitmi\u015f de\u011fil. Toplamda 10 bin insan bizim misafirimiz oldu. 2 bin 500ki\u015fi hala bizim konu\u011fumuz. Onlara sadece yeme-i\u00e7me, g\u0131da, tuvalet, banyo ihtiyac\u0131 deste\u011fi de\u011fil, bir insan olduklar\u0131 h\u00fcviyetiyle her t\u00fcrl\u00fc psikososyal desteklerden \u00e7ocuklar\u0131n e\u011fitimine kadar katk\u0131 sunuyoruz. Biz Ad\u0131yaman Yaylakonak&#8217;ta mini bir konteyner kent yapt\u0131k. Merkezde de 670 adetlik bir konteyner kent olu\u015fturuyoruz. 80 bin metrekare alan i\u00e7erisinde bir kasaba olu\u015fturuyoruz. Bu konteyn\u0131rlarda i\u00e7inde tuvaleti, banyosu, her \u015feyi olan bir kasaba halinde olu\u015fturuyoruz. San\u0131yorum ilk vatanda\u015f al\u0131m\u0131 da bayramdan \u00f6nce bir b\u00f6l\u00fcme ba\u015flanacak ve di\u011fer k\u0131s\u0131mlar tamamland\u0131k\u00e7a da devam edecek. Yani Say\u0131n Cumhurba\u015fkan\u0131n\u0131n s\u00f6yledi\u011fi gibi &#8216;Ad\u0131yaman&#8217;a geldi mi bu belediye ba\u015fkanlar\u0131?&#8217; s\u00f6yleminden sonra bizim belediyelerimizin durumu budur. Ad\u0131yaman&#8217;da da Hatay&#8217;da, Kahramanmara\u015f&#8217;ta her nokta bizim vatan\u0131m\u0131z. Her insan kimli\u011fi ne olursa olsun, mezhebi me\u015frebi ne olursa olsun herkes bizim insan\u0131m\u0131zd\u0131r.&#8221;<\/p>\n","protected":false},"excerpt":{"rendered":"<p>Mersin B\u00fcy\u00fck\u015fehir Belediyesi, 6 \u015eubat&#8217;ta meydana gelen depremin ard\u0131ndan deprem b\u00f6lgelerinde y\u00fcr\u00fctt\u00fc\u011f\u00fc \u00e7al\u0131\u015fmalar\u0131n yan\u0131 s\u0131ra, Mersin&#8217;de de kentin afetlere haz\u0131rl\u0131kl\u0131 olmas\u0131, afet bilincinin olu\u015fmas\u0131 i\u00e7in ger\u00e7ekle\u015fen \u00e7al\u0131\u015fmalara \u00f6nc\u00fcl\u00fck ediyor. B\u00fcy\u00fck\u015fehir &hellip; <a href=\"https:\/\/akdenizolaygazetesi.com\/?p=25207\" class=\"more-link\">Devam\u0131n\u0131 Oku&#8230;<\/a><\/p>\n","protected":false},"author":2,"featured_media":25208,"comment_status":"open","ping_status":"open","sticky":false,"template":"","format":"standard","meta":[],"categories":[2,3,5],"tags":[],"_links":{"self":[{"href":"https:\/\/akdenizolaygazetesi.com\/index.php?rest_route=\/wp\/v2\/posts\/25207"}],"collection":[{"href":"https:\/\/akdenizolaygazetesi.com\/index.php?rest_route=\/wp\/v2\/posts"}],"about":[{"href":"https:\/\/akdenizolaygazetesi.com\/index.php?rest_route=\/wp\/v2\/types\/post"}],"author":[{"embeddable":true,"href":"https:\/\/akdenizolaygazetesi.com\/index.php?rest_route=\/wp\/v2\/users\/2"}],"replies":[{"embeddable":true,"href":"https:\/\/akdenizolaygazetesi.com\/index.php?rest_route=%2Fwp%2Fv2%2Fcomments&post=25207"}],"version-history":[{"count":1,"href":"https:\/\/akdenizolaygazetesi.com\/index.php?rest_route=\/wp\/v2\/posts\/25207\/revisions"}],"predecessor-version":[{"id":25209,"href":"https:\/\/akdenizolaygazetesi.com\/index.php?rest_route=\/wp\/v2\/posts\/25207\/revisions\/25209"}],"wp:featuredmedia":[{"embeddable":true,"href":"https:\/\/akdenizolaygazetesi.com\/index.php?rest_route=\/wp\/v2\/media\/25208"}],"wp:attachment":[{"href":"https:\/\/akdenizolaygazetesi.com\/index.php?rest_route=%2Fwp%2Fv2%2Fmedia&parent=25207"}],"wp:term":[{"taxonomy":"category","embeddable":true,"href":"https:\/\/akdenizolaygazetesi.com\/index.php?rest_route=%2Fwp%2Fv2%2Fcategories&post=25207"},{"taxonomy":"post_tag","embeddable":true,"href":"https:\/\/akdenizolaygazetesi.com\/index.php?rest_route=%2Fwp%2Fv2%2Ftags&post=25207"}],"curies":[{"name":"wp","href":"https:\/\/api.w.org\/{rel}","templated":true}]}}