{"id":25210,"date":"2023-04-14T13:22:29","date_gmt":"2023-04-14T10:22:29","guid":{"rendered":"http:\/\/akdenizolaygazetesi.com\/?p=25210"},"modified":"2023-04-14T13:22:29","modified_gmt":"2023-04-14T10:22:29","slug":"secer-sehri-nufus-artisina-uygun-hale-getirmek-icin-cabaliyoruz","status":"publish","type":"post","link":"https:\/\/akdenizolaygazetesi.com\/?p=25210","title":{"rendered":"SE\u00c7ER: &#8220;\u015eEHR\u0130, N\u00dcFUS ARTI\u015eINA UYGUN HALE GET\u0130RMEK \u0130\u00c7\u0130N \u00c7ABALIYORUZ&#8221;"},"content":{"rendered":"<p>Mersin B\u00fcy\u00fck\u015fehir Belediye Ba\u015fkan\u0131 Vahap Se\u00e7er, Birle\u015fmi\u015f Milletler M\u00fclteciler Y\u00fcksek Komiserli\u011fi (UNHCR) T\u00fcrkiye Temsilcisi Philippe Lerclev, M\u00fclteci Koruma M\u00fcd\u00fcr\u00fc Elmar Ba\u011f\u0131rar, Ankara Ofis M\u00fcd\u00fcr\u00fc Beste Dalm\u0131\u015f ve Ankara B\u00f6lge Sorumlusu Faik Y\u0131lmaz ile bir araya geldi.<br \/>\n&#8220;Deprem sonras\u0131 400 bin insan Mersin&#8217;e geldi&#8221;<br \/>\nZiyarette konu\u015fan Ba\u015fkan Se\u00e7er, 6 \u015eubat Depremlerinin ard\u0131ndan Mersin&#8217;in de olduk\u00e7a etkilendi\u011fine ve resmi kay\u0131tlar\u0131n kentteki g\u00fcncel sorunlar\u0131 yans\u0131tma noktas\u0131nda yetersiz kald\u0131\u011f\u0131na dikkat \u00e7ekti. Deprem sonras\u0131 400 bin insan\u0131n buraya geldi\u011fini s\u00f6yleyen Se\u00e7er, &#8220;Gelen insanlar\u0131n bir k\u0131sm\u0131 ba\u015fka \u015fehirlere veya kentlerine geri d\u00f6nd\u00fcler. \u015eu anki mevcut tabloda, referans ald\u0131\u011f\u0131m\u0131z reel g\u00f6stergeler \u0131\u015f\u0131\u011f\u0131nda ger\u00e7ekle\u015ftirdi\u011fimiz tespitlere g\u00f6re yakla\u015f\u0131k 350 bin insan \u015fehrimize gelmi\u015f oldu ve kald\u0131&#8221; dedi.<br \/>\nYa\u015fanan bu n\u00fcfus art\u0131\u015f\u0131n\u0131 takip ettikleri g\u00f6stergelere dair Se\u00e7er, &#8220;Kentte ya\u015fayan insanlar\u0131n rutin t\u00fcketimleri vard\u0131r. Bunlardan yola \u00e7\u0131karak objektif tespitler yapabilirsiniz. Bir tanesi su t\u00fcketimi, ikincisi ortaya \u00e7\u0131kan \u00e7\u00f6p ya da at\u0131k miktar\u0131. \u00dc\u00e7\u00fcnc\u00fcs\u00fc elektrik t\u00fcketimi. Bu \u00fc\u00e7 kriter \u00fczerinden gitti\u011finiz zaman; her birinin kentte depremden bug\u00fcne kadar art\u0131\u015f oran\u0131n y\u00fczde 15&#8217;leri buldu\u011funu s\u00f6yleyebilirim. Bu da yakla\u015f\u0131k 350 bin n\u00fcfusa tekab\u00fcl ediyor&#8221; diye konu\u015ftu.<br \/>\n&#8220;G\u00f6\u00e7le gelen n\u00fcfusun getirece\u011fi sorunlar\u0131 \u00f6nleyici \u00e7al\u0131\u015fmalar ba\u015flatt\u0131k&#8221;<br \/>\nBu n\u00fcfusun 300 bininin T\u00fcrkiye Cumhuriyeti vatanda\u015f\u0131, 50 bininin ise s\u0131\u011f\u0131nmac\u0131lardan olu\u015ftu\u011funu aktaran Se\u00e7er, bu durumun kente ilave y\u00fckler getirdi\u011fine i\u015faret etti. B\u00fcy\u00fck\u015fehir olarak g\u00f6\u00e7le gelen n\u00fcfusun getirece\u011fi sorunlar\u0131 \u00f6nleyici \u00e7al\u0131\u015fmalar ba\u015flatt\u0131klar\u0131n\u0131 s\u00f6yleyen Se\u00e7er, &#8220;Biz deprem sonras\u0131 ya\u015fanan ma\u011fduriyetlere, insan odakl\u0131 kapsay\u0131c\u0131 bir yakla\u015f\u0131mla bakar\u0131z. \u0130lk g\u00fcnlerde insanlar bar\u0131nacak yer problemi ya\u015fad\u0131lar. \u0130lk g\u00fcnden itibaren yakla\u015f\u0131k olarak 10 bin insana biz burada ge\u00e7ici bar\u0131nma temin ettik. Bunlar\u0131n kimi k\u0131sa s\u00fcreli kald\u0131. 2 bin 500 ki\u015fi hala misafirimiz&#8221; ifadelerini kulland\u0131.Ba\u015fkan Se\u00e7er; kente gelen ve B\u00fcy\u00fck\u015fehir&#8217;in ge\u00e7ici bar\u0131nma alanlar\u0131nda kalan insanlar\u0131n temel ihtiya\u00e7lar\u0131n\u0131n yan\u0131 s\u0131ra sa\u011fl\u0131k, e\u011fitim gibi hizmetlere etkin eri\u015fim, psikososyal destek vb. ihtiya\u00e7lar\u0131n\u0131n da oldu\u011funu g\u00f6z \u00f6n\u00fcnde bulundurarak; kapsay\u0131c\u0131 ve \u00e7ok y\u00f6nl\u00fc destek \u00e7al\u0131\u015fmalar\u0131 y\u00fcr\u00fctt\u00fcklerini kaydetti.<br \/>\n&#8220;\u015eehri, n\u00fcfus art\u0131\u015f\u0131na uygun hale getirmek i\u00e7in \u00e7abal\u0131yoruz&#8221;<br \/>\nMevcuttaki 350 bin n\u00fcfusun yakla\u015f\u0131k olarak 250 bininin Mersin&#8217;de kalaca\u011f\u0131n\u0131 d\u00fc\u015f\u00fcnd\u00fc\u011f\u00fcn\u00fc ifade eden Se\u00e7er, &#8220;Bir kent n\u00fcfusuna e\u015f de\u011fer miktarda insan buraya geldi. \u00c7ok k\u00fc\u00e7\u00fck boyutlarda konularla bo\u011fu\u015fmayaca\u011f\u0131z. Mersin 6 \u015eubat&#8217;tan \u00f6nce m\u00fcltecilerle birlikte yakla\u015f\u0131k 2 milyon 200 bin n\u00fcfusa sahipti. Ama birdenbire \u015fu anda 2,6 milyon n\u00fcfusa ula\u015ft\u0131k. Oysaki bizim resmi n\u00fcfusumuz 1 milyon 916 bin. Yani bize aktar\u0131lan kaynaklarda referans olan n\u00fcfusun y\u00fczde 35&#8217;i kadar ilave bir n\u00fcfusa y\u00f6nelik hizmet \u00fcretmeye \u00e7al\u0131\u015f\u0131yoruz.  Bu \u00e7ok b\u00fcy\u00fck bir rakam&#8221; dedi.<br \/>\nOlu\u015fan n\u00fcfus yo\u011funlu\u011funa uygun \u00e7al\u0131\u015fmalar ba\u015flatt\u0131klar\u0131n\u0131 vurgulayan Se\u00e7er, \u00f6zellikle altyap\u0131 \u00e7al\u0131\u015fmalar\u0131na \u00f6nem verdiklerini belirterek, &#8220;Altyap\u0131 konusunda zaten haz\u0131r olan projelerimize finansman aray\u0131\u015f\u0131na \u00e7\u0131kt\u0131k. Yeni projeler, revize projeler yap\u0131yoruz. Bu konuda uluslararas\u0131 kurulu\u015flarla da i\u015f birli\u011fi yap\u0131yoruz. Ani bir n\u00fcfus art\u0131\u015f\u0131yla y\u00fczle\u015fen bir kent olarak Mersin&#8217;in g\u00f6\u00e7e dayan\u0131kl\u0131l\u0131\u011f\u0131n\u0131 artt\u0131rmak i\u00e7in t\u00fcm g\u00fcc\u00fcm\u00fczle \u00e7abal\u0131yoruz&#8221;  &#8220;diye konu\u015ftu.<br \/>\nPhilippe: &#8220;Mersin&#8217;e \u00e7ok fazla ki\u015finin geldi\u011fini biliyoruz&#8221;<br \/>\nUNHCR T\u00fcrkiye Temsilcisi Philippe Leclerc ise, &#8220;11 ili etkileyen depremden dolay\u0131 \u00fcz\u00fcnt\u00fc duyuyorum. Mersin&#8217;e \u00e7ok fazla ki\u015finin geldi\u011fini, hem T\u00fcrk vatanda\u015flar\u0131n\u0131n hem T\u00fcrkiye&#8217;de uzun y\u0131llard\u0131r bulunan Suriyeli s\u0131\u011f\u0131nmac\u0131lar\u0131n hem mesafe olarak yak\u0131n olmas\u0131 sebebiyle, hem de kendi akrabalar\u0131n\u0131n burada olmas\u0131 sebebiyle Mersin&#8217;e geldiklerini biliyoruz&#8221; diyerek Ba\u015fkan Se\u00e7er&#8217;e kente gelen vatanda\u015flar i\u00e7in y\u00fcr\u00fctt\u00fckleri \u00e7al\u0131\u015fmalardan dolay\u0131 te\u015fekk\u00fcrlerini iletti.<\/p>\n","protected":false},"excerpt":{"rendered":"<p>Mersin B\u00fcy\u00fck\u015fehir Belediye Ba\u015fkan\u0131 Vahap Se\u00e7er, Birle\u015fmi\u015f Milletler M\u00fclteciler Y\u00fcksek Komiserli\u011fi (UNHCR) T\u00fcrkiye Temsilcisi Philippe Lerclev, M\u00fclteci Koruma M\u00fcd\u00fcr\u00fc Elmar Ba\u011f\u0131rar, Ankara Ofis M\u00fcd\u00fcr\u00fc Beste Dalm\u0131\u015f ve Ankara B\u00f6lge Sorumlusu &hellip; <a href=\"https:\/\/akdenizolaygazetesi.com\/?p=25210\" class=\"more-link\">Devam\u0131n\u0131 Oku&#8230;<\/a><\/p>\n","protected":false},"author":2,"featured_media":25211,"comment_status":"open","ping_status":"open","sticky":false,"template":"","format":"standard","meta":[],"categories":[7,2,3],"tags":[],"_links":{"self":[{"href":"https:\/\/akdenizolaygazetesi.com\/index.php?rest_route=\/wp\/v2\/posts\/25210"}],"collection":[{"href":"https:\/\/akdenizolaygazetesi.com\/index.php?rest_route=\/wp\/v2\/posts"}],"about":[{"href":"https:\/\/akdenizolaygazetesi.com\/index.php?rest_route=\/wp\/v2\/types\/post"}],"author":[{"embeddable":true,"href":"https:\/\/akdenizolaygazetesi.com\/index.php?rest_route=\/wp\/v2\/users\/2"}],"replies":[{"embeddable":true,"href":"https:\/\/akdenizolaygazetesi.com\/index.php?rest_route=%2Fwp%2Fv2%2Fcomments&post=25210"}],"version-history":[{"count":1,"href":"https:\/\/akdenizolaygazetesi.com\/index.php?rest_route=\/wp\/v2\/posts\/25210\/revisions"}],"predecessor-version":[{"id":25212,"href":"https:\/\/akdenizolaygazetesi.com\/index.php?rest_route=\/wp\/v2\/posts\/25210\/revisions\/25212"}],"wp:featuredmedia":[{"embeddable":true,"href":"https:\/\/akdenizolaygazetesi.com\/index.php?rest_route=\/wp\/v2\/media\/25211"}],"wp:attachment":[{"href":"https:\/\/akdenizolaygazetesi.com\/index.php?rest_route=%2Fwp%2Fv2%2Fmedia&parent=25210"}],"wp:term":[{"taxonomy":"category","embeddable":true,"href":"https:\/\/akdenizolaygazetesi.com\/index.php?rest_route=%2Fwp%2Fv2%2Fcategories&post=25210"},{"taxonomy":"post_tag","embeddable":true,"href":"https:\/\/akdenizolaygazetesi.com\/index.php?rest_route=%2Fwp%2Fv2%2Ftags&post=25210"}],"curies":[{"name":"wp","href":"https:\/\/api.w.org\/{rel}","templated":true}]}}