{"id":25237,"date":"2023-04-15T18:12:55","date_gmt":"2023-04-15T15:12:55","guid":{"rendered":"http:\/\/akdenizolaygazetesi.com\/?p=25237"},"modified":"2023-04-15T18:12:55","modified_gmt":"2023-04-15T15:12:55","slug":"kendi-beceri-ve-performanslarina-gore-ders-calisma-programi-hazirlamalari-gerekiyor","status":"publish","type":"post","link":"https:\/\/akdenizolaygazetesi.com\/?p=25237","title":{"rendered":"&#8220;KEND\u0130 BECER\u0130 VE PERFORMANSLARINA G\u00d6RE DERS \u00c7ALI\u015eMA PROGRAMI HAZIRLAMALARI GEREK\u0130YOR&#8221;"},"content":{"rendered":"<p>Okullar\u0131n 15-23 Nisan 2023 tarihleri aras\u0131nda ara tatile girecek olmas\u0131 sebebiyle, B\u00fcy\u00fck\u015fehir Belediyesi E\u011fitim ve \u00d6\u011fretimi Destekleme Kurs Merkezi Halkkent \u015eubesi Rehber \u00d6\u011fretmeni Jiyan Akbal\u0131k, \u00f6\u011frencilere bu s\u00fcreci verimli ge\u00e7irebilmeleri, eksik konular\u0131n\u0131 tamamlamalar\u0131 ve yeni d\u00f6neme daha motive olmu\u015f bir \u015fekilde ba\u015flamalar\u0131 i\u00e7in \u00f6nerilerde bulundu.<\/p>\n<p>Akbal\u0131k: &#8220;Ara tatil motivasyon olarak olumlu etkiye sahip&#8221;<\/p>\n<p>\u00d6\u011frencilerin, kendi beceri ve performanslar\u0131na g\u00f6re ders \u00e7al\u0131\u015fma program\u0131 haz\u0131rlamalar\u0131 gerekti\u011fini ve bu program\u0131, kendi akademik ba\u015far\u0131lar\u0131n\u0131 g\u00f6z \u00f6n\u00fcne alarak yapmalar\u0131 gerekti\u011fini belirten Akbal\u0131k, &#8220;Bu plan\u0131n i\u00e7inde bran\u015f denemeleri \u00e7\u00f6zmeleri, eksik konular\u0131n\u0131 tamamlamalar\u0131 ve kitap okumalar\u0131 gerekti\u011fini \u00f6neriyoruz. Ara tatil, motivasyon olarak olumlu etkiye sahip. \u00d6\u011frencilerimiz bu zaman\u0131, arkada\u015flar\u0131yla ve ebeveynleriyle verimli bir \u015fekilde kullanabilir. Sinemaya gidebilir, beraber bir etkinlik yapabilirler. Bu durumda hem zihinsel olarak dinlenmi\u015f, hem de motivasyon sa\u011flam\u0131\u015f oluyorlar&#8221; dedi.<\/p>\n<p>Tatil s\u00fcrecinde ebeveynlere de \u00f6nerilerde bulunan Akbal\u0131k, &#8220;Ebeveynlerin, \u00e7ocuklar\u0131n\u0131 her durumda ko\u015fulsuz sevdiklerini ve onlara g\u00fcvendiklerini hissettirmeleri gerekiyor. Bu durumda, biz \u00f6\u011fretmenlere de i\u015f d\u00fc\u015f\u00fcyor. Biz B\u00fcy\u00fck\u015fehir Belediyesi kurs merkezlerimizde, t\u00fcm d\u00f6nemi bu \u015fekilde g\u00f6t\u00fcr\u00fcyoruz asl\u0131nda. \u00d6\u011frencilerimizle ders \u00e7al\u0131\u015fma veya tatil d\u00f6nemlerini nas\u0131l de\u011ferlendirmeleri gerekti\u011fi konusunda, s\u0131k\u0131 bir diyalog halindeyiz&#8221; diye konu\u015ftu. \u00d6\u011frencilerin motivasyonlar\u0131n\u0131 art\u0131rmak i\u00e7in, y\u0131l boyunca etkinlikler yapt\u0131klar\u0131n\u0131 da s\u00f6zlerine ekleyen Akbal\u0131k, &#8220;LGS ve YKS gruplar\u0131nda bilgi yar\u0131\u015fmas\u0131 yap\u0131yoruz. Ayn\u0131 zamanda bahar d\u00f6nemi geldi\u011finde, \u00f6\u011frencilerimizle beraber s\u0131nava yakla\u015f\u0131rken \u00e7e\u015fitli faaliyetler ger\u00e7ekle\u015ftiriyoruz. YKS \u00f6\u011frencilerimizle \u00fcniversite gezileri yap\u0131l\u0131yor&#8221; dedi.<\/p>\n<p>&#8220;Ara tatilde eksiklerimi kapatmaya \u00e7al\u0131\u015faca\u011f\u0131m&#8221;<\/p>\n<p>E\u011fitim ve \u00d6\u011fretimi Destekleme Kurs Merkezi Halkkent \u015eubesi&#8217;nde YKS&#8217;ye haz\u0131rlanan Zeynep Durmaz isimli \u00f6\u011frenci, &#8220;Ara tatilde eksiklerimi kapatarak, bran\u015f denemeleri \u00e7\u00f6zerek, ayr\u0131ca ailemle vakit ge\u00e7irerek motivasyonumu y\u00fcksek tutmaya \u00e7al\u0131\u015faca\u011f\u0131m&#8221; dedi. Durmaz, kurs merkezinden \u00e7ok memnun oldu\u011funu s\u00f6yleyerek, &#8220;\u00d6\u011fretmenlerim ger\u00e7ekten de anlayabilece\u011fimiz \u015fekilde anlat\u0131yor. Arkada\u015flarla birbirimize destek oluyoruz her zaman. \u00dccretli kurslardan daha verimli geliyor bana. Haftan\u0131n be\u015f g\u00fcn\u00fc geliyorum. Pazartesi g\u00fcn\u00fc denemeye giriyoruz. Eksiklerimizi kapatmak i\u00e7in et\u00fctlerimiz de oluyor&#8221; diye konu\u015ftu.<\/p>\n<p>\u00d6\u011frencilerden Kezban \u00d6zer ise, sa\u011fl\u0131k alan\u0131nda \u00e7al\u0131\u015fmak istedi\u011fini belirterek, &#8220;\u0130n\u015fallah hocalar\u0131m\u0131z\u0131n deste\u011fiyle de ba\u015faraca\u011f\u0131m. 1 haftal\u0131k tatili; eksiklerimi tamamlay\u0131p ailemle ve \u00e7evremle vakit ge\u00e7irerek, motivasyonumu daha da y\u00fckselterek de\u011ferlendirmeyi d\u00fc\u015f\u00fcn\u00fcyorum&#8221; ifadelerine yer verdi.<\/p>\n<p>Mersin B\u00fcy\u00fck\u015fehir Belediye Ba\u015fkan\u0131 Vahap Se\u00e7er \u00f6nc\u00fcl\u00fc\u011f\u00fcnde, e\u011fitimde f\u0131rsat e\u015fitli\u011fini sa\u011flamak i\u00e7in hayata ge\u00e7irilen Sosyal Hizmetler Daire Ba\u015fkanl\u0131\u011f\u0131&#8217;na ba\u011fl\u0131 E\u011fitim ve \u00d6\u011fretim Kurs Merkezlerinde, lise ve \u00fcniversite s\u0131navlar\u0131na haz\u0131rl\u0131kta toplam 6 bin 702 \u00f6\u011frenci e\u011fitim g\u00f6r\u00fcyor. 10 il\u00e7edeki 18 kurs merkezinde hizmet veren 303 \u00f6\u011fretmen, \u00f6\u011frencileri YSK ve LGS&#8217;ye haz\u0131rl\u0131yor.<\/p>\n","protected":false},"excerpt":{"rendered":"<p>Okullar\u0131n 15-23 Nisan 2023 tarihleri aras\u0131nda ara tatile girecek olmas\u0131 sebebiyle, B\u00fcy\u00fck\u015fehir Belediyesi E\u011fitim ve \u00d6\u011fretimi Destekleme Kurs Merkezi Halkkent \u015eubesi Rehber \u00d6\u011fretmeni Jiyan Akbal\u0131k, \u00f6\u011frencilere bu s\u00fcreci verimli ge\u00e7irebilmeleri, &hellip; <a href=\"https:\/\/akdenizolaygazetesi.com\/?p=25237\" class=\"more-link\">Devam\u0131n\u0131 Oku&#8230;<\/a><\/p>\n","protected":false},"author":2,"featured_media":25238,"comment_status":"open","ping_status":"open","sticky":false,"template":"","format":"standard","meta":[],"categories":[2,3],"tags":[],"_links":{"self":[{"href":"https:\/\/akdenizolaygazetesi.com\/index.php?rest_route=\/wp\/v2\/posts\/25237"}],"collection":[{"href":"https:\/\/akdenizolaygazetesi.com\/index.php?rest_route=\/wp\/v2\/posts"}],"about":[{"href":"https:\/\/akdenizolaygazetesi.com\/index.php?rest_route=\/wp\/v2\/types\/post"}],"author":[{"embeddable":true,"href":"https:\/\/akdenizolaygazetesi.com\/index.php?rest_route=\/wp\/v2\/users\/2"}],"replies":[{"embeddable":true,"href":"https:\/\/akdenizolaygazetesi.com\/index.php?rest_route=%2Fwp%2Fv2%2Fcomments&post=25237"}],"version-history":[{"count":1,"href":"https:\/\/akdenizolaygazetesi.com\/index.php?rest_route=\/wp\/v2\/posts\/25237\/revisions"}],"predecessor-version":[{"id":25239,"href":"https:\/\/akdenizolaygazetesi.com\/index.php?rest_route=\/wp\/v2\/posts\/25237\/revisions\/25239"}],"wp:featuredmedia":[{"embeddable":true,"href":"https:\/\/akdenizolaygazetesi.com\/index.php?rest_route=\/wp\/v2\/media\/25238"}],"wp:attachment":[{"href":"https:\/\/akdenizolaygazetesi.com\/index.php?rest_route=%2Fwp%2Fv2%2Fmedia&parent=25237"}],"wp:term":[{"taxonomy":"category","embeddable":true,"href":"https:\/\/akdenizolaygazetesi.com\/index.php?rest_route=%2Fwp%2Fv2%2Fcategories&post=25237"},{"taxonomy":"post_tag","embeddable":true,"href":"https:\/\/akdenizolaygazetesi.com\/index.php?rest_route=%2Fwp%2Fv2%2Ftags&post=25237"}],"curies":[{"name":"wp","href":"https:\/\/api.w.org\/{rel}","templated":true}]}}