{"id":25240,"date":"2023-04-15T18:15:13","date_gmt":"2023-04-15T15:15:13","guid":{"rendered":"http:\/\/akdenizolaygazetesi.com\/?p=25240"},"modified":"2023-04-15T18:15:13","modified_gmt":"2023-04-15T15:15:13","slug":"genel-baskan-yardimcisi-prof-dr-aydin-devleti-ve-milletiyle-once-turkiye-once-millet-diyoruz","status":"publish","type":"post","link":"https:\/\/akdenizolaygazetesi.com\/?p=25240","title":{"rendered":"GENEL BA\u015eKAN YARDIMCISI PROF. DR. AYDIN; &#8220;DEVLET\u0130 VE M\u0130LLET\u0130YLE \u00d6NCE T\u00dcRK\u0130YE, \u00d6NCE M\u0130LLET D\u0130YORUZ&#8221;"},"content":{"rendered":"<p>Toroslar Belediye Ba\u015fkan\u0131 Ats\u0131z Af\u015f\u0131n Y\u0131lmaz, Milliyet\u00e7i Hareket Partisi T\u00fcrk D\u00fcnyas\u0131 ve Uluslararas\u0131 \u0130li\u015fkilerden Sorumlu Genel Ba\u015fkan Yard\u0131mc\u0131s\u0131 Prof. Dr. Kamil Ayd\u0131n&#8217;\u0131 Toroslar&#8217;da a\u011f\u0131rlad\u0131.<\/p>\n<p>Toroslar Belediyesinin ev sahipli\u011finde d\u00fczenlenen iftar program\u0131nda, Genel Ba\u015fkan Yard\u0131mc\u0131s\u0131 Prof. Dr. Kamil Ayd\u0131n, il\u00e7ede konaklayan depremzede vatanda\u015flarla bulu\u015ftu.<\/p>\n<p>Milliyet\u00e7i Hareket Partisi Genel Ba\u015fkan\u0131 Devlet Bah\u00e7eli&#8217;nin talimatlar\u0131yla ba\u015flat\u0131lan ve depremzede vatanda\u015flar i\u00e7in d\u00fczenlenen &#8220;Bereket Sofras\u0131nda G\u00f6n\u00fcl Birli\u011fi&#8221; \u0130ftar Program\u0131 Toroslar&#8217;da yo\u011fun kat\u0131l\u0131mla ger\u00e7ekle\u015fti.<\/p>\n<p>T\u00fcrkiye&#8217;yi derinden sarsan deprem felaketinin ard\u0131ndan yaralar\u0131n sar\u0131lmas\u0131 i\u00e7in gece g\u00fcnd\u00fcz demeden \u00e7al\u0131\u015fan Toroslar Belediyesi, il\u00e7ede konaklayan depremzedeleri de yaln\u0131z b\u0131rakm\u0131yor.<\/p>\n<p>MHP Mersin \u0130l Ba\u015fkanl\u0131\u011f\u0131 ile birlikte yap\u0131lan iftar program\u0131na kat\u0131lan MHP Genel Ba\u015fkan Yard\u0131mc\u0131s\u0131 Prof. Dr. Kamil Ayd\u0131n, depremzede vatanda\u015flarla Toroslar&#8217;da iftar sofras\u0131nda bir araya gelerek, ge\u00e7mi\u015f olsun dileklerini iletti ve onlar\u0131n taleplerini dinledi.<\/p>\n<p>MHP Mersin Milletvekili Baki \u015eim\u015fek ve Olcay K\u0131lavuz, MHP Mersin \u0130l Ba\u015fkan\u0131 Zeynel U\u011fur G\u00f6lgeli, Te\u015fkilat Ba\u015fkanlar\u0131, Belediye Ba\u015fkanlar\u0131, 28. D\u00f6nem MHP Mersin Milletvekili Adaylar\u0131n\u0131n da yer ald\u0131\u011f\u0131 iftar program\u0131nda, birlik ve beraberli\u011fin en g\u00fczel foto\u011fraf karesi verildi.<\/p>\n<p>Toroslar Belediye Ba\u015fkan\u0131 Ats\u0131z Af\u015f\u0131n Y\u0131lmaz, Milletvekili Adaylar\u0131 ve Te\u015fkilat Ba\u015fkanlar\u0131yla birlikte masalar\u0131 tek tek gezen Genel Ba\u015fkan Yard\u0131mc\u0131s\u0131 Ayd\u0131n, \u00e7ocuklarla da yak\u0131ndan ilgilenerek sohbet etti.<\/p>\n<p>Ba\u015fkan Y\u0131lmaz, MHP Genel Ba\u015fkan Yard\u0131mc\u0131s\u0131 Prof. Dr. Kamil Ayd\u0131n ve protokol \u00fcyeleri ile birlikte depremzede vatanda\u015flara yemek ikram etti. Kuran-\u0131 Kerim tilavetinin ard\u0131ndan dualar okundu, oru\u00e7lar a\u00e7\u0131ld\u0131.<\/p>\n<p>GENEL BA\u015eKAN YARDIMCISI PROF. DR. AYDIN; &#8220;DEVLET\u0130 VE M\u0130LLET\u0130YLE \u00d6NCE T\u00dcRK\u0130YE, \u00d6NCE M\u0130LLET D\u0130YORUZ&#8221;<\/p>\n<p>MHP Genel Ba\u015fkan Yard\u0131mc\u0131s\u0131 Prof. Dr. Kamil Ayd\u0131n,  t\u00fcm kat\u0131l\u0131mc\u0131lara ge\u00e7mi\u015f olsun dileklerini ileterek; &#8220;Ac\u0131lar\u0131m\u0131z\u0131, kederlerimizi ve s\u0131k\u0131nt\u0131lar\u0131m\u0131z\u0131 bug\u00fcn bu sofrada oldu\u011fu gibi payla\u015farak hafifletece\u011fiz in\u015fallah. \u00c7\u00fcnk\u00fc biz devlet, millet \u015fiar\u0131yla b\u00fcy\u00fcm\u00fc\u015f ulu bir \u00e7\u0131nar\u0131n g\u00f6vdeleriyiz. MHP olarak siz a\u00e7san\u0131z biz de a\u00e7\u0131z, siz toksan\u0131z biz de tokuz diyoruz&#8221; dedi.<\/p>\n<p>Toroslar Belediyesinin ev sahipli\u011finde d\u00fczenlenen iftar program\u0131nda depremzede vatanda\u015flarla bulu\u015fman\u0131n mutlulu\u011funu ya\u015fad\u0131klar\u0131n\u0131 belirten Genel Ba\u015fkan Yard\u0131mc\u0131s\u0131 Ayd\u0131n; &#8220;Depremin etkiledi\u011fi 11 ilimizden depremzede karde\u015flerimizle bereket sofras\u0131nda, g\u00f6n\u00fcl birli\u011fi ad\u0131 alt\u0131nda bu g\u00fczel programda sizlerle bir araday\u0131z. Genel Ba\u015fkan\u0131m\u0131z, De\u011ferli Liderimiz Say\u0131n Devlet Bah\u00e7eli&#8217;nin sizlere ayr\u0131 ayr\u0131 selam ve sevgileri var. M\u00fcbarek Ramazan ay\u0131n\u0131 amac\u0131na uygun bir \u015fekilde idrak ediyoruz. Sizin ac\u0131n\u0131z, g\u00f6zya\u015f\u0131n\u0131z ve kederiniz bizim de ac\u0131m\u0131z. Ayn\u0131 ayeti kelimede ge\u00e7ti\u011fi gibi her g\u00fc\u00e7l\u00fckte mutlakla bir kolayl\u0131k vard\u0131r. Deprem ya\u015fad\u0131k ve 11 ilimiz yerle yeksan oldu. Ama biz inan\u0131yoruz ki o g\u00fc\u00e7l\u00fckle beraber Rabbimiz bize ihsan edecek. O kolayl\u0131\u011f\u0131n bu belirtilerini bu sofrada bir araya gelerek g\u00f6rd\u00fck. Rabbim birli\u011fimizi ve beraberli\u011fimizi bozmas\u0131n. Yaralar\u0131m\u0131z, Say\u0131n Cumhurba\u015fkan\u0131m\u0131z ve Say\u0131n Genel Ba\u015fkan\u0131m\u0131z\u0131n da ifade etti\u011fi en k\u0131sa zamanda sar\u0131lacak. Allah&#8217;\u0131n izniyle y\u0131k\u0131lan evlerimiz yap\u0131lacak, yok olan i\u015f yerlerimiz tekrar kurulacak. \u0130skenderun&#8217;dan evli bir karde\u015finiz olarak konu\u015fuyorum. B\u00fct\u00fcn deprem b\u00f6lgelerini bu program dahilinde geziyor, payla\u015fmaya ve b\u00f6l\u00fc\u015fmeye \u00e7al\u0131\u015f\u0131yoruz. Biz b\u00f6l\u00fc\u015ferek, payla\u015farak ac\u0131lar\u0131m\u0131z\u0131 azalt\u0131p, sevin\u00e7lerimizi ve r\u0131zk\u0131m\u0131z\u0131 art\u0131raca\u011f\u0131z. Bu g\u00fczel sofram\u0131z\u0131 \u015fereflendiren ve deprem b\u00f6lgesinden gelen t\u00fcm karde\u015flerimiz bizim ba\u015f\u0131m\u0131z\u0131n tac\u0131. Bu g\u00fczel bulu\u015fmaya ev sahipli\u011fi yapan MHP Mersin \u0130l Te\u015fkilat\u0131m\u0131za ve Toroslar Belediye Ba\u015fkan\u0131m\u0131z Say\u0131n Ats\u0131z Af\u015f\u0131n Y\u0131lmaz&#8217;a \u015f\u00fckranlar\u0131m\u0131 sunuyorum. Bizler, devleti ve milletiyle \u00f6nce T\u00fcrkiye diyoruz ve bu \u015fiarla yola \u00e7\u0131kt\u0131k. Bundan sonra da d\u00fcsturumuz bu olacak. Yapt\u0131\u011f\u0131n\u0131z t\u00fcm ibadetlerin kabul olmas\u0131n\u0131 diliyorum. \u0130yi ki geldiniz, iyi ki bizim sofram\u0131z\u0131 \u015fereflendirdiniz&#8221; diye konu\u015ftu.<\/p>\n<p>BA\u015eKAN YILMAZ; &#8220;B\u0130R OLACA\u011eIZ, BERABER VE G\u00dc\u00c7L\u00dc OLACA\u011eIZ&#8221;<\/p>\n<p>Toroslar Belediye Ba\u015fkan\u0131 Ats\u0131z Af\u015f\u0131n Y\u0131lmaz ise MHP Genel Ba\u015fkan Yard\u0131mc\u0131s\u0131 Prof. Dr. Kamil Ayd\u0131n&#8217;\u0131 Toroslar&#8217;da, g\u00f6n\u00fcl sofras\u0131nda a\u011f\u0131rlamaktan b\u00fcy\u00fck mutluluk duyduklar\u0131n\u0131 s\u00f6yledi.<\/p>\n<p>Asr\u0131n felaketinde hayat\u0131n\u0131 kaybedenlere Allah&#8217;tan rahmet, yaral\u0131lara acil \u015fifalar dileyerek, depremin ilk g\u00fcn\u00fcnden itibaren t\u00fcm T\u00fcrkiye&#8217;nin b\u00fcy\u00fck bir dayan\u0131\u015fma \u00f6rne\u011fi g\u00f6sterdi\u011fini belirten Ba\u015fkan Y\u0131lmaz, depremzede vatanda\u015flar\u0131n eski g\u00fcnlerine bir an \u00f6nce d\u00f6nmeleri temennisinde bulunarak; &#8220;Bir olaca\u011f\u0131z, beraber ve g\u00fc\u00e7l\u00fc olaca\u011f\u0131z. Devlet, millet el ele bunu da atlataca\u011f\u0131z in\u015fallah. Sizler bizim misafirimiz ve ba\u015f\u0131m\u0131z\u0131n tac\u0131s\u0131n\u0131z&#8221; dedi.<\/p>\n<p>On bir ay\u0131n sultan\u0131 Ramazan ay\u0131n\u0131n manevi ikliminin en g\u00fczel ya\u015fand\u0131\u011f\u0131 gecede depremzede \u00e7ocuklar da geleneksel Ramazan etkinlikleriyle doyas\u0131ya e\u011flendi.<\/p>\n<p>Ba\u015fkan Y\u0131lmaz, daha sonra MHP T\u00fcrk D\u00fcnyas\u0131 ve Uluslararas\u0131 \u0130li\u015fkilerden Sorumlu Genel Ba\u015fkan Yard\u0131mc\u0131s\u0131 Prof. Dr. Kamil Ayd\u0131n&#8217;\u0131 makam\u0131nda a\u011f\u0131rlayarak; \u00e7al\u0131\u015fmalar\u0131n\u0131 ve projelerini anlatt\u0131, TORTEK at\u00f6lyelerinde \u00fcretilen el yap\u0131m\u0131 kilim hediye etti.<\/p>\n<p>Genel Ba\u015fkan Yard\u0131mc\u0131s\u0131 Prof. Dr. Kamil Ayd\u0131n da Toroslar Belediyesinin \u015feref defterine d\u00fc\u015f\u00fcncelerini yazarak, Toroslar Belediye Ba\u015fkan\u0131 Ats\u0131z Af\u015f\u0131n Y\u0131lmaz&#8217;a ba\u015far\u0131lar\u0131n\u0131n devam\u0131n\u0131 diledi.<\/p>\n<p>Genel Ba\u015fkan Yard\u0131mc\u0131s\u0131 Ayd\u0131n; &#8220;Bir kez daha inand\u0131m ki Toroslar&#8217;da yanan me\u015fale ve t\u00fcten bir ocak oldu\u011fu s\u00fcrece bu \u00fclkemiz g\u00fcvendedir&#8221; dedi.<\/p>\n","protected":false},"excerpt":{"rendered":"<p>Toroslar Belediye Ba\u015fkan\u0131 Ats\u0131z Af\u015f\u0131n Y\u0131lmaz, Milliyet\u00e7i Hareket Partisi T\u00fcrk D\u00fcnyas\u0131 ve Uluslararas\u0131 \u0130li\u015fkilerden Sorumlu Genel Ba\u015fkan Yard\u0131mc\u0131s\u0131 Prof. Dr. Kamil Ayd\u0131n&#8217;\u0131 Toroslar&#8217;da a\u011f\u0131rlad\u0131. Toroslar Belediyesinin ev sahipli\u011finde d\u00fczenlenen iftar &hellip; <a href=\"https:\/\/akdenizolaygazetesi.com\/?p=25240\" class=\"more-link\">Devam\u0131n\u0131 Oku&#8230;<\/a><\/p>\n","protected":false},"author":2,"featured_media":25241,"comment_status":"open","ping_status":"open","sticky":false,"template":"","format":"standard","meta":[],"categories":[1,2,3],"tags":[],"_links":{"self":[{"href":"https:\/\/akdenizolaygazetesi.com\/index.php?rest_route=\/wp\/v2\/posts\/25240"}],"collection":[{"href":"https:\/\/akdenizolaygazetesi.com\/index.php?rest_route=\/wp\/v2\/posts"}],"about":[{"href":"https:\/\/akdenizolaygazetesi.com\/index.php?rest_route=\/wp\/v2\/types\/post"}],"author":[{"embeddable":true,"href":"https:\/\/akdenizolaygazetesi.com\/index.php?rest_route=\/wp\/v2\/users\/2"}],"replies":[{"embeddable":true,"href":"https:\/\/akdenizolaygazetesi.com\/index.php?rest_route=%2Fwp%2Fv2%2Fcomments&post=25240"}],"version-history":[{"count":1,"href":"https:\/\/akdenizolaygazetesi.com\/index.php?rest_route=\/wp\/v2\/posts\/25240\/revisions"}],"predecessor-version":[{"id":25242,"href":"https:\/\/akdenizolaygazetesi.com\/index.php?rest_route=\/wp\/v2\/posts\/25240\/revisions\/25242"}],"wp:featuredmedia":[{"embeddable":true,"href":"https:\/\/akdenizolaygazetesi.com\/index.php?rest_route=\/wp\/v2\/media\/25241"}],"wp:attachment":[{"href":"https:\/\/akdenizolaygazetesi.com\/index.php?rest_route=%2Fwp%2Fv2%2Fmedia&parent=25240"}],"wp:term":[{"taxonomy":"category","embeddable":true,"href":"https:\/\/akdenizolaygazetesi.com\/index.php?rest_route=%2Fwp%2Fv2%2Fcategories&post=25240"},{"taxonomy":"post_tag","embeddable":true,"href":"https:\/\/akdenizolaygazetesi.com\/index.php?rest_route=%2Fwp%2Fv2%2Ftags&post=25240"}],"curies":[{"name":"wp","href":"https:\/\/api.w.org\/{rel}","templated":true}]}}