{"id":25246,"date":"2023-04-17T13:40:54","date_gmt":"2023-04-17T10:40:54","guid":{"rendered":"http:\/\/akdenizolaygazetesi.com\/?p=25246"},"modified":"2023-04-17T13:40:54","modified_gmt":"2023-04-17T10:40:54","slug":"tarihi-alanda-sanat-dolu-etkinlik","status":"publish","type":"post","link":"https:\/\/akdenizolaygazetesi.com\/?p=25246","title":{"rendered":"TAR\u0130H\u0130 ALANDA SANAT DOLU ETK\u0130NL\u0130K"},"content":{"rendered":"<p>Yakla\u015f\u0131k 1 sene \u00f6nce Ba\u015fkan Vahap Se\u00e7er \u00f6nc\u00fcl\u00fc\u011f\u00fcnde kurulan, Mersin B\u00fcy\u00fck\u015fehir Belediyesi K\u00fclt\u00fcr ve Sosyal \u0130\u015fler Daire Ba\u015fkanl\u0131\u011f\u0131 b\u00fcnyesindeki &#8216;Tarsus&#8217;a De\u011fer Katanlar Kurulu&#8217;nun&#8217; (TADEKA) yeni hizmet binas\u0131, resim sergisi ile a\u00e7\u0131ld\u0131.<\/p>\n<p>Tarihi Tarsus Evleri&#8217;nin de bulundu\u011fu K\u0131z\u0131lmurat Mahallesi&#8217;nde, St. Paul Kuyusu biti\u015fi\u011finde yer alan tarihi sokaktaki evin d\u00fczenlenmesiyle olu\u015fturulan TADEKA hizmet binas\u0131, 15 Nisan D\u00fcnya Sanat G\u00fcn\u00fc dolay\u0131s\u0131yla, &#8216;Sanat \u0130yile\u015ftirir&#8217; konulu resim sergisiyle birlikte sanatseverlerin hizmetine girdi.<\/p>\n<p>K\u00fcrat\u00f6rl\u00fc\u011f\u00fcn\u00fc \u00dcmit Aslan&#8217;\u0131n yapt\u0131\u011f\u0131 sergide, 26 sanat\u00e7\u0131n\u0131n 50 eseri bulunuyor. B\u00fcy\u00fck\u015fehir Belediyesi Kent Orkestras\u0131 sanat\u00e7\u0131lar\u0131n\u0131n seslendirdi\u011fi klasik m\u00fczik e\u015fli\u011finde a\u00e7\u0131lan sergiye, Tarsus&#8217;a De\u011fer Katanlar ve Mersin&#8217;e De\u011fer Katanlar Kurullar\u0131&#8217;n\u0131n \u00fcyeleri, sivil toplum \u00f6rg\u00fctlerinin temsilcileri ve sanatseverler yo\u011fun ilgi g\u00f6sterdi. Amerika&#8217;dan T\u00fcrkiye&#8217;ye gelen ve Tarsus&#8217;un tarihi alanlar\u0131n\u0131 g\u00f6zlemleyen gezginlerin de i\u015ftirak etti\u011fi sergi, 30 Nisan&#8217;a kadar a\u00e7\u0131k kalacak.<\/p>\n<p>G\u00f6kayaz: &#8220;Tarsus&#8217;u, k\u00fclt\u00fcr\u00fcn ve sanat\u0131n merkezi haline getirmek istiyoruz&#8221;<\/p>\n<p>Sergi salonlar\u0131n\u0131n yan\u0131 s\u0131ra, toplant\u0131 salonunun da yer ald\u0131\u011f\u0131 TADEKA binas\u0131n\u0131n bah\u00e7e b\u00f6l\u00fcm\u00fcnde ger\u00e7ekle\u015fen a\u00e7\u0131l\u0131\u015f t\u00f6reninde konu\u015fan Mersin B\u00fcy\u00fck\u015fehir Belediyesi Genel Sekreter Yard\u0131mc\u0131s\u0131 Serdal G\u00f6kayaz, sanat\u0131n iyile\u015ftirici g\u00fcc\u00fcne dikkat \u00e7ekti\u011fi konu\u015fmas\u0131nda, &#8220;Ba\u015fkan\u0131m\u0131z Vahap Se\u00e7er&#8217;in selamlar\u0131n\u0131 ve sevgilerini iletmek istiyorum. Bug\u00fcn 15 Nisan D\u00fcnya Sanat G\u00fcn\u00fc. Bizler de sanat\u0131n iyile\u015ftirici g\u00fcc\u00fcne inan\u0131yoruz. Biliyorsunuz, yak\u0131n zamanda \u00e7ok b\u00fcy\u00fck ac\u0131lar ve s\u0131k\u0131nt\u0131lar ya\u015fad\u0131k. Ve bu s\u0131k\u0131nt\u0131lar\u0131 \u00fczerimizde halen hissediyoruz&#8221; ifadelerini kulland\u0131.<\/p>\n<p>TADEKA binas\u0131n\u0131n sanata b\u00fcy\u00fck katk\u0131 sa\u011flayaca\u011f\u0131na inand\u0131\u011f\u0131n\u0131 kaydeden G\u00f6kayaz, &#8220;Bu sergiye katk\u0131 sa\u011flayan b\u00fct\u00fcn ressamlar\u0131m\u0131za te\u015fekk\u00fcr ediyoruz. Ger\u00e7ekten Tarsus&#8217;un bu anlamda \u00e7ok ciddi bir potansiyeli var. Bunun fark\u0131nday\u0131z ve bunu geli\u015ftirmek i\u00e7in daha fazla \u015feyler yapmam\u0131z gerekti\u011finin de bilincindeyiz. TADEKA binas\u0131, asl\u0131nda bu anlamda yap\u0131lacak bir\u00e7ok \u00e7al\u0131\u015fman\u0131n da temeli olacakt\u0131r. Yak\u0131n zamanda farkl\u0131 \u00e7al\u0131\u015fmalar\u0131m\u0131z olacak. Bu alanlar\u0131 geni\u015fleterek, Tarsus&#8217;u k\u00fclt\u00fcr\u00fcn ve sanat\u0131n bir merkezi haline getirmek istiyoruz. \u00c7\u00fcnk\u00fc Tarsus ger\u00e7ekten de bunu hak ediyor. Bu \u00e7al\u0131\u015fmalar\u0131n da devam edece\u011fini belirtirken, herkese kat\u0131l\u0131mlar\u0131ndan dolay\u0131 te\u015fekk\u00fcr ederim&#8221; diye konu\u015ftu.<\/p>\n<p>Haso\u011flu: &#8220;Sanata ve sanat\u00e7\u0131ya de\u011fer veren toplumlar, insana ve do\u011faya da de\u011fer verir&#8221;<\/p>\n<p>TADEKA Plastik Sanatlar Kurulu \u00fcyesi L\u00fctfi Haso\u011flu ise, D\u00fcnya Sanat G\u00fcn\u00fc&#8217;nde kendilerini yaln\u0131z b\u0131rakmayan t\u00fcm sanatseverlere te\u015fekk\u00fcr etti.<\/p>\n<p>Haso\u011flu, &#8220;Sanata ve sanat\u00e7\u0131ya de\u011fer veren toplumlar, insana ve do\u011faya da de\u011fer verir. Sanat\u0131n kentle olan ba\u011f\u0131n\u0131 sa\u011flayacak, Tarsus&#8217;u bir sanat kenti yapacak TADEKA binas\u0131n\u0131 Tarsuslu sanat\u00e7\u0131lara kazand\u0131ran, \u00e7al\u0131\u015fmam\u0131za uygun ko\u015fullar ve olanak sa\u011flayan de\u011ferli Ba\u015fkan\u0131m\u0131z Say\u0131n Vahap Se\u00e7er&#8217;e, Genel Sekreter Yard\u0131mc\u0131m\u0131z Say\u0131n Serdal G\u00f6kayaz&#8217;a, K\u00fclt\u00fcr ve Sosyal \u0130\u015fler Daire Ba\u015fkanl\u0131\u011f\u0131 Koordinat\u00f6r\u00fc Say\u0131n Bengi \u0130spir \u00d6zd\u00fclger&#8217;e ve eme\u011fi ge\u00e7en herkese te\u015fekk\u00fcr ederiz&#8221; \u015feklinde konu\u015ftu.<\/p>\n<p>Aslan: &#8220;Tarsus&#8217;un b\u00f6yle bir galeriye ihtiyac\u0131 vard\u0131&#8221;<\/p>\n<p>Konu\u015fmas\u0131na te\u015fekk\u00fcrle ba\u015flayan sergi k\u00fcrat\u00f6r\u00fc \u00dcmit Aslan, &#8220;TADEKA binas\u0131 eminim ki, Tarsus&#8217;ta sanat\u0131n olu\u015fumu ve geli\u015fimi ile ilgili bundan sonraki ad\u0131mlar i\u00e7in \u00e7ok g\u00fczel bir lokomotif olacakt\u0131r. Buna Tarsus&#8217;un ihtiyac\u0131 vard\u0131. \u00c7\u00fcnk\u00fc elimizde bir tek Mehmet Bal Sanat Galerisi var. Onun d\u0131\u015f\u0131nda bir galerimiz yoktu. \u015eu an g\u00fczel bir galeri daha a\u00e7\u0131ld\u0131. Bundan sonraki sanatsal etkinliklerde de, hepinizi bir arada burada g\u00f6rmeyi umuyoruz&#8221; dedi.<\/p>\n<p>TADEKA&#8217;n\u0131n; Plastik Sanatlar; Edebiyat; M\u00fczik ve Sahne Sanatlar\u0131; Kent Ara\u015ft\u0131rmalar\u0131 ve Kent Belle\u011fi; Felsefe ve Arkeoloji; Sinema, Foto\u011fraf, Karikat\u00fcr; Turizm ve Gastronomi ile Spor Kurulu olmak \u00fczere toplam 8 alt kurulu bulunuyor.<\/p>\n","protected":false},"excerpt":{"rendered":"<p>Yakla\u015f\u0131k 1 sene \u00f6nce Ba\u015fkan Vahap Se\u00e7er \u00f6nc\u00fcl\u00fc\u011f\u00fcnde kurulan, Mersin B\u00fcy\u00fck\u015fehir Belediyesi K\u00fclt\u00fcr ve Sosyal \u0130\u015fler Daire Ba\u015fkanl\u0131\u011f\u0131 b\u00fcnyesindeki &#8216;Tarsus&#8217;a De\u011fer Katanlar Kurulu&#8217;nun&#8217; (TADEKA) yeni hizmet binas\u0131, resim sergisi ile &hellip; <a href=\"https:\/\/akdenizolaygazetesi.com\/?p=25246\" class=\"more-link\">Devam\u0131n\u0131 Oku&#8230;<\/a><\/p>\n","protected":false},"author":2,"featured_media":25247,"comment_status":"open","ping_status":"open","sticky":false,"template":"","format":"standard","meta":[],"categories":[2,3,5],"tags":[],"_links":{"self":[{"href":"https:\/\/akdenizolaygazetesi.com\/index.php?rest_route=\/wp\/v2\/posts\/25246"}],"collection":[{"href":"https:\/\/akdenizolaygazetesi.com\/index.php?rest_route=\/wp\/v2\/posts"}],"about":[{"href":"https:\/\/akdenizolaygazetesi.com\/index.php?rest_route=\/wp\/v2\/types\/post"}],"author":[{"embeddable":true,"href":"https:\/\/akdenizolaygazetesi.com\/index.php?rest_route=\/wp\/v2\/users\/2"}],"replies":[{"embeddable":true,"href":"https:\/\/akdenizolaygazetesi.com\/index.php?rest_route=%2Fwp%2Fv2%2Fcomments&post=25246"}],"version-history":[{"count":1,"href":"https:\/\/akdenizolaygazetesi.com\/index.php?rest_route=\/wp\/v2\/posts\/25246\/revisions"}],"predecessor-version":[{"id":25248,"href":"https:\/\/akdenizolaygazetesi.com\/index.php?rest_route=\/wp\/v2\/posts\/25246\/revisions\/25248"}],"wp:featuredmedia":[{"embeddable":true,"href":"https:\/\/akdenizolaygazetesi.com\/index.php?rest_route=\/wp\/v2\/media\/25247"}],"wp:attachment":[{"href":"https:\/\/akdenizolaygazetesi.com\/index.php?rest_route=%2Fwp%2Fv2%2Fmedia&parent=25246"}],"wp:term":[{"taxonomy":"category","embeddable":true,"href":"https:\/\/akdenizolaygazetesi.com\/index.php?rest_route=%2Fwp%2Fv2%2Fcategories&post=25246"},{"taxonomy":"post_tag","embeddable":true,"href":"https:\/\/akdenizolaygazetesi.com\/index.php?rest_route=%2Fwp%2Fv2%2Ftags&post=25246"}],"curies":[{"name":"wp","href":"https:\/\/api.w.org\/{rel}","templated":true}]}}