{"id":25249,"date":"2023-04-17T13:45:19","date_gmt":"2023-04-17T10:45:19","guid":{"rendered":"http:\/\/akdenizolaygazetesi.com\/?p=25249"},"modified":"2023-04-17T13:45:19","modified_gmt":"2023-04-17T10:45:19","slug":"akkuyu-ngsni%cc%87n-2nci-unitesinde-ic-koruma-kabugunun-dorduncu-katmaninin-kurulumu-tamamlandi","status":"publish","type":"post","link":"https:\/\/akdenizolaygazetesi.com\/?p=25249","title":{"rendered":"AKKUYU NGS&#8217;NI\u0307N 2\u2019NC\u0130 \u00dcN\u0130TES\u0130\u2019NDE \u0130\u00c7 KORUMA KABU\u011eUNUN D\u00d6RD\u00dcNC\u00dc KATMANININ KURULUMU TAMAMLANDI"},"content":{"rendered":"<p>Akkuyu N\u00fckleer G\u00fc\u00e7 Santrali\u2019nin (NGS) 2\u2019nci g\u00fc\u00e7 \u00fcnitesinin reakt\u00f6r binas\u0131na, n\u00fckleer g\u00fc\u00e7 santrallerinin g\u00fcvenlik sisteminin ana unsurlar\u0131ndan biri olan i\u00e7 koruma kabu\u011funun (\u0130KK) d\u00f6rd\u00fcnc\u00fc katman\u0131n\u0131n kuruldu.<\/p>\n<p>Reakt\u00f6r binas\u0131n\u0131n s\u0131zd\u0131rmazl\u0131\u011f\u0131 i\u00e7in kullan\u0131lan \u00e7elik kaplama ve \u00f6zel betondan olu\u015fan \u0130KK, reakt\u00f6r binas\u0131n\u0131n korunmas\u0131n\u0131 sa\u011fl\u0131yor.<\/p>\n<p>\u0130\u00e7 yar\u0131\u00e7ap\u0131 22 metre, y\u00fcksekli\u011fi 8 metre ve a\u011f\u0131rl\u0131\u011f\u0131 144 tondan fazla olan katman\u0131n kurulumu 3 ay s\u00fcrd\u00fc. Kurulum, d\u00fcnyan\u0131n en g\u00fc\u00e7l\u00fc Liebherr LR-13000 paletli vin\u00e7lerinden biri olan Liebherr LTM 1300 kamyon vinci ve iki hidrolik cihaz kullan\u0131larak ger\u00e7ekle\u015ftirildi. Katman\u0131n kurulumu i\u00e7in, prefabrike yap\u0131y\u0131 vincin hareketi s\u0131ras\u0131nda deformasyona kar\u015f\u0131 koruyan \u00f6zel bir travers geli\u015ftirildi.<\/p>\n<p>Yap\u0131m a\u015famas\u0131ndaki Akkuyu NGS&#8217;nin Genel M\u00fcd\u00fcr Birinci Yard\u0131mc\u0131s\u0131 ve Yap\u0131 \u0130\u015fleri Direkt\u00f6r\u00fc Sergey Butckikh tamamlanan \u00e7al\u0131\u015fmalarla ilgili olarak \u015funlar\u0131 s\u00f6yledi: \u201cReakt\u00f6r binas\u0131n\u0131n \u00f6nemli bir unsuru, farkl\u0131 \u015fekillerde yap\u0131lardan olu\u015fan i\u00e7 koruma kab\u0131d\u0131r. D\u00f6rd\u00fcnc\u00fc katman silindirik yap\u0131lar\u0131n sonuncusudur. Ard\u0131ndan bu yaz kurulmas\u0131 planlanan kubbe k\u0131sm\u0131 montaj i\u015flemlerine ba\u015flanacak. Uzun y\u0131llara dayanan deneyimimiz bize zaman kazand\u0131r\u0131yor ve mevcut kaynaklar\u0131n kullan\u0131m\u0131n\u0131 en \u00fcst d\u00fczeye \u00e7\u0131kar\u0131yor. Daha sonra \u00fc\u00e7\u00fcnc\u00fc ve d\u00f6rd\u00fcnc\u00fc katmanlar\u0131n kaynak i\u015flemlerini yapmay\u0131, ta\u015f\u0131ma ve personel kilidi unsurlar\u0131 da dahil olmak \u00fczere g\u00f6m\u00fcl\u00fc par\u00e7alar\u0131 g\u00fc\u00e7lendirmeyi ve monte etmeyi planl\u0131yoruz.\u201d<\/p>\n<p>Akkuyu NGS\u2019de bulunan g\u00fc\u00e7 \u00fcnitelerinin reakt\u00f6r binalar\u0131, \u00e7ift koruma kabu\u011fu ile donat\u0131l\u0131yor. Betonarme d\u0131\u015f koruma kabu\u011fu, 9 b\u00fcy\u00fckl\u00fc\u011f\u00fcne kadar depremlere, tsunami, kas\u0131rga ve bunlar\u0131n kombinasyonlar\u0131ndan olu\u015fan a\u015f\u0131r\u0131 d\u0131\u015f etkenlere dayanacak \u015fekilde tasarland\u0131.<\/p>\n","protected":false},"excerpt":{"rendered":"<p>Akkuyu N\u00fckleer G\u00fc\u00e7 Santrali\u2019nin (NGS) 2\u2019nci g\u00fc\u00e7 \u00fcnitesinin reakt\u00f6r binas\u0131na, n\u00fckleer g\u00fc\u00e7 santrallerinin g\u00fcvenlik sisteminin ana unsurlar\u0131ndan biri olan i\u00e7 koruma kabu\u011funun (\u0130KK) d\u00f6rd\u00fcnc\u00fc katman\u0131n\u0131n kuruldu. Reakt\u00f6r binas\u0131n\u0131n s\u0131zd\u0131rmazl\u0131\u011f\u0131 i\u00e7in &hellip; <a href=\"https:\/\/akdenizolaygazetesi.com\/?p=25249\" class=\"more-link\">Devam\u0131n\u0131 Oku&#8230;<\/a><\/p>\n","protected":false},"author":2,"featured_media":25250,"comment_status":"open","ping_status":"open","sticky":false,"template":"","format":"standard","meta":[],"categories":[2,3,11],"tags":[],"_links":{"self":[{"href":"https:\/\/akdenizolaygazetesi.com\/index.php?rest_route=\/wp\/v2\/posts\/25249"}],"collection":[{"href":"https:\/\/akdenizolaygazetesi.com\/index.php?rest_route=\/wp\/v2\/posts"}],"about":[{"href":"https:\/\/akdenizolaygazetesi.com\/index.php?rest_route=\/wp\/v2\/types\/post"}],"author":[{"embeddable":true,"href":"https:\/\/akdenizolaygazetesi.com\/index.php?rest_route=\/wp\/v2\/users\/2"}],"replies":[{"embeddable":true,"href":"https:\/\/akdenizolaygazetesi.com\/index.php?rest_route=%2Fwp%2Fv2%2Fcomments&post=25249"}],"version-history":[{"count":1,"href":"https:\/\/akdenizolaygazetesi.com\/index.php?rest_route=\/wp\/v2\/posts\/25249\/revisions"}],"predecessor-version":[{"id":25251,"href":"https:\/\/akdenizolaygazetesi.com\/index.php?rest_route=\/wp\/v2\/posts\/25249\/revisions\/25251"}],"wp:featuredmedia":[{"embeddable":true,"href":"https:\/\/akdenizolaygazetesi.com\/index.php?rest_route=\/wp\/v2\/media\/25250"}],"wp:attachment":[{"href":"https:\/\/akdenizolaygazetesi.com\/index.php?rest_route=%2Fwp%2Fv2%2Fmedia&parent=25249"}],"wp:term":[{"taxonomy":"category","embeddable":true,"href":"https:\/\/akdenizolaygazetesi.com\/index.php?rest_route=%2Fwp%2Fv2%2Fcategories&post=25249"},{"taxonomy":"post_tag","embeddable":true,"href":"https:\/\/akdenizolaygazetesi.com\/index.php?rest_route=%2Fwp%2Fv2%2Ftags&post=25249"}],"curies":[{"name":"wp","href":"https:\/\/api.w.org\/{rel}","templated":true}]}}