{"id":2525,"date":"2020-11-04T18:23:03","date_gmt":"2020-11-04T15:23:03","guid":{"rendered":"http:\/\/mersinekonomipolitikagazetesi.com\/?p=2525"},"modified":"2020-11-04T18:23:03","modified_gmt":"2020-11-04T15:23:03","slug":"yeni-adli-yila-kaygi-icerisinde-giriyoruz","status":"publish","type":"post","link":"https:\/\/akdenizolaygazetesi.com\/?p=2525","title":{"rendered":"\u201cYEN\u0130 ADL\u0130 YILA KAYGI \u0130\u00c7ER\u0130S\u0130NDE G\u0130R\u0130YORUZ\u201d"},"content":{"rendered":"<p>Mersin Barosu taraf\u0131ndan 2018-2019 adli y\u0131l a\u00e7\u0131l\u0131\u015f\u0131 t\u00f6renle yap\u0131ld\u0131. Atat\u00fcrk An\u0131t\u0131na \u00e7elenk sunumunun yap\u0131ld\u0131\u011f\u0131 t\u00f6rende konu\u015fan Mersin Barosu Ba\u015fkan\u0131 Ye\u015filbo\u011faz, adalete ve yarg\u0131ya g\u00fcvenin yeniden acil tesis edilmesi gerekti\u011fini vurgulad\u0131.<\/p>\n<p>Ye\u015filbo\u011faz, \u201cAdalet terazisinden ge\u00e7mi\u015f bir devlet d\u00fczeni in\u015fa edilmeli. Yarg\u0131, 80 milyon insan\u0131n adalet beklentisine cevap vermelidir. Yarg\u0131 organlar\u0131nda nicelik ve nitelikte kalite y\u00fckseltilirse, adalete ve yarg\u0131ya g\u00fcven artar. \u00dclkemizdeki siyasal, ekonomik ve yarg\u0131ya y\u00f6nelik bir\u00e7ok sorun da \u00e7\u00f6z\u00fcme kavu\u015fur\u201d dedi.<\/p>\n<p>Cumhuriyet Alan\u0131\u2019nda d\u00fczenlenen t\u00f6rene Mersin Barosu Ba\u015fkan\u0131 Av. Bilgin Ye\u015filbo\u011faz, avukatlar ve stajyer avukatlar kat\u0131ld\u0131. \u00a0\u0130lk olarak Atat\u00fcrk An\u0131t\u0131&#8217;na \u00e7elenk konulurken, daha sonra sayg\u0131 duru\u015funda bulunarak, \u0130stiklal Mar\u015f\u0131 okundu. Yapt\u0131\u011f\u0131 a\u00e7\u0131klamada, gerek mesle\u011fin sorunlar\u0131n\u0131, gerekse yarg\u0131 sistemindeki sorunlar\u0131 her f\u0131rsatta hayk\u0131rd\u0131klar\u0131n\u0131, ancak sorunlara \u00e7\u00f6z\u00fcm beklerken, yeni adli y\u0131la yine kayg\u0131, \u00fcz\u00fcnt\u00fc ve tedirginlik i\u00e7erisinde girdiklerini ifade eden Mersin Barosu Ba\u015fkan\u0131 Av. Bilgin Ye\u015filbo\u011faz, \u201c\u00c7\u00fcnk\u00fc adalet \u00e7ark\u0131 tersine d\u00f6nmektedir, hukukumuz her ge\u00e7en g\u00fcn daha da yara almaktad\u0131r, adalete g\u00fcven her ge\u00e7en g\u00fcn daha da azalmaktad\u0131r. \u00dclkemizde ge\u00e7mi\u015fte adalete g\u00fcven % 70&#8217;lerde iken bu oran g\u00fcn\u00fcm\u00fczde % 30&#8217;lara d\u00fc\u015fm\u00fc\u015ft\u00fcr. OHAL KHK\u2019lar\u0131yla yap\u0131lan d\u00fczenlemelerin \u00e7ok \u00f6nemli bir k\u0131sm\u0131 savunma alan\u0131n\u0131 d\u00fczenlemektedir. KHK ile \u00f6zellikle mesle\u011fimize ve savunma hakk\u0131na y\u00f6nelik yap\u0131lan d\u00fczenlemeler, hukuk devletinde rastlanmayacak bir bi\u00e7imde yap\u0131lm\u0131\u015f ve hukukumuza b\u00fcy\u00fck darbe inmi\u015ftir. Toplumun hukuka olan g\u00fcvenini b\u00fcy\u00fck \u00f6l\u00e7\u00fcde sarsm\u0131\u015ft\u0131r. KHK\u2019lar ile avukatlar\u0131n \u00e7al\u0131\u015fma haklar\u0131 gasp edilmi\u015ftir. KHK h\u00fck\u00fcmlerinin \u00e7o\u011funlu\u011fu ge\u00e7ici de\u011fil, ola\u011fan\u00fcst\u00fc hal s\u00fcresini a\u015fan kal\u0131c\u0131 d\u00fczenlemelerdir. OHAL\u2019in kalkt\u0131\u011f\u0131 s\u00f6ylenmesine ra\u011fmen getirdi\u011fi, yasaklamalar ve k\u0131s\u0131tlamalar devam etmektedir. \u00a0Bu KHK\u2019lar insan haklar\u0131, parlamenter demokrasi ve hukukun \u00fcst\u00fcnl\u00fc\u011f\u00fcn\u00fcn \u00fczerinde ciddi tehdit yaratmaktad\u0131r. Savunma hakk\u0131 g\u00fcvencesiz hale getirilmemelidir\u201d diye konu\u015ftu.<\/p>\n<p>\u201cYARGI HERKES\u0130N ADALET BEKLENT\u0130S\u0130NE CEVAP VERMEL\u0130\u201d<\/p>\n<p>\u201cAdalete ve yarg\u0131ya g\u00fcvenin yeniden acilen tesis edilmesi gerekti\u011fine vurgu yapan BARO B\u015fk. Bilgin Ye\u015filbo\u011faz, \u201cYarg\u0131ya g\u00fcvenin art\u0131r\u0131lmas\u0131 i\u00e7in liyakat unsuru etkin k\u0131l\u0131nmal\u0131, \u00a0yarg\u0131 mensuplar\u0131n\u0131n mesle\u011fe al\u0131nmas\u0131, atanmas\u0131 ve terfisi liyakat ve objektif kriterlere dayanmal\u0131d\u0131r. Yarg\u0131 organlar\u0131nda nicelik ve nitelikte kalite y\u00fckseltilirse, adalete ve yarg\u0131ya g\u00fcven artar. \u00dclkemizdeki siyasal, ekonomik ve yarg\u0131ya y\u00f6nelik bir\u00e7ok sorun da \u00e7\u00f6z\u00fcme kavu\u015fur.<\/p>\n<p>H\u00fck\u00fcmet, yarg\u0131 i\u00e7ine yuvalanm\u0131\u015f cemaatlere kar\u015f\u0131 yeterli derecede m\u00fccadele edememi\u015ftir. Yarg\u0131 cemaatlerden temizlenmelidir, yarg\u0131 yozla\u015fm\u0131\u015f kadrolara, cemaatlere teslim edilmemelidir. Yarg\u0131n\u0131n 80 milyon insan\u0131n adalet beklentisine cevap vermelidir. Bunun i\u00e7in yarg\u0131 mensuplar\u0131na ger\u00e7ek anlamda ba\u011f\u0131ms\u0131zl\u0131k g\u00fcvencesi verilmeli ki, tarafs\u0131zl\u0131k ilkesi i\u015fleyebilsin ve yarg\u0131\u00e7lar her t\u00fcrl\u00fc korku ve endi\u015feden uzak, adil karar verebilsin. Bireysel iradelerin devre d\u0131\u015f\u0131 kald\u0131\u011f\u0131 bir hukuk sisteminde, adaletten s\u00f6z etmek m\u00fcmk\u00fcn de\u011fildir. Adaletin ve adalete g\u00fcvenin olmad\u0131\u011f\u0131 bir toplumda da anar\u015fi ba\u015flar\u201d ifadesini kulland\u0131.<\/p>\n<p>\u201cADALET TERAZ\u0130S\u0130N\u0130 TUTARKEN EL\u0130M\u0130Z T\u0130TREMEMEL\u0130\u201d<\/p>\n<p>A\u00e7\u0131klamas\u0131nda, hukuk devletinin \u00f6n ko\u015fulunun ba\u011f\u0131ms\u0131z yarg\u0131 oldu\u011funu belirten Baro B\u015fk. Bilgin Yeilbo\u011faz, Adaleti egemen k\u0131lmak i\u00e7in, \u00f6ncelikle adalet terazisinden ge\u00e7mi\u015f bir devlet d\u00fczeni in\u015fa edilmesi gerekti\u011fini vurgulad\u0131. Adil yarg\u0131lanma ve hukuk g\u00fcvenli\u011fi konular\u0131na i\u015flerlik kazand\u0131r\u0131lmas\u0131 gerekti\u011fini ifade eden Mersin Baro Ba\u015fkan\u0131 Bilgin Ye\u015filbo\u011faz, \u201cAdalet terazisini tutarken elimiz titrememelidir. Tarafs\u0131zl\u0131\u011f\u0131n\u0131 ve ba\u011f\u0131ms\u0131zl\u0131\u011f\u0131n\u0131 yitiren h\u00e2kimler kar\u015f\u0131s\u0131nda adaletin tek bek\u00e7ileri avukatlard\u0131r. \u00c7\u00fcnk\u00fc avukatlar\u0131n efendileri olmad\u0131\u011f\u0131 gibi, biat ta etmezler. H\u00e2kim ve Savc\u0131lar\u0131m\u0131z\u0131n \u2018Savunma, yarg\u0131n\u0131n kurucu unsurudur\u2019 c\u00fcmlesini i\u00e7selle\u015ftirmelerini istiyoruz. Atat\u00fcrk ilkelerine, demokratik, laik ve sosyal hukuk devletine ba\u011fl\u0131 olan biz avukatlar; hukukun \u00fcst\u00fcnl\u00fc\u011f\u00fcne ya\u015famsal \u00f6nemde katk\u0131 sunmaktay\u0131z. Savunma yoksa yarg\u0131 da yoktur, adalet de yoktur. Ba\u011f\u0131ms\u0131z ve tarafs\u0131z bir yarg\u0131n\u0131n olmad\u0131\u011f\u0131 yerde hukuk devleti yoktur\u201d dedi.<\/p>\n<p>\u201cHUKUKSUZLUKLARA KAR\u015eI \u00c7IKAN AVUKATLAR HEDEF G\u00d6STER\u0130L\u0130YOR\u201d<\/p>\n<p>Hak arama \u00f6zg\u00fcrl\u00fc\u011f\u00fcn\u00fcn temsilcisi olan avukatlar\u0131n; siyasi otoriteye ba\u011flanmak, \u00e7e\u015fitli bask\u0131 ve sindirme y\u00f6ntemleriyle susturulmak istendi\u011fi, as\u0131ls\u0131z iddialarla tutukland\u0131\u011f\u0131 g\u00fcnlerden ge\u00e7tiklerini ifade eden Baro B\u015fk. Bilgin Ye\u015filbo\u011faz, \u201cAvukatlar ve barolar her zaman hukukun, yarg\u0131n\u0131n, insan haklar\u0131n\u0131n korunmas\u0131 ve adaletin tesisi i\u00e7in m\u00fccadele etmi\u015flerdir. Ancak g\u00fcn\u00fcm\u00fczde, hukuksuzluklara kar\u015f\u0131 \u00e7\u0131kan barolar ve avukatlar ne yaz\u0131k ki hedef g\u00f6sterilmektedir. Savunmay\u0131 temsil eden avukatl\u0131k mesle\u011fine y\u00f6nelik olarak fiili ve hukuki hak k\u0131s\u0131tlamalar\u0131, avukatlar\u0131n savunma g\u00f6revini yaparken kar\u015f\u0131la\u015ft\u0131klar\u0131 engellemeler, \u00a0avukatlar\u0131n dosyalardan yasaklanmas\u0131na dair d\u00fczenlemenin OHAL ile birlikte getirilmi\u015f oldu\u011fu son durumun ve de politik ceza davalar\u0131na bakan avukatlar\u0131n kriminalize edilmesi ve san\u0131kla\u015ft\u0131r\u0131lmas\u0131 sorunu; ayr\u0131ca avukatlara y\u00f6nelik olarak g\u00f6zalt\u0131lar ve tutuklamalar\u0131n yayg\u0131n bir \u015fekilde kullan\u0131lmas\u0131yla, savunma mesle\u011finin i\u015flevsizle\u015ftirilmeye \u00e7al\u0131\u015f\u0131lmas\u0131, savunman\u0131n ne kadar bask\u0131 alt\u0131nda oldu\u011funun en a\u00e7\u0131k g\u00f6stergesidir. \u00dclkemiz de m\u00fcvekkilinin hakk\u0131n\u0131 savunan, arayan bir\u00e7ok avukat, m\u00fcvekkilleriyle birlikte yarg\u0131lanmaktad\u0131r\u201d \u015feklinde konu\u015ftu.<\/p>\n<p>\u00dclkemizde avukatlara y\u00f6nelik s\u00f6zl\u00fc ve fiili sald\u0131r\u0131lar\u0131n her ge\u00e7en g\u00fcn artt\u0131\u011f\u0131n\u0131 ve avukatlar\u0131n g\u00f6rev yapt\u0131klar\u0131 yerlerde g\u00fcven ortam\u0131n\u0131n giderek yok oldu\u011funu s\u00f6zlerine ekleyen Mersin Barosu Ba\u015fkan\u0131 Av. Bilgin Ye\u015filbo\u011faz, \u201cYarg\u0131n\u0131n vazge\u00e7ilmez unsurlar\u0131ndan biri olan avukatlara yap\u0131lan bu sald\u0131r\u0131lar, yarg\u0131ya yap\u0131lm\u0131\u015f demektir. G\u00f6revi ba\u015f\u0131ndaki meslekta\u015f\u0131m\u0131za yap\u0131lan bu sald\u0131r\u0131lar\u0131 \u015fiddetle k\u0131n\u0131yor, bu t\u00fcr sald\u0131r\u0131lar\u0131n avukatl\u0131k mesle\u011fimizi y\u00fcr\u00fctmemize engel olamayaca\u011f\u0131n\u0131, savunman\u0131n susturulamayaca\u011f\u0131n\u0131 bir kez daha s\u00f6yl\u00fcyoruz.<\/p>\n<p>Avukatl\u0131k Kanunumuzun, \u00e7a\u011fda\u015f ve amaca uygun \u015fekilde de\u011fi\u015ftirilmesini istiyoruz. Hukuk fak\u00fcltelerinin a\u00e7\u0131lmas\u0131n\u0131n s\u0131k\u0131 kurallara ba\u011flanmas\u0131n\u0131, avukatl\u0131\u011fa kabul ve stajyerlik s\u0131navlar\u0131n\u0131n ivedi olarak getirilmesini istiyoruz.<br \/>\nBu vesileyle; ya\u015fanan t\u00fcm olumsuzluklara ra\u011fmen adaletin bek\u00e7ili\u011fini yapan, c\u00fcbbesini onurla ta\u015f\u0131yan, demokrasinin, insan haklar\u0131n\u0131n ve hukuk devletinin en b\u00fcy\u00fck g\u00fcvencesi, savunman\u0131n temsilcileri olan de\u011ferli meslekta\u015flar\u0131m\u0131z\u0131n adli y\u0131l\u0131 a\u00e7\u0131l\u0131\u015f\u0131n\u0131 kutluyor, adalet hizmetlerinde kalite standartlar\u0131n\u0131n y\u00fckseltilmesini, b\u00f6ylelikle vatanda\u015f\u0131m\u0131za en iyi adalet hizmetinin sunulmas\u0131n\u0131 talep ediyorum. Yeni adli y\u0131l\u0131n t\u00fcm hukuk camias\u0131na, avukatlar\u0131m\u0131za, h\u00e2kim ve savc\u0131lar\u0131m\u0131za, adliye \u00e7al\u0131\u015fanlar\u0131m\u0131za ve halk\u0131m\u0131za hay\u0131rl\u0131 olmas\u0131n\u0131 temenni ediyor, ba\u015fta hukuk alan\u0131nda \u00e7ok \u00f6nemli devrimler yapan Cumhuriyetimizin kurucusu Mustafa Kemal Atat\u00fcrk\u2019\u00fc ve g\u00f6revi ba\u015f\u0131nda \u015fehit olan yarg\u0131 mensuplar\u0131m\u0131z\u0131 rahmetle an\u0131yorum\u201d diye konu\u015ftu.<\/p>\n","protected":false},"excerpt":{"rendered":"<p>Mersin Barosu taraf\u0131ndan 2018-2019 adli y\u0131l a\u00e7\u0131l\u0131\u015f\u0131 t\u00f6renle yap\u0131ld\u0131. Atat\u00fcrk An\u0131t\u0131na \u00e7elenk sunumunun yap\u0131ld\u0131\u011f\u0131 t\u00f6rende konu\u015fan Mersin Barosu Ba\u015fkan\u0131 Ye\u015filbo\u011faz, adalete ve yarg\u0131ya g\u00fcvenin yeniden acil tesis edilmesi gerekti\u011fini vurgulad\u0131. &hellip; <a href=\"https:\/\/akdenizolaygazetesi.com\/?p=2525\" class=\"more-link\">Devam\u0131n\u0131 Oku&#8230;<\/a><\/p>\n","protected":false},"author":1,"featured_media":0,"comment_status":"open","ping_status":"open","sticky":false,"template":"","format":"standard","meta":[],"categories":[],"tags":[],"_links":{"self":[{"href":"https:\/\/akdenizolaygazetesi.com\/index.php?rest_route=\/wp\/v2\/posts\/2525"}],"collection":[{"href":"https:\/\/akdenizolaygazetesi.com\/index.php?rest_route=\/wp\/v2\/posts"}],"about":[{"href":"https:\/\/akdenizolaygazetesi.com\/index.php?rest_route=\/wp\/v2\/types\/post"}],"author":[{"embeddable":true,"href":"https:\/\/akdenizolaygazetesi.com\/index.php?rest_route=\/wp\/v2\/users\/1"}],"replies":[{"embeddable":true,"href":"https:\/\/akdenizolaygazetesi.com\/index.php?rest_route=%2Fwp%2Fv2%2Fcomments&post=2525"}],"version-history":[{"count":0,"href":"https:\/\/akdenizolaygazetesi.com\/index.php?rest_route=\/wp\/v2\/posts\/2525\/revisions"}],"wp:attachment":[{"href":"https:\/\/akdenizolaygazetesi.com\/index.php?rest_route=%2Fwp%2Fv2%2Fmedia&parent=2525"}],"wp:term":[{"taxonomy":"category","embeddable":true,"href":"https:\/\/akdenizolaygazetesi.com\/index.php?rest_route=%2Fwp%2Fv2%2Fcategories&post=2525"},{"taxonomy":"post_tag","embeddable":true,"href":"https:\/\/akdenizolaygazetesi.com\/index.php?rest_route=%2Fwp%2Fv2%2Ftags&post=2525"}],"curies":[{"name":"wp","href":"https:\/\/api.w.org\/{rel}","templated":true}]}}