{"id":25252,"date":"2023-04-17T13:48:17","date_gmt":"2023-04-17T10:48:17","guid":{"rendered":"http:\/\/akdenizolaygazetesi.com\/?p=25252"},"modified":"2023-04-17T13:48:17","modified_gmt":"2023-04-17T10:48:17","slug":"baskan-yilmazdan-kadir-gecesi-mesaji","status":"publish","type":"post","link":"https:\/\/akdenizolaygazetesi.com\/?p=25252","title":{"rendered":"BA\u015eKAN YILMAZ&#8217;DAN, KAD\u0130R GECES\u0130 MESAJI"},"content":{"rendered":"<p>Toroslar Belediye Ba\u015fkan\u0131 Ats\u0131z Af\u015f\u0131n Y\u0131lmaz, Kadir Gecesi dolay\u0131s\u0131yla bir mesaj yay\u0131nlad\u0131.<\/p>\n<p>Kadir Gecesi&#8217;nin t\u00fcm \u0130slam alemine hay\u0131rlar getirmesini dileyen Ba\u015fkan Y\u0131lmaz; &#8220;Deprem nedeniyle zor bir d\u00f6nem ge\u00e7irdik. Rabbim bu m\u00fcbarek gecenin h\u00fcrmetine bir daha b\u00f6yle ac\u0131lar ya\u015fatmas\u0131n. \u00dclkemiz, devletiyle milletiyle tek y\u00fcrek olmu\u015f bir \u015fekilde yaralar\u0131n sar\u0131lmas\u0131 i\u00e7in m\u00fccadele ediyor&#8221; dedi.<\/p>\n<p>&#8220;Birlik ve beraberlik ay\u0131 olan Ramazan ay\u0131, Kadir Gecesi ile zirveye ula\u015fmakta ve bayram sevinci ile ta\u00e7lanmaktad\u0131r&#8221; diyen Ba\u015fkan Y\u0131lmaz; &#8220;11 ay\u0131n sultan\u0131 Ramazan ay\u0131n\u0131n son g\u00fcnlerine yakla\u015f\u0131rken y\u00fcce kitab\u0131m\u0131z Kuran-\u0131 Kerim&#8217;in indirilmeye ba\u015fland\u0131\u011f\u0131 bin aydan daha hay\u0131rl\u0131 Kadir Gecesi&#8217;ne kavu\u015fman\u0131n huzuru ve heyecan\u0131 i\u00e7erisindeyiz. Kadir Gecesi, en faziletli ve kutsal gecelerden biridir. Rahmet ve bereket kap\u0131lar\u0131n\u0131n sonuna kadar a\u00e7\u0131ld\u0131\u011f\u0131, manevi duygular\u0131n \u00fcst seviyelere y\u00fckseldi\u011fi bu kutsal gecede, yap\u0131lacak t\u00fcm dualar\u0131n ailemizin, milletimizin ve \u00fclkemizin birli\u011fi ve b\u00fct\u00fcnl\u00fc\u011f\u00fc ad\u0131na kabul olmas\u0131n\u0131 diliyorum. Ramazan Bayram\u0131&#8217;n\u0131n da m\u00fcjdecisi olan Kadir Gecesi&#8217;nin ba\u015fta de\u011ferli hem\u015fehrilerimiz olmak \u00fczere t\u00fcm insanl\u0131\u011fa sa\u011fl\u0131k, mutluluk ve huzur getirmesini Y\u00fcce Allah&#8217;tan niyaz ediyorum&#8221; \u015feklinde konu\u015ftu<\/p>\n","protected":false},"excerpt":{"rendered":"<p>Toroslar Belediye Ba\u015fkan\u0131 Ats\u0131z Af\u015f\u0131n Y\u0131lmaz, Kadir Gecesi dolay\u0131s\u0131yla bir mesaj yay\u0131nlad\u0131. Kadir Gecesi&#8217;nin t\u00fcm \u0130slam alemine hay\u0131rlar getirmesini dileyen Ba\u015fkan Y\u0131lmaz; &#8220;Deprem nedeniyle zor bir d\u00f6nem ge\u00e7irdik. Rabbim bu &hellip; <a href=\"https:\/\/akdenizolaygazetesi.com\/?p=25252\" class=\"more-link\">Devam\u0131n\u0131 Oku&#8230;<\/a><\/p>\n","protected":false},"author":2,"featured_media":25253,"comment_status":"open","ping_status":"open","sticky":false,"template":"","format":"standard","meta":[],"categories":[3],"tags":[],"_links":{"self":[{"href":"https:\/\/akdenizolaygazetesi.com\/index.php?rest_route=\/wp\/v2\/posts\/25252"}],"collection":[{"href":"https:\/\/akdenizolaygazetesi.com\/index.php?rest_route=\/wp\/v2\/posts"}],"about":[{"href":"https:\/\/akdenizolaygazetesi.com\/index.php?rest_route=\/wp\/v2\/types\/post"}],"author":[{"embeddable":true,"href":"https:\/\/akdenizolaygazetesi.com\/index.php?rest_route=\/wp\/v2\/users\/2"}],"replies":[{"embeddable":true,"href":"https:\/\/akdenizolaygazetesi.com\/index.php?rest_route=%2Fwp%2Fv2%2Fcomments&post=25252"}],"version-history":[{"count":1,"href":"https:\/\/akdenizolaygazetesi.com\/index.php?rest_route=\/wp\/v2\/posts\/25252\/revisions"}],"predecessor-version":[{"id":25254,"href":"https:\/\/akdenizolaygazetesi.com\/index.php?rest_route=\/wp\/v2\/posts\/25252\/revisions\/25254"}],"wp:featuredmedia":[{"embeddable":true,"href":"https:\/\/akdenizolaygazetesi.com\/index.php?rest_route=\/wp\/v2\/media\/25253"}],"wp:attachment":[{"href":"https:\/\/akdenizolaygazetesi.com\/index.php?rest_route=%2Fwp%2Fv2%2Fmedia&parent=25252"}],"wp:term":[{"taxonomy":"category","embeddable":true,"href":"https:\/\/akdenizolaygazetesi.com\/index.php?rest_route=%2Fwp%2Fv2%2Fcategories&post=25252"},{"taxonomy":"post_tag","embeddable":true,"href":"https:\/\/akdenizolaygazetesi.com\/index.php?rest_route=%2Fwp%2Fv2%2Ftags&post=25252"}],"curies":[{"name":"wp","href":"https:\/\/api.w.org\/{rel}","templated":true}]}}