{"id":25258,"date":"2023-04-17T16:41:03","date_gmt":"2023-04-17T13:41:03","guid":{"rendered":"http:\/\/akdenizolaygazetesi.com\/?p=25258"},"modified":"2023-04-17T16:41:03","modified_gmt":"2023-04-17T13:41:03","slug":"cbk-mersin-yenisehir-belediyesi-avrupa-ikincisi-oldu","status":"publish","type":"post","link":"https:\/\/akdenizolaygazetesi.com\/?p=25258","title":{"rendered":"\u00c7BK Mersin Yeni\u015fehir Belediyesi Avrupa ikincisi oldu"},"content":{"rendered":"<p>\u00c7ukurova Basketbol Kul\u00fcb\u00fc(\u00c7BK) Mersin Yeni\u015fehir Belediyesi kad\u0131n basketbol tak\u0131m\u0131 \u00c7ek Cumhuriyeti\u2019nde oynad\u0131\u011f\u0131 Euroleague Women final ma\u00e7\u0131nda Fenerbah\u00e7e Alag\u00f6z Holding\u2019e ma\u011flup olarak Avrupa ikincisi oldu ve tarihi bir ba\u015far\u0131ya imza att\u0131. Yeni\u015fehir Belediye Ba\u015fkan\u0131 Abdullah \u00d6zyi\u011fit, yapt\u0131\u011f\u0131 a\u00e7\u0131klamada \u201cBir Anadolu tak\u0131m\u0131 olarak Avrupa&#8217;n\u0131n en b\u00fcy\u00fck kupas\u0131nda ikinci olan, \u00fclkemizi ve kentimizi ba\u015far\u0131yla temsil eden tak\u0131m\u0131m\u0131z\u0131 y\u00fcrekten kutluyorum\u201d dedi.<br \/>\nD\u00fcn gece oynanan Euroleague Women finalinde iki T\u00fcrkiye tak\u0131m\u0131 kar\u015f\u0131 kar\u015f\u0131ya geldi. Fenerbah\u00e7e Alag\u00f6z Holding\u2019e 99-60\u2019l\u0131k skorla ma\u011flup olan \u00c7BK Mersin Yeni\u015fehir Belediyesi Avrupa\u2019n\u0131n kad\u0131n basketbolundaki en b\u00fcy\u00fck kupas\u0131nda ikinci olma ba\u015far\u0131s\u0131n\u0131 g\u00f6sterdi.<br \/>\n\u00d6zyi\u011fit, \u201cKurulu\u015funun 6&#8217;\u0131nc\u0131 y\u0131l\u0131nda Avrupa&#8217;n\u0131n zirvesinde bir Mersin tak\u0131m\u0131.\u201d<br \/>\n\u00c7ek Cumhuriyeti\u2019ne giderek tak\u0131m\u0131 yaln\u0131z b\u0131rakmayan Mersin Yeni\u015fehir Belediye Ba\u015fkan\u0131 Abdullah \u00d6zyi\u011fit, \u201cKurulu\u015funun 6&#8217;\u0131nc\u0131 y\u0131l\u0131nda Avrupa&#8217;n\u0131n zirvesinde bir Mersin tak\u0131m\u0131. Ay-y\u0131ld\u0131zl\u0131 bayra\u011f\u0131m\u0131zla Avrupa&#8217;da g\u00f6\u011fs\u00fcm\u00fcz\u00fc kabartan \u00c7BK Mersin Yeni\u015fehir Belediyesi kad\u0131n basketbol tak\u0131m\u0131m\u0131z, Euroleague Women&#8217;da ikinci oldu.\u201d diye konu\u015ftu. Bir Anadolu tak\u0131m\u0131 olarak geldikleri noktan\u0131n ne kadar \u00f6nemli oldu\u011funa vurgu yapan Ba\u015fkan \u00d6zyi\u011fit, \u201cBu bizim i\u00e7in \u00e7ok de\u011ferli, ayn\u0131 zamanda di\u011fer Anadolu kul\u00fcpleri i\u00e7in de ilham verici bir ba\u015far\u0131yd\u0131. Tak\u0131m\u0131m\u0131z bu y\u0131l Cumhurba\u015fkanl\u0131\u011f\u0131 Kupas\u0131 finalinde Fenerbah\u00e7e\u2019yi yenerek \u015fampiyon olmu\u015ftu ancak bu g\u00fcn olmad\u0131. Tak\u0131m\u0131m\u0131zla gurur duyuyorum.\u201d dedi.<br \/>\nBa\u015fkan \u00d6zyi\u011fit, Fenerbah\u00e7e\u2019yi tebrik etti<br \/>\nAvrupa \u015fampiyonlu\u011funa ula\u015fan Fenerbah\u00e7e\u2019yi tebrik eden Ba\u015fkan \u00d6zyi\u011fit, \u201cFinalde iki T\u00fcrk tak\u0131m\u0131n\u0131n kar\u015f\u0131 kar\u015f\u0131ya gelmesi b\u00fcy\u00fck bir mutluluk ve gururdu. Kupan\u0131n T\u00fcrkiye\u2019ye gelmesi kesinle\u015fmi\u015fti ama biz tabi ki Mersin\u2019e getirmek istiyorduk. Fenerbah\u00e7e \u00fclkemizin g\u00fczide kul\u00fcplerinden bir tanesi, \u00e7ok iyi bir ma\u00e7 \u00e7\u0131kartt\u0131lar. \u015eampiyonluklar\u0131ndan dolay\u0131 kul\u00fcb\u00fc ve taraftarlar\u0131n\u0131 tebrik ediyorum\u201d ifadelerini kulland\u0131.<br \/>\nMersinliler tak\u0131mlar\u0131n\u0131 ayakta alk\u0131\u015flad\u0131<br \/>\nMersin Yeni\u015fehir Belediyesi, ayr\u0131ca sahil band\u0131nda yer alan K\u00fclt\u00fcr Park\u0131\u2019nda ma\u00e7 i\u00e7in dev ekran kurdu, Mersinliler tak\u0131mlar\u0131n\u0131n final heyecan\u0131n\u0131 hep birlikte ya\u015fad\u0131. Vatanda\u015flar Avrupa ikincisi olan \u00c7BK Mersin Yeni\u015fehir Belediyesini ma\u00e7 sonunda ayakta alk\u0131\u015flayarak kutlad\u0131.  CHP Mersin Milletvekili Ali Mahir Ba\u015far\u0131r ve CHP PM \u00dcyesi ve Mersin Milletvekili Aday\u0131 Emre Y\u0131lmaz da ma\u00e7\u0131 vatanda\u015flarla birlikte izledi. <\/p>\n","protected":false},"excerpt":{"rendered":"<p>\u00c7ukurova Basketbol Kul\u00fcb\u00fc(\u00c7BK) Mersin Yeni\u015fehir Belediyesi kad\u0131n basketbol tak\u0131m\u0131 \u00c7ek Cumhuriyeti\u2019nde oynad\u0131\u011f\u0131 Euroleague Women final ma\u00e7\u0131nda Fenerbah\u00e7e Alag\u00f6z Holding\u2019e ma\u011flup olarak Avrupa ikincisi oldu ve tarihi bir ba\u015far\u0131ya imza att\u0131. &hellip; <a href=\"https:\/\/akdenizolaygazetesi.com\/?p=25258\" class=\"more-link\">Devam\u0131n\u0131 Oku&#8230;<\/a><\/p>\n","protected":false},"author":2,"featured_media":25259,"comment_status":"open","ping_status":"open","sticky":false,"template":"","format":"standard","meta":[],"categories":[3,10],"tags":[],"_links":{"self":[{"href":"https:\/\/akdenizolaygazetesi.com\/index.php?rest_route=\/wp\/v2\/posts\/25258"}],"collection":[{"href":"https:\/\/akdenizolaygazetesi.com\/index.php?rest_route=\/wp\/v2\/posts"}],"about":[{"href":"https:\/\/akdenizolaygazetesi.com\/index.php?rest_route=\/wp\/v2\/types\/post"}],"author":[{"embeddable":true,"href":"https:\/\/akdenizolaygazetesi.com\/index.php?rest_route=\/wp\/v2\/users\/2"}],"replies":[{"embeddable":true,"href":"https:\/\/akdenizolaygazetesi.com\/index.php?rest_route=%2Fwp%2Fv2%2Fcomments&post=25258"}],"version-history":[{"count":1,"href":"https:\/\/akdenizolaygazetesi.com\/index.php?rest_route=\/wp\/v2\/posts\/25258\/revisions"}],"predecessor-version":[{"id":25260,"href":"https:\/\/akdenizolaygazetesi.com\/index.php?rest_route=\/wp\/v2\/posts\/25258\/revisions\/25260"}],"wp:featuredmedia":[{"embeddable":true,"href":"https:\/\/akdenizolaygazetesi.com\/index.php?rest_route=\/wp\/v2\/media\/25259"}],"wp:attachment":[{"href":"https:\/\/akdenizolaygazetesi.com\/index.php?rest_route=%2Fwp%2Fv2%2Fmedia&parent=25258"}],"wp:term":[{"taxonomy":"category","embeddable":true,"href":"https:\/\/akdenizolaygazetesi.com\/index.php?rest_route=%2Fwp%2Fv2%2Fcategories&post=25258"},{"taxonomy":"post_tag","embeddable":true,"href":"https:\/\/akdenizolaygazetesi.com\/index.php?rest_route=%2Fwp%2Fv2%2Ftags&post=25258"}],"curies":[{"name":"wp","href":"https:\/\/api.w.org\/{rel}","templated":true}]}}