{"id":25261,"date":"2023-04-17T16:42:34","date_gmt":"2023-04-17T13:42:34","guid":{"rendered":"http:\/\/akdenizolaygazetesi.com\/?p=25261"},"modified":"2023-04-17T16:42:34","modified_gmt":"2023-04-17T13:42:34","slug":"akdeniz-belediye-baskani-gultak-esnaf-ve-vatandaslarla-bulustu","status":"publish","type":"post","link":"https:\/\/akdenizolaygazetesi.com\/?p=25261","title":{"rendered":"AKDEN\u0130Z BELED\u0130YE BA\u015eKANI G\u00dcLTAK, ESNAF VE VATANDA\u015eLARLA BULU\u015eTU"},"content":{"rendered":"<p>Halk ziyaretlerine h\u0131z veren Akdeniz Belediye Ba\u015fkan\u0131 M. Mustafa G\u00fcltak, beraberinde AK Parti Mersin Milletvekili Aday\u0131 Havva Sibel S\u00f6ylemez ile birlikte, il\u00e7eye ba\u011fl\u0131 mahalle muhtarlar\u0131, \u00e7ar\u015f\u0131 esnaf\u0131 ve vatanda\u015flarla bir araya geldi.<br \/>\nAkdeniz Belediye Ba\u015fkan\u0131 M. Mustafa G\u00fcltak, beraberinde AK Parti Mersin 3\u2019\u00fcnc\u00fc S\u0131ra Milletvekili Aday\u0131 Havva Sibel S\u00f6ylemez ile parti yetkilileri ile birlikte, kentin en i\u015flek b\u00f6lgelerinden biri olan Kuvai Milliye (Hastane) Caddesi \u00fczerinde faaliyet g\u00f6steren esnaf ve belediyeye ait Kad\u0131n Eme\u011fi Diyar\u0131nda, el eme\u011fi g\u00f6z nuru \u00fcr\u00fcnlerinin sat\u0131\u015f\u0131n\u0131 yapan kad\u0131nlar\u0131 ziyaret etti. Yo\u011fun bir ilgiyle kar\u015f\u0131lanan Ba\u015fkan G\u00fcltak, \u00f6zellikle gen\u00e7lerin birlikte foto\u011fraf \u00e7ekme iste\u011fi ile kar\u015f\u0131la\u015ft\u0131. Esnaf gezisi s\u0131ras\u0131nda, sosyal medyada \u201c1 Milyon Mehmet\u201d olarak tan\u0131nan internet fenomeni Mehmet Bucak ile de kar\u015f\u0131la\u015fan Ba\u015fkan G\u00fcltak keyifli bir sohbet ger\u00e7ekle\u015ftirdi.<br \/>\nEsnaf ve vatanda\u015flar\u0131n talebini tek tek dinleyip not ettirdi<br \/>\nKuvai Milliye ve Kad\u0131n Eme\u011fi Diyar\u0131\u2019nda faaliyet g\u00f6steren esnaf ve al\u0131\u015fveri\u015fe \u00e7\u0131kan vatanda\u015flarla sohbet edip dile getirilen talep ve s\u0131k\u0131nt\u0131lar\u0131 not ald\u0131ran Ba\u015fkan G\u00fcltak, sorunlar\u0131n \u00e7\u00f6z\u00fcm\u00fc i\u00e7in ilgili birim m\u00fcd\u00fcrlerine talimat verdi. G\u00fcn i\u00e7erisinde Cami\u015ferif, \u0130hsaniye ve Mahmudiye mahalle muhtarl\u0131klar\u0131n\u0131 da ziyaret eden Ba\u015fkan G\u00fcltak, muhtarlarla sohbet etti. Di\u011fer yandan Ba\u015fkan G\u00fcltak; AK Parti Mersin Milletvekili Adaylar\u0131 Ali K\u0131ratl\u0131 ve Havva Sibel S\u00f6ylemez ile birlikte G\u00fclnar-Bir Derne\u011fi\u2019nin hafta sonunda d\u00fczenledi\u011fi iftar program\u0131na da kat\u0131ld\u0131.<\/p>\n","protected":false},"excerpt":{"rendered":"<p>Halk ziyaretlerine h\u0131z veren Akdeniz Belediye Ba\u015fkan\u0131 M. Mustafa G\u00fcltak, beraberinde AK Parti Mersin Milletvekili Aday\u0131 Havva Sibel S\u00f6ylemez ile birlikte, il\u00e7eye ba\u011fl\u0131 mahalle muhtarlar\u0131, \u00e7ar\u015f\u0131 esnaf\u0131 ve vatanda\u015flarla bir &hellip; <a href=\"https:\/\/akdenizolaygazetesi.com\/?p=25261\" class=\"more-link\">Devam\u0131n\u0131 Oku&#8230;<\/a><\/p>\n","protected":false},"author":2,"featured_media":25262,"comment_status":"open","ping_status":"open","sticky":false,"template":"","format":"standard","meta":[],"categories":[8,2,3],"tags":[],"_links":{"self":[{"href":"https:\/\/akdenizolaygazetesi.com\/index.php?rest_route=\/wp\/v2\/posts\/25261"}],"collection":[{"href":"https:\/\/akdenizolaygazetesi.com\/index.php?rest_route=\/wp\/v2\/posts"}],"about":[{"href":"https:\/\/akdenizolaygazetesi.com\/index.php?rest_route=\/wp\/v2\/types\/post"}],"author":[{"embeddable":true,"href":"https:\/\/akdenizolaygazetesi.com\/index.php?rest_route=\/wp\/v2\/users\/2"}],"replies":[{"embeddable":true,"href":"https:\/\/akdenizolaygazetesi.com\/index.php?rest_route=%2Fwp%2Fv2%2Fcomments&post=25261"}],"version-history":[{"count":1,"href":"https:\/\/akdenizolaygazetesi.com\/index.php?rest_route=\/wp\/v2\/posts\/25261\/revisions"}],"predecessor-version":[{"id":25263,"href":"https:\/\/akdenizolaygazetesi.com\/index.php?rest_route=\/wp\/v2\/posts\/25261\/revisions\/25263"}],"wp:featuredmedia":[{"embeddable":true,"href":"https:\/\/akdenizolaygazetesi.com\/index.php?rest_route=\/wp\/v2\/media\/25262"}],"wp:attachment":[{"href":"https:\/\/akdenizolaygazetesi.com\/index.php?rest_route=%2Fwp%2Fv2%2Fmedia&parent=25261"}],"wp:term":[{"taxonomy":"category","embeddable":true,"href":"https:\/\/akdenizolaygazetesi.com\/index.php?rest_route=%2Fwp%2Fv2%2Fcategories&post=25261"},{"taxonomy":"post_tag","embeddable":true,"href":"https:\/\/akdenizolaygazetesi.com\/index.php?rest_route=%2Fwp%2Fv2%2Ftags&post=25261"}],"curies":[{"name":"wp","href":"https:\/\/api.w.org\/{rel}","templated":true}]}}