{"id":25264,"date":"2023-04-17T16:43:49","date_gmt":"2023-04-17T13:43:49","guid":{"rendered":"http:\/\/akdenizolaygazetesi.com\/?p=25264"},"modified":"2023-04-17T16:43:49","modified_gmt":"2023-04-17T13:43:49","slug":"toroslar-belediyesinden-bayram-tadinda-cocuk-senligi","status":"publish","type":"post","link":"https:\/\/akdenizolaygazetesi.com\/?p=25264","title":{"rendered":"TOROSLAR BELED\u0130YES\u0130NDEN BAYRAM TADINDA \u00c7OCUK \u015eENL\u0130\u011e\u0130"},"content":{"rendered":"<p>Toroslar Belediye Ba\u015fkan\u0131 Ats\u0131z Af\u015f\u0131n Y\u0131lmaz, \u00e7ok sevdi\u011fi \u00e7ocuklar\u0131 ikinci kez &#8220;Toroslar \u00c7ocuk \u015eenli\u011fi&#8217;nde&#8221; bulu\u015fturacak.<\/p>\n<p>Toroslar Belediyesinin 18-23 Nisan tarihleri aras\u0131nda haz\u0131rlad\u0131\u011f\u0131 \u00c7ocuk \u015eenli\u011fi&#8217;nde binlerce \u00e7ocuk; ekranlar\u0131n sevilen animasyon \u00e7izgi dizi karakterlerinin g\u00f6sterilerini izleyecek, ara tatilin tad\u0131n\u0131 doyas\u0131ya \u00e7\u0131karacak.<\/p>\n<p>Yunus Emre K\u00fclt\u00fcr Merkezi&#8217;nde 18 Nisan Sal\u0131 g\u00fcn\u00fc Rafadan Tayfa g\u00f6sterimi ile ba\u015flayacak \u00c7ocuk \u015eenli\u011fi; 19 Nisan \u00c7ar\u015famba Harika Kanatlar, 20 Nisan Per\u015fembe Kukuli, 21 Nisan Cuma Kelo\u011flan, 22 Nisan Cumartesi Niloya ile devam edecek.<\/p>\n<p>\u015eenlik, 23 Nisan Pazar g\u00fcn\u00fc Ulusal Egemenlik ve \u00c7ocuk Bayram\u0131&#8217;n\u0131n ve T\u00fcrkiye B\u00fcy\u00fck Millet Meclisi&#8217;nin (TBMM)  kurulu\u015funun 103&#8217;\u00fcnc\u00fc y\u0131l d\u00f6n\u00fcm\u00fcnde Elif&#8217;in D\u00fc\u015fleri g\u00f6sterimi ile son bulacak.<\/p>\n<p>&#8220;G\u00d6STER\u0130LER, G\u00dcNDE 3 SEANS OYNANACAK&#8221;<\/p>\n<p>\u015eenli\u011fe kat\u0131lmak isteyenler, 12.00-15.00-17.30 saatlerinde Yunus Emre K\u00fclt\u00fcr Merkezi&#8217;ndeki \u00fccretsiz etkinli\u011fi izleyebilecek.<\/p>\n<p>\u00c7ocuklar\u0131n, bir haftal\u0131k ara tatilde e\u011flenceli, verimli ve kaliteli zaman ge\u00e7irmesi amac\u0131yla haz\u0131rlanan Toroslar \u00c7ocuk \u015eenli\u011fi&#8217;nde \u00e7izgi dizi kahramanlar\u0131n\u0131n yan\u0131 s\u0131ra \u015fi\u015fme oyun gruplar\u0131, animat\u00f6rler, y\u00fcz boyama ve uzay g\u00f6zlemevi gibi birbirinden e\u011flenceli aktiviteler de yer alacak.<\/p>\n<p>BA\u015eKAN YILMAZ; &#8220;T\u00dcM \u00c7OCUKLARIMIZI, \u015eENL\u0130\u011e\u0130M\u0130ZE BEKL\u0130YORUZ&#8221;<\/p>\n<p>Ramazan ay\u0131 boyunca d\u00fczenledikleri geleneksel Ramazan e\u011flencelerinde \u00e7ocuklar\u0131n ne\u015fesine ortak olan Toroslar Belediye Ba\u015fkan\u0131 Ats\u0131z Af\u015f\u0131n Y\u0131lmaz, ara tatilde ve 23 Nisan&#8217;da da \u00e7ocuklar\u0131 en \u00f6zel etkinliklerle bulu\u015fturacaklar\u0131n\u0131 s\u00f6yledi.<br \/>\nBa\u015fkan Y\u0131lmaz, Mersin&#8217;in en b\u00fcy\u00fck \u00c7ocuk \u015eenli\u011fi&#8217;ni ikinci kez Toroslar&#8217;da hayata ge\u00e7irmenin mutlulu\u011funu ya\u015fad\u0131klar\u0131n\u0131 belirterek; &#8220;Hem \u00e7ocuklar\u0131m\u0131z hem de aileleri i\u00e7in keyifli bir ara tatil olmas\u0131n\u0131 istedik. Onlar\u0131n mutlulu\u011fu i\u00e7in \u00e7al\u0131\u015fmaya devam edece\u011fiz&#8221; dedi.<\/p>\n<p>Toroslar \u00c7ocuk \u015eenli\u011fi&#8217;nin, Mersin&#8217;de \u00e7ocuklar i\u00e7in yap\u0131lan en renkli ve co\u015fkulu bir etkinlik oldu\u011funa dikkat \u00e7eken Ba\u015fkan Y\u0131lmaz; &#8220;\u00c7ocuk demek, yar\u0131nlar\u0131m\u0131z ve ya\u015fama sevinci demektir. Toroslar Belediyesi olarak gelece\u011fimizin teminat\u0131 \u00e7ocuklar\u0131m\u0131z\u0131n korunmaya ihtiyac\u0131 oldu\u011fu gibi sevgi, \u015fefkat ve ho\u015fg\u00f6r\u00fc ortam\u0131 i\u00e7erisinde yeti\u015ftirilmelerini \u00f6nemsiyoruz. \u00c7ocuklar\u0131m\u0131z\u0131n bu ara tatilde de bilgisayar\u0131n ba\u015f\u0131nda de\u011fil, ya\u015f\u0131tlar\u0131yla birlikte oynamas\u0131n\u0131, birlikte e\u011flenmesini istedik. Yunus Emre K\u00fclt\u00fcr Merkezimizde 23 Nisan Pazar g\u00fcn\u00fcne kadar s\u00fcrecek \u015fenli\u011fimize t\u00fcm \u00e7ocuklar\u0131m\u0131z\u0131 bekliyoruz&#8221; \u015feklinde konu\u015ftu.<\/p>\n","protected":false},"excerpt":{"rendered":"<p>Toroslar Belediye Ba\u015fkan\u0131 Ats\u0131z Af\u015f\u0131n Y\u0131lmaz, \u00e7ok sevdi\u011fi \u00e7ocuklar\u0131 ikinci kez &#8220;Toroslar \u00c7ocuk \u015eenli\u011fi&#8217;nde&#8221; bulu\u015fturacak. Toroslar Belediyesinin 18-23 Nisan tarihleri aras\u0131nda haz\u0131rlad\u0131\u011f\u0131 \u00c7ocuk \u015eenli\u011fi&#8217;nde binlerce \u00e7ocuk; ekranlar\u0131n sevilen animasyon \u00e7izgi &hellip; <a href=\"https:\/\/akdenizolaygazetesi.com\/?p=25264\" class=\"more-link\">Devam\u0131n\u0131 Oku&#8230;<\/a><\/p>\n","protected":false},"author":2,"featured_media":25265,"comment_status":"open","ping_status":"open","sticky":false,"template":"","format":"standard","meta":[],"categories":[3],"tags":[],"_links":{"self":[{"href":"https:\/\/akdenizolaygazetesi.com\/index.php?rest_route=\/wp\/v2\/posts\/25264"}],"collection":[{"href":"https:\/\/akdenizolaygazetesi.com\/index.php?rest_route=\/wp\/v2\/posts"}],"about":[{"href":"https:\/\/akdenizolaygazetesi.com\/index.php?rest_route=\/wp\/v2\/types\/post"}],"author":[{"embeddable":true,"href":"https:\/\/akdenizolaygazetesi.com\/index.php?rest_route=\/wp\/v2\/users\/2"}],"replies":[{"embeddable":true,"href":"https:\/\/akdenizolaygazetesi.com\/index.php?rest_route=%2Fwp%2Fv2%2Fcomments&post=25264"}],"version-history":[{"count":1,"href":"https:\/\/akdenizolaygazetesi.com\/index.php?rest_route=\/wp\/v2\/posts\/25264\/revisions"}],"predecessor-version":[{"id":25266,"href":"https:\/\/akdenizolaygazetesi.com\/index.php?rest_route=\/wp\/v2\/posts\/25264\/revisions\/25266"}],"wp:featuredmedia":[{"embeddable":true,"href":"https:\/\/akdenizolaygazetesi.com\/index.php?rest_route=\/wp\/v2\/media\/25265"}],"wp:attachment":[{"href":"https:\/\/akdenizolaygazetesi.com\/index.php?rest_route=%2Fwp%2Fv2%2Fmedia&parent=25264"}],"wp:term":[{"taxonomy":"category","embeddable":true,"href":"https:\/\/akdenizolaygazetesi.com\/index.php?rest_route=%2Fwp%2Fv2%2Fcategories&post=25264"},{"taxonomy":"post_tag","embeddable":true,"href":"https:\/\/akdenizolaygazetesi.com\/index.php?rest_route=%2Fwp%2Fv2%2Ftags&post=25264"}],"curies":[{"name":"wp","href":"https:\/\/api.w.org\/{rel}","templated":true}]}}