{"id":25267,"date":"2023-04-18T13:03:00","date_gmt":"2023-04-18T10:03:00","guid":{"rendered":"http:\/\/akdenizolaygazetesi.com\/?p=25267"},"modified":"2023-04-18T13:03:00","modified_gmt":"2023-04-18T10:03:00","slug":"mersin-cemevinin-burs-konserine-yogun-ilgi","status":"publish","type":"post","link":"https:\/\/akdenizolaygazetesi.com\/?p=25267","title":{"rendered":"MERS\u0130N CEMEV\u0130N\u0130N BURS KONSER\u0130NE YO\u011eUN \u0130LG\u0130"},"content":{"rendered":"<p>Mersin Cemevi taraf\u0131ndan deprem felaketinden etkilenen ve Mersin&#8217;e g\u00f6\u00e7 eden \u00fcniversite \u00f6\u011frencilerine destek ama\u00e7l\u0131 &#8220;Burs Konseri&#8221; d\u00fczenlendi.<\/p>\n<p>Mersin Cemevi Ba\u015fkan\u0131 Pir Hasan K\u0131lavuz, &#8221; Y\u00fcre\u011fi insan sevgisiyle ve dayan\u0131\u015fma ruhuna sahip olan siz de\u011ferli canlar\u0131m\u0131zla cemevimizin bah\u00e7esi binlerce ki\u015fiyle doldu. Bu konser de elde edilen gelirle depremzede \u00f6\u011frencilere destek ve umut olmak istedik. &#8221; diye belirtti.<\/p>\n<p> K\u0131lavuz, &#8220;Burs konserinin organizasyonunda eme\u011fi ge\u00e7en ba\u015fta \u00d6zg\u00fcr Emire olmak \u00fczere t\u00fcm y\u00f6netim kurulu \u00fcyelerimize, \u0130nan\u00e7 Kurulundaki dedelere, Kad\u0131n kollar\u0131m\u0131za, Dan\u0131\u015fma kurulumuza,\u00fcyelerimize, g\u00f6n\u00fcl dostlar\u0131na Cemevi emek\u00e7ilerine te\u015fekk\u00fcr ederim.<\/p>\n<p>Burs \u00e7a\u011fr\u0131m\u0131za, gerek yurt i\u00e7inden ve yurtd\u0131\u015f\u0131ndan duyarl\u0131 canlar\u0131m\u0131z bilet alarak \u00fcniversiteli depremzede \u00f6\u011frencilerimizin gelece\u011fine \u0131\u015f\u0131k oldular.Almanya&#8217;dan bizi k\u0131rmayarak gelen Necati \u015eahin&#8217;e ve burs konserinde bizi y\u00fcreklendiren b\u00fcy\u00fck ozan Musa Ero\u011fluna, Ender Balk\u0131r can\u0131m\u0131za, Ayfer Vardar can\u0131m\u0131za \u00e7ok te\u015fekk\u00fcr ederim. &#8221; diye konu\u015ftu.<\/p>\n<p>K\u0131lavuz, &#8220;6 \u015eubat K.Mara\u015fl\u0131 depremde yurt i\u00e7inden ve yurtd\u0131\u015f\u0131ndan Alevi Kurumlar\u0131 bir b\u00fct\u00fcn olarak \u00f6nemli s\u0131navdan ge\u00e7erek b\u00fcy\u00fck hizmet vermi\u015ftir. Cemevleri  kap\u0131lar\u0131n\u0131 a\u00e7arak, depremden etkilenen canlar\u0131m\u0131z\u0131n s\u0131\u011f\u0131nak kalesi haline gelmi\u015ftir. Mersin Cemevi olarak depremin ilk g\u00fcn\u00fcnden itibaren kap\u0131lar\u0131n\u0131 depremzede canlar\u0131m\u0131za a\u00e7t\u0131k. Cemevi mutfa\u011f\u0131nda, Yeni\u015fehir Belediyesinin katk\u0131lar\u0131yla yemek pi\u015firilerek Latin ve Katolik kilisesine, deprem b\u00f6lgesinden Yeni\u015fehir Atat\u00fcrk K\u00fclt\u00fcr Merkezine s\u0131\u011f\u0131nan canlar\u0131m\u0131za yemek ikram\u0131nda bulunduk.<\/p>\n<p> Cemevimize ba\u015fvuran 1.300 aileye g\u0131da yard\u0131m\u0131, 4000 depremzede can\u0131m\u0131za giyim  deste\u011fi sunduk.Ad\u0131yaman, Hatay ve Mersindeki Alevi  Kurumlar\u0131 ve Sivil toplum kurulu\u015flar\u0131n\u0131n talepleri do\u011frultusunda k\u0131yafet ve g\u0131da yard\u0131m yap\u0131ld\u0131&#8221; diye konu\u015fmas\u0131n\u0131 sonland\u0131rd\u0131.<\/p>\n<p> Musa Ero\u011flu, Ayfer Vardar ve Ender Balk\u0131r&#8217;\u0131n \u00e7i\u00e7ek takdiminin ard\u0131ndan konser sona erdi.<\/p>\n","protected":false},"excerpt":{"rendered":"<p>Mersin Cemevi taraf\u0131ndan deprem felaketinden etkilenen ve Mersin&#8217;e g\u00f6\u00e7 eden \u00fcniversite \u00f6\u011frencilerine destek ama\u00e7l\u0131 &#8220;Burs Konseri&#8221; d\u00fczenlendi. Mersin Cemevi Ba\u015fkan\u0131 Pir Hasan K\u0131lavuz, &#8221; Y\u00fcre\u011fi insan sevgisiyle ve dayan\u0131\u015fma ruhuna &hellip; <a href=\"https:\/\/akdenizolaygazetesi.com\/?p=25267\" class=\"more-link\">Devam\u0131n\u0131 Oku&#8230;<\/a><\/p>\n","protected":false},"author":2,"featured_media":25268,"comment_status":"open","ping_status":"open","sticky":false,"template":"","format":"standard","meta":[],"categories":[2,3,5],"tags":[],"_links":{"self":[{"href":"https:\/\/akdenizolaygazetesi.com\/index.php?rest_route=\/wp\/v2\/posts\/25267"}],"collection":[{"href":"https:\/\/akdenizolaygazetesi.com\/index.php?rest_route=\/wp\/v2\/posts"}],"about":[{"href":"https:\/\/akdenizolaygazetesi.com\/index.php?rest_route=\/wp\/v2\/types\/post"}],"author":[{"embeddable":true,"href":"https:\/\/akdenizolaygazetesi.com\/index.php?rest_route=\/wp\/v2\/users\/2"}],"replies":[{"embeddable":true,"href":"https:\/\/akdenizolaygazetesi.com\/index.php?rest_route=%2Fwp%2Fv2%2Fcomments&post=25267"}],"version-history":[{"count":1,"href":"https:\/\/akdenizolaygazetesi.com\/index.php?rest_route=\/wp\/v2\/posts\/25267\/revisions"}],"predecessor-version":[{"id":25269,"href":"https:\/\/akdenizolaygazetesi.com\/index.php?rest_route=\/wp\/v2\/posts\/25267\/revisions\/25269"}],"wp:featuredmedia":[{"embeddable":true,"href":"https:\/\/akdenizolaygazetesi.com\/index.php?rest_route=\/wp\/v2\/media\/25268"}],"wp:attachment":[{"href":"https:\/\/akdenizolaygazetesi.com\/index.php?rest_route=%2Fwp%2Fv2%2Fmedia&parent=25267"}],"wp:term":[{"taxonomy":"category","embeddable":true,"href":"https:\/\/akdenizolaygazetesi.com\/index.php?rest_route=%2Fwp%2Fv2%2Fcategories&post=25267"},{"taxonomy":"post_tag","embeddable":true,"href":"https:\/\/akdenizolaygazetesi.com\/index.php?rest_route=%2Fwp%2Fv2%2Ftags&post=25267"}],"curies":[{"name":"wp","href":"https:\/\/api.w.org\/{rel}","templated":true}]}}