{"id":25270,"date":"2023-04-18T13:04:50","date_gmt":"2023-04-18T10:04:50","guid":{"rendered":"http:\/\/akdenizolaygazetesi.com\/?p=25270"},"modified":"2023-04-18T13:04:50","modified_gmt":"2023-04-18T10:04:50","slug":"fen-isleri-ekipleri-akdenizin-cehresini-degistiriyor-2","status":"publish","type":"post","link":"https:\/\/akdenizolaygazetesi.com\/?p=25270","title":{"rendered":"FEN \u0130\u015eLER\u0130 EK\u0130PLER\u0130, AKDEN\u0130Z\u2019\u0130N \u00c7EHRES\u0130N\u0130 DE\u011e\u0130\u015eT\u0130R\u0130YOR"},"content":{"rendered":"<p>Akdeniz\u2019in mahallelerine adeta \u00e7\u0131karma yapan Fen \u0130\u015fleri M\u00fcd\u00fcrl\u00fc\u011f\u00fc\u2019ne ba\u011fl\u0131 ekipler, ihtiya\u00e7 duyan sokak ve yollarda asfalt yama, kald\u0131r\u0131m ve kilit ta\u015f\u0131 yenileme \u00e7al\u0131\u015fmalar\u0131na h\u0131z verdi. Hizmetler sayesinde mahallelerin \u00e7ehresi de\u011fi\u015firken, vatanda\u015flar\u0131n g\u00fcndelik hayat\u0131 da kolayla\u015f\u0131yor.<br \/>\nPersonel g\u00fcc\u00fcn\u00fcn yan\u0131 s\u0131ra ara\u00e7-gere\u00e7 ve te\u00e7hizat y\u00f6n\u00fcnden de g\u00fc\u00e7lendirilen Akdeniz Belediyesi Fen \u0130\u015fleri M\u00fcd\u00fcrl\u00fc\u011f\u00fc, haz\u0131rlad\u0131\u011f\u0131 plan ve program kapsam\u0131nda eksikli\u011fi olan her mahalleye hizmet ula\u015ft\u0131r\u0131yor. Aral\u0131ks\u0131z s\u00fcren hizmetler sayesinde bir yandan Akdeniz\u2019in \u00e7ehresi de\u011fi\u015fiyor, mahalle sakini vatanda\u015flar\u0131n da g\u00fcndelik hayatta kar\u015f\u0131la\u015ft\u0131\u011f\u0131 s\u0131k\u0131nt\u0131lar ortadan kald\u0131r\u0131l\u0131yor.<br \/>\n\u0130htiya\u00e7 duyan her mahalleye hizmet veriliyor<br \/>\nM\u00fcfide \u0130lhan Mahallesinin farkl\u0131 sokaklar\u0131nda kilit ta\u015f\u0131 d\u00f6\u015feme ve bord\u00fcr serimi yapan ekipler, Karacailyas Mahallesi Deli\u00e7ay Sokak \u00fczerinde de kald\u0131r\u0131m yenileme \u00e7al\u0131\u015fmas\u0131 ger\u00e7ekle\u015ftirdi. Huzurkent Bah\u015fi\u015f Mahallesi\u2019nin kald\u0131r\u0131m kilit ta\u015flar\u0131n\u0131 yenileyen fen i\u015fleri ekipleri, Hamidiye Mahallesi\u2019nin \u00e7e\u015fitli sokaklar\u0131nda da yine kilit ta\u015f\u0131 ve kald\u0131r\u0131m tamirat\u0131 yapt\u0131.<br \/>\nMahalle sakinlerinden te\u015fekk\u00fcr\u2026<br \/>\nEkipler ayr\u0131ca; Cami\u015ferif, Siteler, \u015eevket S\u00fcmer, Karaduvar ve Nusratiye mahallelerinin zarar g\u00f6ren sokaklar\u0131nda da asfalt yama, kald\u0131r\u0131m kilit ta\u015f\u0131 ile karo yenileme \u00e7al\u0131\u015fmas\u0131 ger\u00e7ekle\u015ftirdi. Mahallelerinde ger\u00e7ekle\u015fen hummal\u0131 \u00e7al\u0131\u015fmalara tan\u0131k olan mahalle sakinleri de hizmetlerden duyduklar\u0131 memnuniyeti dile getirdi; Akdeniz Belediye Ba\u015fkan\u0131 Mustafa G\u00fcltak ile ekiplere te\u015fekk\u00fcr etti.<\/p>\n","protected":false},"excerpt":{"rendered":"<p>Akdeniz\u2019in mahallelerine adeta \u00e7\u0131karma yapan Fen \u0130\u015fleri M\u00fcd\u00fcrl\u00fc\u011f\u00fc\u2019ne ba\u011fl\u0131 ekipler, ihtiya\u00e7 duyan sokak ve yollarda asfalt yama, kald\u0131r\u0131m ve kilit ta\u015f\u0131 yenileme \u00e7al\u0131\u015fmalar\u0131na h\u0131z verdi. Hizmetler sayesinde mahallelerin \u00e7ehresi de\u011fi\u015firken, &hellip; <a href=\"https:\/\/akdenizolaygazetesi.com\/?p=25270\" class=\"more-link\">Devam\u0131n\u0131 Oku&#8230;<\/a><\/p>\n","protected":false},"author":2,"featured_media":25271,"comment_status":"open","ping_status":"open","sticky":false,"template":"","format":"standard","meta":[],"categories":[2,3],"tags":[],"_links":{"self":[{"href":"https:\/\/akdenizolaygazetesi.com\/index.php?rest_route=\/wp\/v2\/posts\/25270"}],"collection":[{"href":"https:\/\/akdenizolaygazetesi.com\/index.php?rest_route=\/wp\/v2\/posts"}],"about":[{"href":"https:\/\/akdenizolaygazetesi.com\/index.php?rest_route=\/wp\/v2\/types\/post"}],"author":[{"embeddable":true,"href":"https:\/\/akdenizolaygazetesi.com\/index.php?rest_route=\/wp\/v2\/users\/2"}],"replies":[{"embeddable":true,"href":"https:\/\/akdenizolaygazetesi.com\/index.php?rest_route=%2Fwp%2Fv2%2Fcomments&post=25270"}],"version-history":[{"count":1,"href":"https:\/\/akdenizolaygazetesi.com\/index.php?rest_route=\/wp\/v2\/posts\/25270\/revisions"}],"predecessor-version":[{"id":25272,"href":"https:\/\/akdenizolaygazetesi.com\/index.php?rest_route=\/wp\/v2\/posts\/25270\/revisions\/25272"}],"wp:featuredmedia":[{"embeddable":true,"href":"https:\/\/akdenizolaygazetesi.com\/index.php?rest_route=\/wp\/v2\/media\/25271"}],"wp:attachment":[{"href":"https:\/\/akdenizolaygazetesi.com\/index.php?rest_route=%2Fwp%2Fv2%2Fmedia&parent=25270"}],"wp:term":[{"taxonomy":"category","embeddable":true,"href":"https:\/\/akdenizolaygazetesi.com\/index.php?rest_route=%2Fwp%2Fv2%2Fcategories&post=25270"},{"taxonomy":"post_tag","embeddable":true,"href":"https:\/\/akdenizolaygazetesi.com\/index.php?rest_route=%2Fwp%2Fv2%2Ftags&post=25270"}],"curies":[{"name":"wp","href":"https:\/\/api.w.org\/{rel}","templated":true}]}}