{"id":25273,"date":"2023-04-18T13:05:56","date_gmt":"2023-04-18T10:05:56","guid":{"rendered":"http:\/\/akdenizolaygazetesi.com\/?p=25273"},"modified":"2023-04-18T13:05:56","modified_gmt":"2023-04-18T10:05:56","slug":"buyuksehir-kadir-gecesinde-10-bin-paket-lokma-tatlisi-dagitti","status":"publish","type":"post","link":"https:\/\/akdenizolaygazetesi.com\/?p=25273","title":{"rendered":"B\u00dcY\u00dcK\u015eEH\u0130R, KAD\u0130R GECES\u0130&#8217;NDE 10 B\u0130N PAKET LOKMA TATLISI DA\u011eITTI"},"content":{"rendered":"<p>Mersin B\u00fcy\u00fck\u015fehir Belediyesi, Kadir Gecesi&#8217;nde Mersinlilere lokma tatl\u0131s\u0131 ikram etti. B\u00fcy\u00fck\u015fehir ekipleri, \u0130slam Alemi&#8217;nin kutsal gecesi olan Kadir Gecesi&#8217;nde cami \u00e7\u0131k\u0131\u015flar\u0131, cemevleri, B\u00fcy\u00fck\u015fehir&#8217;in ge\u00e7ici bar\u0131nma alanlar\u0131 ve Erkek \u00d6\u011frenci Yurdu&#8217;nda vatanda\u015flar\u0131 lokma ikram\u0131 ile kar\u015f\u0131lad\u0131.<br \/>\nKent genelinde 10 bin lokma tatl\u0131s\u0131 ikram edildi<br \/>\nB\u00fcy\u00fck\u015fehir Belediyesi Sosyal Hizmetler Dairesi ile Muhtarl\u0131k \u0130\u015fleri Dairelerinin koordinesinde, merkezde ve merkez d\u0131\u015f\u0131ndaki il\u00e7elerde toplam 10 bin paket lokma tatl\u0131s\u0131 vatanda\u015flara ula\u015ft\u0131r\u0131ld\u0131.<br \/>\nSosyal Hizmetler Dairesi&#8217;nde g\u00f6rev yapan ve CNR Fuar Merkezi Ge\u00e7ici Bar\u0131nma Merkezi sorumlusu Arif T\u00fcrko\u011flu, &#8220;Bu gece m\u00fcbarek Kadir Gecesi. Mersin B\u00fcy\u00fck\u015fehir Belediyesi olarak, daha \u00f6nceki m\u00fcbarek g\u00fcnlerde oldu\u011fu gibi, bu gecede de misafirlerimize, gecenin maneviyat\u0131na uygun ikramlarda bulunduk. Bu y\u0131l \u00fclkemiz b\u00fcy\u00fck bir afet ge\u00e7irdi ve Mersin&#8217;e de 11 ilden misafirlerimiz geldi. CNR fuar alan\u0131nda ve di\u011fer alanlarda Mersin B\u00fcy\u00fck\u015fehir Belediyesi olarak misafirlerimizi konuk ediyoruz. Bug\u00fcn burada da, bu gecenin maneviyat\u0131na uygun olarak, konuklar\u0131m\u0131za lokma tatl\u0131s\u0131 ikram\u0131nda bulunduk&#8221; dedi.<\/p>\n","protected":false},"excerpt":{"rendered":"<p>Mersin B\u00fcy\u00fck\u015fehir Belediyesi, Kadir Gecesi&#8217;nde Mersinlilere lokma tatl\u0131s\u0131 ikram etti. B\u00fcy\u00fck\u015fehir ekipleri, \u0130slam Alemi&#8217;nin kutsal gecesi olan Kadir Gecesi&#8217;nde cami \u00e7\u0131k\u0131\u015flar\u0131, cemevleri, B\u00fcy\u00fck\u015fehir&#8217;in ge\u00e7ici bar\u0131nma alanlar\u0131 ve Erkek \u00d6\u011frenci Yurdu&#8217;nda &hellip; <a href=\"https:\/\/akdenizolaygazetesi.com\/?p=25273\" class=\"more-link\">Devam\u0131n\u0131 Oku&#8230;<\/a><\/p>\n","protected":false},"author":2,"featured_media":25274,"comment_status":"open","ping_status":"open","sticky":false,"template":"","format":"standard","meta":[],"categories":[2,3],"tags":[],"_links":{"self":[{"href":"https:\/\/akdenizolaygazetesi.com\/index.php?rest_route=\/wp\/v2\/posts\/25273"}],"collection":[{"href":"https:\/\/akdenizolaygazetesi.com\/index.php?rest_route=\/wp\/v2\/posts"}],"about":[{"href":"https:\/\/akdenizolaygazetesi.com\/index.php?rest_route=\/wp\/v2\/types\/post"}],"author":[{"embeddable":true,"href":"https:\/\/akdenizolaygazetesi.com\/index.php?rest_route=\/wp\/v2\/users\/2"}],"replies":[{"embeddable":true,"href":"https:\/\/akdenizolaygazetesi.com\/index.php?rest_route=%2Fwp%2Fv2%2Fcomments&post=25273"}],"version-history":[{"count":1,"href":"https:\/\/akdenizolaygazetesi.com\/index.php?rest_route=\/wp\/v2\/posts\/25273\/revisions"}],"predecessor-version":[{"id":25275,"href":"https:\/\/akdenizolaygazetesi.com\/index.php?rest_route=\/wp\/v2\/posts\/25273\/revisions\/25275"}],"wp:featuredmedia":[{"embeddable":true,"href":"https:\/\/akdenizolaygazetesi.com\/index.php?rest_route=\/wp\/v2\/media\/25274"}],"wp:attachment":[{"href":"https:\/\/akdenizolaygazetesi.com\/index.php?rest_route=%2Fwp%2Fv2%2Fmedia&parent=25273"}],"wp:term":[{"taxonomy":"category","embeddable":true,"href":"https:\/\/akdenizolaygazetesi.com\/index.php?rest_route=%2Fwp%2Fv2%2Fcategories&post=25273"},{"taxonomy":"post_tag","embeddable":true,"href":"https:\/\/akdenizolaygazetesi.com\/index.php?rest_route=%2Fwp%2Fv2%2Ftags&post=25273"}],"curies":[{"name":"wp","href":"https:\/\/api.w.org\/{rel}","templated":true}]}}