{"id":25292,"date":"2023-04-19T12:41:16","date_gmt":"2023-04-19T09:41:16","guid":{"rendered":"http:\/\/akdenizolaygazetesi.com\/?p=25292"},"modified":"2023-04-19T12:41:16","modified_gmt":"2023-04-19T09:41:16","slug":"anamurlu-ureticilere-zeytin-ve-passiflora-fidani-destegi","status":"publish","type":"post","link":"https:\/\/akdenizolaygazetesi.com\/?p=25292","title":{"rendered":"ANAMURLU \u00dcRET\u0130C\u0130LERE ZEYT\u0130N ve PASS\u0130FLORA F\u0130DANI DESTE\u011e\u0130"},"content":{"rendered":"<p>Hayata ge\u00e7irdi\u011fi projeler ve sundu\u011fu destekler ile \u00fcreticilerin gelece\u011fe g\u00fcvenle bakmas\u0131n\u0131 sa\u011flayan Mersin B\u00fcy\u00fck\u015fehir Belediyesi, Alman Uluslararas\u0131 \u0130\u015fbirli\u011fi Kurumu (GIZ) ile y\u00fcr\u00fctt\u00fc\u011f\u00fc ve &#8216;Yerli Yerinde&#8217; slogan\u0131 ile hayata ge\u00e7irdi\u011fi &#8216;G\u0131da G\u00fcvenli\u011fi \u0130\u00e7in Yerel Tar\u0131msal \u00dcretim Te\u015fviki Projesi&#8217; kapsam\u0131nda, Anamur&#8217;da zeytin fidan\u0131 da\u011f\u0131t\u0131m\u0131 ger\u00e7ekle\u015ftirdi.<\/p>\n<p>Tar\u0131msal Hizmetler Dairesi Ba\u015fkanl\u0131\u011f\u0131 taraf\u0131ndan Anamur Koordinasyon Merkezi&#8217;nde ger\u00e7ekle\u015ftirilen fidan da\u011f\u0131t\u0131m t\u00f6reni kapsam\u0131nda; Anamur, Bozyaz\u0131 ve Ayd\u0131nc\u0131k&#8217;ta ikamet eden 117 \u00fcreticiye, toplam 2 bin 340 adet zeytin fidan\u0131 teslim edildi. 88 \u00fcreticiye y\u00fczde 70 hibeli toplam 5 bin 710 adet passiflora fidesi, 9 mahalle muhtarl\u0131\u011f\u0131 ile Anamur Kad\u0131n Giri\u015fimi \u00dcretim ve \u0130\u015fletme Kooperatifi&#8217;ne hamur yo\u011furma makinesi deste\u011finde bulunuldu.<\/p>\n<p>\u015eahuto\u011flu: &#8220;Katma de\u011feri y\u00fcksek olan \u00fcr\u00fcnlere \u00f6ncelik veriyoruz&#8221;<\/p>\n<p>Da\u011f\u0131t\u0131m t\u00f6reninde yapt\u0131\u011f\u0131 konu\u015fmada, Mersin B\u00fcy\u00fck\u015fehir Belediyesi&#8217;nin tar\u0131msal sorunlar\u0131n bilincinde olan bir belediye oldu\u011funu s\u00f6yleyen Tar\u0131msal Hizmetler Dairesi Ba\u015fkan\u0131 Sel\u00e7uk \u015eahuto\u011flu, &#8220;\u0130klim de\u011fi\u015fikli\u011fi ve kurakl\u0131kla m\u00fccadele kapsam\u0131nda, son 3 y\u0131lda 13 il\u00e7emizde 161 bin 826 metre sulama borusu deste\u011fi sa\u011flad\u0131k. Ba\u015fkan\u0131m\u0131z Vahap Se\u00e7er g\u00f6reve geldi\u011finden bu yana Anamur, Bozyaz\u0131 ve Ayd\u0131nc\u0131k&#8217;ta 8 bin 232 metre sulama borusu da\u011f\u0131tt\u0131k. 2023 y\u0131l\u0131nda da 3 bin 600 metre daha da\u011f\u0131taca\u011f\u0131z&#8221; dedi.<\/p>\n<p>Mersin B\u00fcy\u00fck\u015fehir Belediyesi olarak girdi maliyetlerinin ba\u015f\u0131nda gelen fide, fidan ve so\u011fan destekleri kapsam\u0131nda Anamur, Bozyaz\u0131 ve Ayd\u0131nc\u0131k b\u00f6lgesine \u00f6zellikle al\u0131\u00e7, avokado, ceviz, zeytin fidan\u0131, pasiflora ve lavanta fidesi da\u011f\u0131t\u0131mlar\u0131n\u0131n yap\u0131ld\u0131\u011f\u0131n\u0131 hat\u0131rlatan \u015eahuto\u011flu, &#8220;Yakla\u015f\u0131k 300 d\u00f6n\u00fcml\u00fck alanda avokado da\u011f\u0131t\u0131m\u0131 ger\u00e7ekle\u015fti. Bu da yakla\u015f\u0131k 1200 ton gibi avokado yapar. Katma de\u011feri y\u00fcksek \u00fcr\u00fcnlerin bu b\u00f6lgede yay\u0131lmas\u0131yla beraber, \u00fcreticilerin birim alanda kazanm\u0131\u015f oldu\u011fu geliri artt\u0131rmay\u0131 hedefliyoruz&#8221; diye konu\u015ftu.<\/p>\n<p>Tar\u0131m\u0131n her koluna destek sa\u011flayan Mersin B\u00fcy\u00fck\u015fehir Belediyesi&#8217;nin sadece fide, fidan gibi \u00fcr\u00fcnleri sa\u011flamakla kalmay\u0131p, elde edilen \u00fcr\u00fcnlerin ederinde sat\u0131lmas\u0131 amac\u0131yla, kooperatifler arac\u0131l\u0131\u011f\u0131yla makine ekipman deste\u011finde bulunduklar\u0131n\u0131 da s\u00f6zlerine ekleyen \u015eahuto\u011flu, &#8220;Zeytin fidan\u0131 veriyoruz, ama \u00fcretmi\u015f oldu\u011funuz zeytinleri boylayarak, asl\u0131nda piyasan\u0131n de\u011ferine \u00e7\u0131kmas\u0131n\u0131 hedefliyoruz. Bu ama\u00e7la zeytin boylama makinesi veriyoruz&#8221; ifadelerini kulland\u0131.<\/p>\n<p>&#8220;Hedefimiz s\u00fcrd\u00fcr\u00fclebilir projeler \u00fcretmek&#8221;<br \/>\nHedeflerinin s\u00fcrd\u00fcr\u00fclebilir projeler \u00fcretmek oldu\u011funu ve bu ba\u011flamda hayvanc\u0131l\u0131kla u\u011fra\u015fan \u00fcreticileri de desteklediklerini dile getiren \u015eahuto\u011flu, &#8216;Hadi Gel K\u00f6y\u00fcm\u00fcze Destek Verelim&#8217; projesinin bu amaca hizmet etti\u011fini ifade etti.  S\u00f6z konusu proje kapsam\u0131nda yeti\u015ftiricilere 24 di\u015fi ve 1 erkek olmak \u00fczere 25 hayvan, 4 ton yem verdiklerini ve hayvanlar\u0131n 1 y\u0131ll\u0131k a\u015f\u0131lar\u0131n\u0131 da kar\u015f\u0131lad\u0131klar\u0131n\u0131 hat\u0131rlatan \u015eahuto\u011flu, &#8220;B\u00f6ylece, \u00fcreticilerin 1 y\u0131l i\u00e7erisinde kendilerini aya\u011fa kald\u0131rabilecek anlamdaki t\u00fcm ihtiya\u00e7lar\u0131, Mersin B\u00fcy\u00fck\u015fehir Belediyesi taraf\u0131ndan kar\u015f\u0131lan\u0131yor. 3 y\u0131l i\u00e7erisinde 4 bin 500 dam\u0131zl\u0131k hayvan\u0131 yeti\u015ftiricilerimize da\u011f\u0131tt\u0131k. \u0130lk y\u0131l ve 2. y\u0131l 1500&#8217;er adet hayvan\u0131 sat\u0131n ald\u0131k, ama 3.y\u0131ldan itibaren \u00fcreticilerimize emanet etti\u011fimiz k\u00fc\u00e7\u00fckba\u015f hayvanlar\u0131m\u0131z\u0131 geri almaya ba\u015flad\u0131k. Ge\u00e7en sene bu say\u0131 556&#8217;yd\u0131. Bu sene ise 1158 k\u00fc\u00e7\u00fckba\u015f hayvan\u0131 \u00fcreticilerimizden al\u0131p, yeni da\u011f\u0131taca\u011f\u0131m\u0131z \u00fcreticilerle bulu\u015fturaca\u011f\u0131z. 2024 y\u0131l\u0131nda da \u00fcreticilerimizden 1500 hayvan teslim alarak, bu proje kapsam\u0131nda bir daha canl\u0131 hayvana para \u00f6demeyip, projeyi kendi i\u00e7erisinde s\u00fcrd\u00fcr\u00fclebilir hale getirmeyi hedefliyoruz&#8221; diye konu\u015ftu.  <\/p>\n<p>Ar\u0131c\u0131l\u0131kla u\u011fra\u015fan yeti\u015ftiricilere de belirli kriterler do\u011frultusunda temel ar\u0131c\u0131l\u0131k malzemeleri ile bal sa\u011f\u0131m \u00e7ad\u0131rlar\u0131 da\u011f\u0131tt\u0131klar\u0131n\u0131 kaydeden \u015eahuto\u011flu,  &#8220;Ayr\u0131ca Ar\u0131 Yeti\u015ftiricileri Birli\u011fi&#8217;ne ba\u011fl\u0131 ve 100 ile 300 aras\u0131nda kovan\u0131 bulunan yeti\u015ftiricilere, y\u00fczde 50 hibeli g\u00fcne\u015f enerjisi paneli da\u011f\u0131t\u0131m\u0131 ger\u00e7ekle\u015ftirece\u011fiz&#8221; dedi. Mersin \u0130li Dam\u0131zl\u0131k Koyun Ke\u00e7i Yeti\u015ftiricileri Birli\u011fi&#8217;ne kay\u0131tl\u0131 100 ile 200 hayvan aras\u0131nda k\u00fc\u00e7\u00fckba\u015f hayvana sahip olan yeti\u015ftiricilere de, herhangi bir kurumdan g\u00fcne\u015f enerjisi paneli almam\u0131\u015f olmas\u0131 ko\u015fuluyla, g\u00fcne\u015f enerjisi paneli da\u011f\u0131tacaklar\u0131n\u0131 s\u00f6zlerine ekleyen \u015eahuto\u011flu, bu sene yine Anamur, Bozyaz\u0131, Ayd\u0131nc\u0131k b\u00f6lgesinde b\u00fcy\u00fckba\u015f hayvan yeti\u015ftiricili\u011fi yapan yeti\u015ftiricilere y\u00fczde 50 hibeli m\u0131s\u0131r flake da\u011f\u0131t\u0131m\u0131 yapacaklar\u0131n\u0131 ifade etti.<\/p>\n<p>Karan: &#8220;Bu projeler \u00fcretime ciddi anlamda destek oluyor&#8221;<\/p>\n<p>T\u00f6rende konu\u015fan Mersin B\u00fcy\u00fck\u015fehir Belediyesi Anamur-Bozyaz\u0131-Ayd\u0131nc\u0131k Koordinat\u00f6r\u00fc Erdal Karan, &#8220;Ba\u015fkan\u0131m\u0131z Vahap Se\u00e7er&#8217;in sosyal belediyecilik anlay\u0131\u015f\u0131 ile ba\u015flatt\u0131\u011f\u0131 ekonomik ve sosyal kalk\u0131nma projelerinden birinde bulunmaktay\u0131z. Bu projeyi 4 y\u0131ldan beri uygulad\u0131\u011f\u0131m\u0131z i\u00e7in, \u015fu anda meyvelerini almaktay\u0131z. 4 y\u0131ldan beri sadece Anamur etraf\u0131na 300 d\u00f6n\u00fcme yak\u0131n avokado fidan\u0131 dikildi. Bunun yan\u0131nda dam\u0131zl\u0131k koyun ke\u00e7i birlikleriyle beraber yapt\u0131\u011f\u0131m\u0131z projelerde, \u00fcretime ciddi anlamda destek oluyor ve bunun geri d\u00f6n\u00fc\u015f\u00fcn\u00fc de \u00e7ok g\u00fczel bir \u015fekilde al\u0131yoruz&#8221; dedi.<\/p>\n<p>Temel: &#8220;Yap\u0131lan \u00e7al\u0131\u015fmalar, yar\u0131nlardaki \u00fcretim i\u00e7in bizleri \u00fcmitlendiriyor&#8221;<\/p>\n<p>Anamur Ziraat Odas\u0131 Ba\u015fkan\u0131 Ahmet \u015eeref K\u00fc\u00e7\u00fck, \u00fcretmenin \u00e7ok \u00f6nemli oldu\u011funa dikkat \u00e7ekerek, &#8220;\u00dcreticiler \u00fcretmezse, insanlar a\u00e7 kal\u0131r. Bunun i\u00e7in, \u00fcretime s\u00fcrekli katk\u0131 veren B\u00fcy\u00fck\u015fehir Belediye Ba\u015fkan\u0131m\u0131za ayr\u0131ca \u00e7ok te\u015fekk\u00fcr ediyorum. B\u00f6yle g\u00fczel bir toplant\u0131da \u00fcreticilerin, muhtarlar\u0131m\u0131z\u0131n ve bizlerin bir arada olmas\u0131, yar\u0131nlardaki \u00fcretim i\u00e7in bizi \u00fcmitlendiriyor&#8221; dedi.<\/p>\n<p>T\u00f6rende Sug\u00f6z\u00fc Mahallesi Muhtar\u0131 Kas\u0131m \u0130brahim Cedit, &#8220;Mahallemizde ge\u00e7en y\u0131l 12 kilometre asfalt\u0131m\u0131z yap\u0131ld\u0131. \u015eimdi de hamur yo\u011furma makinesi veriliyor. K\u00f6y\u00fcm ve \u015fahs\u0131m ad\u0131na \u00e7ok te\u015fekk\u00fcr ederim&#8221; diye konu\u015furken, Bah\u00e7elievler Mahallesi Muhtar\u0131 \u0130brahim G\u00fcm\u00fc\u015f ise, &#8220;Biz de \u00e7ift\u00e7iyiz, \u00fcreticiyiz ve \u00e7ift\u00e7inin hangi \u015fartlar alt\u0131nda \u00e7al\u0131\u015ft\u0131\u011f\u0131n\u0131 \u00e7ok iyi biliyoruz. Son 4-5 y\u0131lda \u00e7ift\u00e7ilerin girdileri \u00e7ok y\u00fcksek oldu. Desteklerinden \u00f6t\u00fcr\u00fc Ba\u015fkan\u0131m\u0131za ve \u00e7al\u0131\u015fma arkada\u015flar\u0131na, mahalle halk\u0131m ve \u015fahs\u0131m ad\u0131na te\u015fekk\u00fcr ediyorum&#8221; ifadelerini kulland\u0131.<\/p>\n<p>Sakine Ayd\u0131n \u00c7elik isimli \u00fcretici ise, &#8220;\u00c7ok mutlu oldum. \u00dcreticiye \u00e7ok g\u00fczel bir destek. Ge\u00e7en y\u0131ldan beri ben de \u00fcreticili\u011fe ba\u015flad\u0131m. Ge\u00e7en y\u0131l Avokado&#8217;ya ba\u015flad\u0131k. Bu y\u0131l da zeytin ve passiflora yapaca\u011f\u0131m in\u015fallah. \u00dcreticilere \u00e7ok g\u00fczel destekte bulunan Vahap Se\u00e7er Ba\u015fkan\u0131m\u0131za ve Belediyemize te\u015fekk\u00fcr ediyorum&#8221; \u015feklinde konu\u015ftu.<\/p>\n","protected":false},"excerpt":{"rendered":"<p>Hayata ge\u00e7irdi\u011fi projeler ve sundu\u011fu destekler ile \u00fcreticilerin gelece\u011fe g\u00fcvenle bakmas\u0131n\u0131 sa\u011flayan Mersin B\u00fcy\u00fck\u015fehir Belediyesi, Alman Uluslararas\u0131 \u0130\u015fbirli\u011fi Kurumu (GIZ) ile y\u00fcr\u00fctt\u00fc\u011f\u00fc ve &#8216;Yerli Yerinde&#8217; slogan\u0131 ile hayata ge\u00e7irdi\u011fi &#8216;G\u0131da &hellip; <a href=\"https:\/\/akdenizolaygazetesi.com\/?p=25292\" class=\"more-link\">Devam\u0131n\u0131 Oku&#8230;<\/a><\/p>\n","protected":false},"author":2,"featured_media":25293,"comment_status":"open","ping_status":"open","sticky":false,"template":"","format":"standard","meta":[],"categories":[2,3,5],"tags":[],"_links":{"self":[{"href":"https:\/\/akdenizolaygazetesi.com\/index.php?rest_route=\/wp\/v2\/posts\/25292"}],"collection":[{"href":"https:\/\/akdenizolaygazetesi.com\/index.php?rest_route=\/wp\/v2\/posts"}],"about":[{"href":"https:\/\/akdenizolaygazetesi.com\/index.php?rest_route=\/wp\/v2\/types\/post"}],"author":[{"embeddable":true,"href":"https:\/\/akdenizolaygazetesi.com\/index.php?rest_route=\/wp\/v2\/users\/2"}],"replies":[{"embeddable":true,"href":"https:\/\/akdenizolaygazetesi.com\/index.php?rest_route=%2Fwp%2Fv2%2Fcomments&post=25292"}],"version-history":[{"count":1,"href":"https:\/\/akdenizolaygazetesi.com\/index.php?rest_route=\/wp\/v2\/posts\/25292\/revisions"}],"predecessor-version":[{"id":25294,"href":"https:\/\/akdenizolaygazetesi.com\/index.php?rest_route=\/wp\/v2\/posts\/25292\/revisions\/25294"}],"wp:featuredmedia":[{"embeddable":true,"href":"https:\/\/akdenizolaygazetesi.com\/index.php?rest_route=\/wp\/v2\/media\/25293"}],"wp:attachment":[{"href":"https:\/\/akdenizolaygazetesi.com\/index.php?rest_route=%2Fwp%2Fv2%2Fmedia&parent=25292"}],"wp:term":[{"taxonomy":"category","embeddable":true,"href":"https:\/\/akdenizolaygazetesi.com\/index.php?rest_route=%2Fwp%2Fv2%2Fcategories&post=25292"},{"taxonomy":"post_tag","embeddable":true,"href":"https:\/\/akdenizolaygazetesi.com\/index.php?rest_route=%2Fwp%2Fv2%2Ftags&post=25292"}],"curies":[{"name":"wp","href":"https:\/\/api.w.org\/{rel}","templated":true}]}}