{"id":25295,"date":"2023-04-19T12:42:56","date_gmt":"2023-04-19T09:42:56","guid":{"rendered":"http:\/\/akdenizolaygazetesi.com\/?p=25295"},"modified":"2023-04-19T12:42:56","modified_gmt":"2023-04-19T09:42:56","slug":"yenisehir-belediyesi-yol-yapim-ve-onarim-calismalarini-surduruyor","status":"publish","type":"post","link":"https:\/\/akdenizolaygazetesi.com\/?p=25295","title":{"rendered":"Yeni\u015fehir Belediyesi yol yap\u0131m ve onar\u0131m \u00e7al\u0131\u015fmalar\u0131n\u0131 s\u00fcrd\u00fcr\u00fcyor"},"content":{"rendered":"<p>Mersin Yeni\u015fehir Belediyesi, il\u00e7e genelinde vatanda\u015flar\u0131n g\u00fcvenli ve konforlu ula\u015f\u0131m\u0131n\u0131 sa\u011flamak amac\u0131yla yol yap\u0131m ve onar\u0131m \u00e7al\u0131\u015fmalar\u0131na devam ediyor. Yeni\u015fehir Belediye Ba\u015fkan\u0131 Abdullah \u00d6zyi\u011fit, Palmiye Mahallesi\u2019ndeki \u00e7al\u0131\u015fmalar\u0131 yerinde inceledi.<br \/>\nYeni\u015fehir Belediyesi Fen \u0130\u015fleri M\u00fcd\u00fcrl\u00fc\u011f\u00fc ekipleri, ihtiya\u00e7 duyulan t\u00fcm mahallelerde yol ve kald\u0131r\u0131m yap\u0131m ve onar\u0131m \u00e7al\u0131\u015fmalar\u0131n\u0131 s\u00fcrd\u00fcr\u00fcyor. Yap\u0131lan tespitler ve vatanda\u015flardan gelen talepler do\u011frultusunda \u00e7al\u0131\u015fmalar\u0131na aral\u0131ks\u0131z bir \u015fekilde devam eden Yeni\u015fehir Belediyesi ekipleri belirlenen program dahilinde mahallelerin yol sorununu \u00e7\u00f6z\u00fcyor.<br \/>\n\u00c7al\u0131\u015fmalar\u0131 yerinde inceleyen Yeni\u015fehir Belediye Ba\u015fkan\u0131 Abdullah \u00d6zyi\u011fit, \u201cEkiplerimiz b\u00fcy\u00fck bir hassasiyet ve \u00f6zveriyle \u00e7al\u0131\u015fmalar\u0131n\u0131 s\u00fcrd\u00fcr\u00fcyor. Kendilerine kolayl\u0131klar diliyorum.Hem k\u0131rsal mahallelerimiz hem de il\u00e7e merkezimizde yol yap\u0131m ve onar\u0131m \u00e7al\u0131\u015fmalar\u0131m\u0131z t\u00fcm h\u0131z\u0131yla devam edecek.\u201ddiye konu\u015ftu. <\/p>\n","protected":false},"excerpt":{"rendered":"<p>Mersin Yeni\u015fehir Belediyesi, il\u00e7e genelinde vatanda\u015flar\u0131n g\u00fcvenli ve konforlu ula\u015f\u0131m\u0131n\u0131 sa\u011flamak amac\u0131yla yol yap\u0131m ve onar\u0131m \u00e7al\u0131\u015fmalar\u0131na devam ediyor. Yeni\u015fehir Belediye Ba\u015fkan\u0131 Abdullah \u00d6zyi\u011fit, Palmiye Mahallesi\u2019ndeki \u00e7al\u0131\u015fmalar\u0131 yerinde inceledi. Yeni\u015fehir &hellip; <a href=\"https:\/\/akdenizolaygazetesi.com\/?p=25295\" class=\"more-link\">Devam\u0131n\u0131 Oku&#8230;<\/a><\/p>\n","protected":false},"author":2,"featured_media":25296,"comment_status":"open","ping_status":"open","sticky":false,"template":"","format":"standard","meta":[],"categories":[2,3],"tags":[],"_links":{"self":[{"href":"https:\/\/akdenizolaygazetesi.com\/index.php?rest_route=\/wp\/v2\/posts\/25295"}],"collection":[{"href":"https:\/\/akdenizolaygazetesi.com\/index.php?rest_route=\/wp\/v2\/posts"}],"about":[{"href":"https:\/\/akdenizolaygazetesi.com\/index.php?rest_route=\/wp\/v2\/types\/post"}],"author":[{"embeddable":true,"href":"https:\/\/akdenizolaygazetesi.com\/index.php?rest_route=\/wp\/v2\/users\/2"}],"replies":[{"embeddable":true,"href":"https:\/\/akdenizolaygazetesi.com\/index.php?rest_route=%2Fwp%2Fv2%2Fcomments&post=25295"}],"version-history":[{"count":1,"href":"https:\/\/akdenizolaygazetesi.com\/index.php?rest_route=\/wp\/v2\/posts\/25295\/revisions"}],"predecessor-version":[{"id":25297,"href":"https:\/\/akdenizolaygazetesi.com\/index.php?rest_route=\/wp\/v2\/posts\/25295\/revisions\/25297"}],"wp:featuredmedia":[{"embeddable":true,"href":"https:\/\/akdenizolaygazetesi.com\/index.php?rest_route=\/wp\/v2\/media\/25296"}],"wp:attachment":[{"href":"https:\/\/akdenizolaygazetesi.com\/index.php?rest_route=%2Fwp%2Fv2%2Fmedia&parent=25295"}],"wp:term":[{"taxonomy":"category","embeddable":true,"href":"https:\/\/akdenizolaygazetesi.com\/index.php?rest_route=%2Fwp%2Fv2%2Fcategories&post=25295"},{"taxonomy":"post_tag","embeddable":true,"href":"https:\/\/akdenizolaygazetesi.com\/index.php?rest_route=%2Fwp%2Fv2%2Ftags&post=25295"}],"curies":[{"name":"wp","href":"https:\/\/api.w.org\/{rel}","templated":true}]}}