{"id":25304,"date":"2023-04-20T10:10:00","date_gmt":"2023-04-20T07:10:00","guid":{"rendered":"http:\/\/akdenizolaygazetesi.com\/?p=25304"},"modified":"2023-04-20T10:10:00","modified_gmt":"2023-04-20T07:10:00","slug":"baskan-yilmaz-personeliyle-iftarda-bir-araya-geldi-bayramlarini-kutladi","status":"publish","type":"post","link":"https:\/\/akdenizolaygazetesi.com\/?p=25304","title":{"rendered":"BA\u015eKAN YILMAZ, PERSONEL\u0130YLE \u0130FTARDA B\u0130R ARAYA GELD\u0130, BAYRAMLARINI KUTLADI"},"content":{"rendered":"<p>Toroslar Belediye Ba\u015fkan\u0131 Ats\u0131z Af\u015f\u0131n Y\u0131lmaz, Ramazan Bayram\u0131 \u00f6ncesi belediye personeli ve ailelerini iftar program\u0131nda a\u011f\u0131rlayarak, bayramlar\u0131n\u0131 kutlad\u0131.<\/p>\n<p>Toroslar&#8217;a gece g\u00fcnd\u00fcz hizmet etmenin yan\u0131 s\u0131ra pandemide ve depremin ard\u0131ndan canla ba\u015fla g\u00f6rev yapan \u00e7al\u0131\u015fma arkada\u015flar\u0131na te\u015fekk\u00fcr eden Ba\u015fkan Y\u0131lmaz&#8217;a, e\u015fi Meltem Y\u0131lmaz da e\u015flik etti.<\/p>\n<p>Ba\u015fkan Y\u0131lmaz; &#8220;Bize yak\u0131\u015fan ba\u015far\u0131d\u0131r, \u00e7al\u0131\u015fmakt\u0131r, kendimizi geli\u015ftirmek ve g\u00fc\u00e7lendirmektir. Biz de bunu yapmaya devam edece\u011fiz. Sizlerle gurur duyuyorum. Birli\u011fimiz ve beraberli\u011fimiz daim olsun&#8221; dedi.<\/p>\n<p>Yunus Emre K\u00fclt\u00fcr Merkezi&#8217;nde yo\u011fun kat\u0131l\u0131mla ger\u00e7ekle\u015fen programa; MHP Toroslar \u0130l\u00e7e Ba\u015fkan\u0131 H\u00fcsn\u00fc Do\u011fan, AK Parti Toroslar \u0130l\u00e7e Ba\u015fkan\u0131 Bekir Top\u00e7u ve Belediye Meclis \u00dcyeleri de kat\u0131ld\u0131.<\/p>\n<p>\u0130ftar\u0131n ard\u0131ndan bir konu\u015fma yapan MHP Toroslar \u0130l\u00e7e Ba\u015fkan\u0131 H\u00fcsn\u00fc Do\u011fan, t\u00fcm belediye personelinin bayram\u0131n\u0131 kutlayarak; &#8220;\u00c7ok b\u00fcy\u00fck bir deprem felaketi ya\u015fad\u0131k. Hayat\u0131n\u0131 kaybeden t\u00fcm karde\u015flerimize, b\u00fcy\u00fcklerimize Allah&#8217;tan rahmet diliyorum. Hepinizin Ramazan Bayram\u0131&#8217;n\u0131 kutluyorum&#8221; ifadelerini kulland\u0131.<\/p>\n<p>AK Parti Toroslar \u0130l\u00e7e Ba\u015fkan\u0131 Bekir Top\u00e7u da Toroslar Belediye personeliyle iftarda bir araya gelmenin mutlulu\u011funu ya\u015fad\u0131\u011f\u0131n\u0131 belirterek; &#8220;Toroslar Belediyemizin sayg\u0131de\u011fer \u00e7al\u0131\u015fanlar\u0131yla bir arada olmaktan onur ve \u015feref duydum. Bayram\u0131n\u0131z kutlu olsun&#8221; diye konu\u015ftu.<\/p>\n<p>T\u00fcm \u00e7al\u0131\u015fma arkada\u015flar\u0131na seslenerek, aileleriyle birlikte sa\u011fl\u0131kl\u0131 ve huzurlu bir bayram ge\u00e7irmelerini dileyen Toroslar Belediye Ba\u015fkan\u0131 Ats\u0131z Af\u015f\u0131n Y\u0131lmaz ise Toroslar Belediyesi ailesi olarak &#8220;\u00c7evik ve \u00dcretken&#8221; belediyecili\u011fin en g\u00fczel \u00f6rne\u011fini sergilediklerini ve bununla da gurur duyduklar\u0131n\u0131 s\u00f6yledi.<\/p>\n<p>BA\u015eKAN YILMAZ; &#8220;BU BA\u015eARI HEP\u0130M\u0130Z\u0130N&#8221;<\/p>\n<p>&#8220;Bug\u00fcn burada, bu g\u00fczel atmosferde sizlerle iftarda bir araya gelmenin ayr\u0131 bir g\u00fczelli\u011fi ve anlam\u0131 var&#8221; diyen Ba\u015fkan Y\u0131lmaz; &#8220;Ramazan ay\u0131n\u0131 geride b\u0131rak\u0131yoruz. Sizlerle birlikte olu\u015fturdu\u011fumuz sinerji ve g\u00fc\u00e7le pandemi d\u00f6neminde organize olduk ve m\u00fccadele ettik. \u00dclkemizi derinden sarsan depremin hemen ard\u0131ndan da en h\u0131zl\u0131 bir \u015fekilde bir araya geldik. Yard\u0131mlar\u0131 deprem b\u00f6lgesine aktaran, deprem b\u00f6lgesinden gelen depremzedelere Yunus Emre K\u00fclt\u00fcr Merkezimizdeki Acil Destek Merkezimizde hizmet veren, Ramazan ay\u0131 boyunca her g\u00fcn farkl\u0131 bir mahallemizde iftar sofram\u0131z\u0131 kurup, vatanda\u015flar\u0131m\u0131zla kucakla\u015fan bizleriz. Bir taraftan bu \u00e7al\u0131\u015fmalar\u0131 yaparken depremzede misafirlerimizi de ba\u015f\u0131m\u0131z\u0131n tac\u0131 olarak g\u00f6rd\u00fck. Bir de bizlerin g\u00f6rmedi\u011fi ba\u015fka kahramanlar da var. Onlar da 6 \u015eubat g\u00fcn\u00fc, 4.17 saatinden itibaren deprem b\u00f6lgesine gittiler ve \u00e7al\u0131\u015ft\u0131lar. Uzun bir s\u00fcre evlerine gidemediler. \u00d6nce enkaz alt\u0131ndaki depremzede karde\u015flerimizi \u00e7\u0131kard\u0131lar. Daha sonra \u00f6zellikle k\u0131rsalda enkaz kald\u0131rma \u00e7al\u0131\u015fmas\u0131 yapt\u0131lar. Allah hepinizden raz\u0131 olsun. Ellerinize, kollar\u0131n\u0131za sa\u011fl\u0131k. Kafan\u0131zda bir Toroslar Belediyesi yaz\u0131s\u0131 yaz\u0131n. E\u011fer fonksiyonel i\u015f yap\u0131yorsan\u0131z, vatanda\u015flar\u0131m\u0131za hizmet ediyorsan\u0131z, her g\u00fcn sabah\u0131n erken saatlerinde ayn\u0131 sokaklar\u0131 s\u00fcp\u00fcr\u00fcp, \u00e7\u00f6pleri topluyorsan\u0131z, bu il\u00e7enin park ve bah\u00e7elerine bak\u0131m yap\u0131yorsan\u0131z, ihtiya\u00e7 halinde belediyemizi arayan vatanda\u015flar\u0131m\u0131za cevap veriyorsan\u0131z ve g\u00fcler y\u00fczle kar\u015f\u0131l\u0131yorsan\u0131z, sizler Toroslar Belediyesi yaz\u0131s\u0131n\u0131n \u00f6nemli bir par\u00e7as\u0131s\u0131n\u0131z demektir. Bu ba\u015far\u0131 birlik ve beraberli\u011fimizin, aram\u0131zda olu\u015fturulan sinerjinin bir eseridir. Bunu da b\u00fcy\u00fcterek ve daha da g\u00fc\u00e7lendirerek devam ettirece\u011fiz in\u015fallah&#8221; \u015feklinde konu\u015ftu.<\/p>\n<p>&#8220;TOROSLAR KALED\u0130R.  B\u0130Z DE BU KALEDE H\u0130ZMET EDEN BU M\u0130LLET\u0130N FERTLER\u0130Y\u0130Z, G\u00dcC\u00dcY\u00dcZ, EL\u0130Y\u0130Z, KOLUYUZ&#8221;<\/p>\n<p>Ba\u015fkan Y\u0131lmaz, Mersin&#8217;in \u00e7ok \u00f6nemli bir \u015fehir oldu\u011funu, Toroslar&#8217;\u0131n da Mersin i\u00e7in \u00e7ok \u00f6nemli oldu\u011funa dikkat \u00e7ekerek; &#8220;Bizlerin ki\u015fisel kariyeri, siyasi yolculu\u011fu bir tarafa Mersin; devletimiz ve milletimiz a\u00e7\u0131s\u0131ndan \u00e7ok \u00f6nemli bir \u015fehir. Toroslar da Mersin i\u00e7in \u00e7ok \u00f6nemli. Toroslar kaledir. Biz de bu kalede hizmet eden bu milletin fertleriyiz, g\u00fcc\u00fcy\u00fcz, eliyiz, koluyuz \u00e7ok \u015f\u00fck\u00fcr. \u0130badetleriniz kabul, bayram\u0131n\u0131z kutlu olsun&#8221; ifadelerini kulland\u0131.<\/p>\n<p>Ba\u015fkan Y\u0131lmaz, konu\u015fmas\u0131n\u0131n ard\u0131ndan personeli ve aileleriyle tek tek bayramla\u015ft\u0131.<\/p>\n<p>Geleneksel T\u00fcrk g\u00f6lge oyunu olan Karag\u00f6z-Hacivat, sihirbaz g\u00f6sterisi ve bir\u00e7ok etkinli\u011fin yer ald\u0131\u011f\u0131 programda \u00e7ocuklar da g\u00f6n\u00fcllerince e\u011flendi.<\/p>\n<p>Programda milli duygular da doruklara \u00e7\u0131kt\u0131. Ba\u015fkan Y\u0131lmaz t\u00fcm \u00e7al\u0131\u015fma arkada\u015flar\u0131 ve aileleri ile birlikte \u0130zmir Mar\u015f\u0131&#8217;n\u0131 hep bir a\u011f\u0131zdan s\u00f6yleyerek, daha nice bayramlara ula\u015fmay\u0131 temenni etti.<\/p>\n","protected":false},"excerpt":{"rendered":"<p>Toroslar Belediye Ba\u015fkan\u0131 Ats\u0131z Af\u015f\u0131n Y\u0131lmaz, Ramazan Bayram\u0131 \u00f6ncesi belediye personeli ve ailelerini iftar program\u0131nda a\u011f\u0131rlayarak, bayramlar\u0131n\u0131 kutlad\u0131. Toroslar&#8217;a gece g\u00fcnd\u00fcz hizmet etmenin yan\u0131 s\u0131ra pandemide ve depremin ard\u0131ndan canla &hellip; <a href=\"https:\/\/akdenizolaygazetesi.com\/?p=25304\" class=\"more-link\">Devam\u0131n\u0131 Oku&#8230;<\/a><\/p>\n","protected":false},"author":2,"featured_media":25305,"comment_status":"open","ping_status":"open","sticky":false,"template":"","format":"standard","meta":[],"categories":[2,3],"tags":[],"_links":{"self":[{"href":"https:\/\/akdenizolaygazetesi.com\/index.php?rest_route=\/wp\/v2\/posts\/25304"}],"collection":[{"href":"https:\/\/akdenizolaygazetesi.com\/index.php?rest_route=\/wp\/v2\/posts"}],"about":[{"href":"https:\/\/akdenizolaygazetesi.com\/index.php?rest_route=\/wp\/v2\/types\/post"}],"author":[{"embeddable":true,"href":"https:\/\/akdenizolaygazetesi.com\/index.php?rest_route=\/wp\/v2\/users\/2"}],"replies":[{"embeddable":true,"href":"https:\/\/akdenizolaygazetesi.com\/index.php?rest_route=%2Fwp%2Fv2%2Fcomments&post=25304"}],"version-history":[{"count":1,"href":"https:\/\/akdenizolaygazetesi.com\/index.php?rest_route=\/wp\/v2\/posts\/25304\/revisions"}],"predecessor-version":[{"id":25306,"href":"https:\/\/akdenizolaygazetesi.com\/index.php?rest_route=\/wp\/v2\/posts\/25304\/revisions\/25306"}],"wp:featuredmedia":[{"embeddable":true,"href":"https:\/\/akdenizolaygazetesi.com\/index.php?rest_route=\/wp\/v2\/media\/25305"}],"wp:attachment":[{"href":"https:\/\/akdenizolaygazetesi.com\/index.php?rest_route=%2Fwp%2Fv2%2Fmedia&parent=25304"}],"wp:term":[{"taxonomy":"category","embeddable":true,"href":"https:\/\/akdenizolaygazetesi.com\/index.php?rest_route=%2Fwp%2Fv2%2Fcategories&post=25304"},{"taxonomy":"post_tag","embeddable":true,"href":"https:\/\/akdenizolaygazetesi.com\/index.php?rest_route=%2Fwp%2Fv2%2Ftags&post=25304"}],"curies":[{"name":"wp","href":"https:\/\/api.w.org\/{rel}","templated":true}]}}