{"id":25307,"date":"2023-04-20T10:11:31","date_gmt":"2023-04-20T07:11:31","guid":{"rendered":"http:\/\/akdenizolaygazetesi.com\/?p=25307"},"modified":"2023-04-20T10:11:31","modified_gmt":"2023-04-20T07:11:31","slug":"24-saat-insan-hayatinin-icerisinde-olan-konulara-dokunuyoruz","status":"publish","type":"post","link":"https:\/\/akdenizolaygazetesi.com\/?p=25307","title":{"rendered":"&#8220;24 SAAT \u0130NSAN HAYATININ \u0130\u00c7ER\u0130S\u0130NDE OLAN KONULARA DOKUNUYORUZ&#8221;"},"content":{"rendered":"<p>Mersin B\u00fcy\u00fck\u015fehir Belediye Ba\u015fkan\u0131 Vahap Se\u00e7er, yakla\u015fan Ramazan Bayram\u0131 \u00f6ncesinde Mersin B\u00fcy\u00fck\u015fehir Belediyesi Mersin Su ve Kanalizasyon \u0130daresi (MESK\u0130) Genel M\u00fcd\u00fcrl\u00fc\u011f\u00fc ve Mersin B\u00fcy\u00fck\u015fehir Belediyesi personeli ile bir araya gelerek, bayramlar\u0131n\u0131 kutlad\u0131. B\u00fcy\u00fck bir aile olduklar\u0131n\u0131 vurgulayan Ba\u015fkan Se\u00e7er, vatanda\u015flar\u0131n daha ya\u015fanabilir ve huzurlu bir hayat s\u00fcrmeleri i\u00e7in gecelerini g\u00fcnd\u00fczlerine katarak \u00e7al\u0131\u015ft\u0131klar\u0131n\u0131 ifade etti. Se\u00e7er, personele emeklerinden dolay\u0131 te\u015fekk\u00fcr ederken, birlikte \u00e7ok daha g\u00fczel hizmetler yapacaklar\u0131n\u0131 belirtti.<\/p>\n<p>&#8220;B\u00fcy\u00fck bir aileyiz&#8221;<br \/>\nBa\u015fkan Se\u00e7er ilk olarak MESK\u0130 Teknik Hizmetler Yerle\u015fkesi&#8217;nde MESK\u0130 Genel M\u00fcd\u00fcrl\u00fc\u011f\u00fc personeli ile ard\u0131ndan da Makine \u0130kmal Bak\u0131m ve Onar\u0131m Daire Ba\u015fkanl\u0131\u011f\u0131&#8217;nda Mersin B\u00fcy\u00fck\u015fehir Belediyesi personeli ile bir araya geldi. Ba\u015fkan Se\u00e7er&#8217;e bayramla\u015fma ziyaretlerinde; Mersin B\u00fcy\u00fck\u015fehir Belediyesi Genel Sekreteri Olcay Tok, MESK\u0130 Genel M\u00fcd\u00fcr\u00fc \u0130rfan Korkmaz, K\u00fclt\u00fcr A.\u015e. Y\u00f6netim Kurulu Ba\u015fkan\u0131 Bedri Dursun ile Mersin B\u00fcy\u00fck\u015fehir Belediyesi ve MESK\u0130 daire ba\u015fkanlar\u0131, \u015fube m\u00fcd\u00fcrleri e\u015flik etti.<\/p>\n<p>\u0130lk olarak MESK\u0130 personeli ile bayramla\u015fan Ba\u015fkan Se\u00e7er, &#8220;Tarsus&#8217;tan Anamur&#8217;a, Mut&#8217;tan \u00c7aml\u0131yayla&#8217;ya kadar hem\u015fehrilerimizin daha sa\u011fl\u0131kl\u0131 bir ortamda olabilmesi ve daha ya\u015fanabilir, huzurlu bir hayat s\u00fcrebilmeleri i\u00e7in gecemizi g\u00fcnd\u00fcz\u00fcm\u00fcze katan, ger\u00e7ekten \u00e7ok b\u00fcy\u00fck bir aileyiz. 4 y\u0131l s\u00fcresi boyunca beraber \u00e7al\u0131\u015ft\u0131\u011f\u0131m mesai arkada\u015flar\u0131m her ge\u00e7en g\u00fcn kurumun \u00fczerine art\u0131 de\u011fer koydular. Bunu t\u00fcm kalbimle ve y\u00fcreklili\u011fimle s\u00f6yl\u00fcyorum&#8221; dedi.<\/p>\n<p>&#8220;24 saat insan hayat\u0131n\u0131n i\u00e7erisinde olan konulara dokunuyoruz&#8221;<br \/>\nDe\u011ferli \u00e7al\u0131\u015fmalar oldu\u011funu ve \u00e7ok emek verildi\u011fini kaydeden Ba\u015fkan Se\u00e7er, &#8220;MESK\u0130&#8217;nin g\u00f6rev alan\u0131, konusu kolay bir konu de\u011fil. Ba\u015fta onlara sa\u011flad\u0131\u011f\u0131m\u0131z temiz i\u00e7me suyu. Su demek; ya\u015fam\u0131n ta kendisi demek. Altyap\u0131 hizmetleri, ya\u011fmur suyundan, kanalizasyon hizmetlerine kadar bir\u00e7ok alanda 24 saat insan hayat\u0131n\u0131n i\u00e7erisinde olan konulara dokunuyoruz&#8221; diye konu\u015ftu.<\/p>\n<p>&#8220;\u0130\u015fler d\u00fczene girmeye ba\u015flad\u0131&#8221;<br \/>\n\u0130lk g\u00fcnlerde MESK\u0130 ile ilgili vatanda\u015flardan \u00e7ok \u015fik\u00e2yet ald\u0131\u011f\u0131ndan s\u00f6z eden Ba\u015fkan Se\u00e7er, &#8220;Hatta yak\u0131n zamana kadar ALO 185 Teksin \u00c7a\u011fr\u0131 Merkezimize gelen \u00e7a\u011fr\u0131lar\u0131n yakla\u015f\u0131k olarak 4&#8217;te 3&#8217;\u00fc MESK\u0130&#8217;nin hizmet konular\u0131yla ilgiliydi. Ama her ge\u00e7en g\u00fcn bu oran MESK\u0130&#8217;nin lehine do\u011fru de\u011fi\u015fmeye ba\u015flad\u0131. \u00c7\u00fcnk\u00fc i\u015fler d\u00fczene girmeye ba\u015flad\u0131. Yani toplumdan Ba\u015fkan olarak bana gelen olumsuz yans\u0131malar\u0131n oran\u0131 gittik\u00e7e d\u00fc\u015ft\u00fc. \u015eimdi bunu mutlulukla ifade edeyim. Bu kompliman de\u011fil size, moralinizi y\u00fckseltmek de\u011fil. Ger\u00e7ekleri konu\u015fuyoruz&#8221; ifadelerini kulland\u0131.<\/p>\n<p>&#8220;Vatanda\u015f\u0131m; &#8216;MESK\u0130 bir harika&#8217; dedi\u011fi zaman \u00e7ok mutlu oluyorum&#8221;<br \/>\nZaman zaman sahaya \u00e7\u0131karak, pazara ve k\u00f6ylere gitti\u011fini, sokakta esnaf gezdi\u011fini aktaran Ba\u015fkan Se\u00e7er, &#8220;Vatanda\u015f\u0131m\u0131n bana \u00f6zellikle; &#8216;Sizden \u00e7ok memnunuz Ba\u015fkan\u0131m. Hele hele MESK\u0130 bir harika&#8217; dedi\u011fi zaman, inan\u0131n \u00e7ok mutlu oluyorum. Hem sizin ad\u0131n\u0131za hem belediyem ad\u0131na mutlu oluyorum. Hem de kendim ad\u0131ma do\u011fru i\u015fler yapt\u0131\u011f\u0131m i\u00e7in. Onun i\u00e7in sizlere te\u015fekk\u00fcr ediyorum.&#8221; diye belirtti.<\/p>\n<p>&#8220;Siyaset hayat\u0131n ta kendisi&#8221;<br \/>\nBu \u00fclkenin bir evlad\u0131 olduklar\u0131n\u0131 kaydeden Ba\u015fkan Se\u00e7er, siyasetin bir toplumun, bir \u00fclkenin gelece\u011fini belirleyen en \u00f6nemli unsurlardan birisi oldu\u011funa dikkat \u00e7ekerek &#8220;Fikirlerinizi s\u00f6ylemekte \u00f6zg\u00fcrs\u00fcn\u00fcz; benim oldu\u011fum gibi. Siyasetsiz bir insan olmaz, siyaset hayat\u0131n ta kendisi. Hayat\u0131 \u015fekillendiren, bir toplumun, bir \u00fclkenin gelece\u011fini belirleyen siyasettir. Onun i\u00e7in &#8216;aman siyasete dokunmay\u0131n, siyaset yapmay\u0131n&#8217; diyemem. Ama d\u00fcnya g\u00f6r\u00fc\u015f\u00fcn\u00fcz\u00fc, siyasi anlay\u0131\u015f\u0131n\u0131z\u0131 bir militan h\u00fcviyetiyle ve edas\u0131yla ya\u015fad\u0131\u011f\u0131n\u0131z \u00e7evreye, i\u015finize, a\u015f\u0131n\u0131za, ekme\u011finize kar\u0131\u015ft\u0131rmay\u0131n. Elbette ayr\u0131 d\u00fc\u015f\u00fcneceksiniz. Farkl\u0131 g\u00f6r\u00fc\u015fler olacak. Ama temel unsur; \u00fclke, millet,  85 milyon insan, 800 bin kilometrekare T\u00fcrkiye Cumhuriyeti Devleti&#8221; dedi.<\/p>\n<p>&#8220;Oy u\u011fruna insanlar\u0131n hassasiyetlerine dokunmak siyaset de\u011fildir&#8221;<br \/>\n\u00c7al\u0131\u015fanlara, siyasilere \u00e7ok kulak kabartmamalar\u0131 gerekti\u011fini de s\u00f6yleyen Ba\u015fkan Se\u00e7er, &#8220;Oy u\u011fruna insanlar\u0131n hassasiyetlerine dokunmak siyaset de\u011fildir. \u0130nsan\u0131n dini itikad\u0131na, milliyetine, milliyet\u00e7ili\u011fine, mezhebine, mezhep\u00e7ili\u011fine dokunarak oy dev\u015firmek siyasi ahlaka s\u0131\u011fmaz. B\u0131rak\u0131n siyasi ahlak\u0131, insanl\u0131\u011fa s\u0131\u011fmaz. Hepimiz karde\u015fiz. Mezhebi, me\u015frebi, dini ne olursa olsun, T\u00fcrkiye Cumhuriyeti kimli\u011fiyle biz bu \u00fclkenin \u00e7ok daha ileri gitmesi i\u00e7in hep beraber gayret edece\u011fiz. Hepinizin oldu\u011fu gibi, benim de \u00e7olu\u011fum \u00e7ocu\u011fum var. Ben de \u00e7ocuklar\u0131m\u0131n daha \u00e7a\u011fda\u015f, daha g\u00fcven i\u00e7inde, daha huzurlu bir \u00fclkede ya\u015famas\u0131n\u0131 istiyorum. Hepimizin ortak gayesi bu&#8221; ifadelerine yer verdi.<\/p>\n<p>&#8220;Ben soka\u011fa rahat \u00e7\u0131k\u0131yorum, o bana yetiyor&#8221;<br \/>\n1 y\u0131l sonra yerel se\u00e7im oldu\u011funu s\u00f6zlerine ekleyen Ba\u015fkan Se\u00e7er, bu konuda hi\u00e7bir endi\u015fesi olmad\u0131\u011f\u0131n\u0131 da belirterek, &#8220;Hi\u00e7bir \u015fekilde; &#8216;Aman bu se\u00e7im de nas\u0131l olacak, in\u015fallah se\u00e7imi kaybetmeyiz&#8217; endi\u015fesi ta\u015f\u0131m\u0131yorum. \u00c7\u00fcnk\u00fc ben soka\u011fa, pazara, k\u00f6ylere, mahallelere rahat gidiyorum. \u00c7\u00fcnk\u00fc sizlerin sayesinde, Allah kat\u0131nda da \u00e7ok m\u00fcsterihim, vicdan\u0131m tertemiz, \u00e7ok rahat. Herkese; parti, siyaset, oy demeden adaletli hizmet g\u00f6t\u00fcrd\u00fck. Bu y\u00f6nden de \u00e7ok m\u00fcsterihiz&#8221; dedi.<\/p>\n<p>&#8220;Mersin Belediyesi T\u00fcrkiye&#8217;nin en stratejik \u015fehrinin belediyesi&#8221;<br \/>\nSe\u00e7er, MESK\u0130 Genel M\u00fcd\u00fcrl\u00fc\u011f\u00fc personeli ile bayramla\u015fmas\u0131n\u0131n ard\u0131ndan, Ba\u015fkanl\u0131k Makam\u0131&#8217;nda da Ta\u015f Bina&#8217;da g\u00f6rev yapan personel ile bayramla\u015ft\u0131. Ad\u0131ndan Makine \u0130kmal Bak\u0131m ve Onar\u0131m Dairesi Ba\u015fkanl\u0131\u011f\u0131&#8217;na ge\u00e7en Ba\u015fkan Se\u00e7er burada da Mersin B\u00fcy\u00fck\u015fehir Belediyesi personeli ile bir araya gelerek, personelin bayram\u0131n\u0131 kutlad\u0131.<\/p>\n<p>Bayramlar\u0131n bir araya gelmek i\u00e7in g\u00fczel bir vesile oldu\u011funu s\u00f6yleyen Ba\u015fkan Se\u00e7er, &#8220;4 y\u0131ld\u0131r pandemiden ekonomik krize, hakk\u0131m\u0131zda y\u00fcr\u00fct\u00fclen soru\u015fturmalardan kurulan tuzaklara, do\u011fal afetlere, orman yang\u0131nlar\u0131na, depremlere kadar bir\u00e7ok olumsuzluklar ya\u015fad\u0131k. Ama g\u00fc\u00e7l\u00fc direk y\u0131k\u0131lmaz. Do\u011fru direk y\u0131k\u0131lmaz. Biz hem g\u00fc\u00e7l\u00fcy\u00fcz hem do\u011fruyuz, kendimizden eminiz. Emin ad\u0131mlarla da y\u00fcr\u00fcyoruz, y\u00fcr\u00fcyece\u011fiz. \u00c7ok b\u00fcy\u00fck bir aileyiz. Mersin B\u00fcy\u00fck\u015fehir Belediyesi T\u00fcrkiye&#8217;nin en stratejik \u015fehrinin belediyesidir. Co\u011frafi ve politik a\u00e7\u0131dan T\u00fcrkiye&#8217;nin hem i\u00e7 hem d\u0131\u015f g\u00fcvenli\u011fi a\u00e7\u0131s\u0131ndan \u00e7ok \u00f6nemli bir \u015fehir&#8221; dedi.<\/p>\n<p>&#8220;Beraber yol y\u00fcr\u00fcd\u00fc\u011f\u00fcm mesai arkada\u015flar\u0131m\u0131 politik bir kimlik olarak g\u00f6rm\u00fcyorum&#8221;<br \/>\nResmi n\u00fcfusla, hizmet edilen n\u00fcfusun aras\u0131nda fark oldu\u011funu s\u00f6zlerine ekleyen Ba\u015fkan Se\u00e7er, &#8220;Referans olarak kaynak aktar\u0131lan n\u00fcfusumuzla hizmet etti\u011fimiz n\u00fcfus aras\u0131nda yakla\u015f\u0131k y\u00fczde 30 fark var. Bu da \u00e7ok \u00f6nemli ve ciddi bir ayr\u0131nt\u0131. Yani size sa\u011flanan 10 birimlik bir g\u00fc\u00e7le 13 birime hizmet ediyorsunuz. B\u00f6yle bir g\u00f6rev yap\u0131m\u0131z var. Belediye ve ba\u011fl\u0131 kurulu\u015flar\u0131, toplam 11 bin mesai arkada\u015f\u0131mla 2.6 milyona hizmet ediyor. Ben hepinizi mesai arkada\u015f\u0131m olarak g\u00f6r\u00fcyorum. Ben bir siyasiyim. Cumhuriyet Halk Partisi&#8217;nin belediye ba\u015fkan\u0131y\u0131m ama benimle beraber halk\u0131ma hizmet eden insanlar\u0131 politik kimlik olarak g\u00f6rm\u00fcyorum. Bu anlay\u0131\u015f\u0131 da reddediyorum&#8221; diye konu\u015ftu.<\/p>\n<p>Kamunun da personelin de hakk\u0131n\u0131 korumak zorunda oldu\u011funa dikkat \u00e7eken Ba\u015fkan Se\u00e7er, &#8220;Herkes burada \u00e7ocu\u011funa r\u0131z\u0131k g\u00f6t\u00fcrmek i\u00e7in \u00e7al\u0131\u015f\u0131yor, bir emek veriyor, al\u0131n teri d\u00f6k\u00fcyor. Onun kar\u015f\u0131l\u0131\u011f\u0131nda kamudan aktar\u0131lan kaynaklardan maa\u015f al\u0131yor. Ben kamunun da, kamuya hizmet eden sizlerin de hakk\u0131n\u0131 korumak zorunday\u0131m. Size verdi\u011fimiz maa\u015f, sizin bize \u00f6dedi\u011finiz vergiler. Sizin paran\u0131z\u0131 size veriyorum. Adaleti sa\u011flamak i\u00e7in halk taraf\u0131ndan se\u00e7ilmi\u015f bir arac\u0131y\u0131m. Ben hakkaniyetli olmak, haks\u0131zl\u0131kla m\u00fccadele etmek zorunday\u0131m. Benim i\u00e7in bunu sa\u011flamad\u0131\u011f\u0131m noktada o koltu\u011fun de\u011feri yoktur. E\u011fer T\u00fcrkiye Cumhuriyeti&#8217;ni de bu anlay\u0131\u015fla y\u00f6netti\u011fimiz takdirde emin olun T\u00fcrkiye g\u0131pta etti\u011fimiz \u00fclkeler seviyesine gelir&#8221; ifadelerini kulland\u0131.<\/p>\n<p>&#8220;Mersin&#8217;de insanlar son 4 y\u0131lda kendini daha \u00f6zg\u00fcr hissetmeye ba\u015flad\u0131&#8221;<br \/>\nMersin&#8217;in ya\u015fad\u0131\u011f\u0131 de\u011fi\u015fimle g\u0131pta edilen bir \u015fehir konumuna geldi\u011fini belirten Ba\u015fkan Se\u00e7er, &#8220;Hi\u00e7 kimse haset yapmas\u0131n. G\u00fcne\u015f bal\u00e7\u0131kla s\u0131vanmaz. Ben herkesle g\u00f6r\u00fc\u015f\u00fcyorum, konu\u015fuyorum. Herkes, Mersin&#8217;in bir de\u011fi\u015fime ve d\u00f6n\u00fc\u015f\u00fcme u\u011frad\u0131\u011f\u0131n\u0131 s\u00f6yl\u00fcyor. Mersin&#8217;de insanlar son 4 y\u0131lda kendini daha \u00f6zg\u00fcr hissetmeye ba\u015flad\u0131. Art\u0131k kimli\u011fini daha a\u00e7\u0131k sergilemeye ba\u015flad\u0131. Bu tesad\u00fcfle olmad\u0131. Bu Mersin&#8217;de bir anlay\u0131\u015f de\u011fi\u015fikli\u011fi ile oldu&#8221; \u015feklinde konu\u015ftu.<\/p>\n<p>&#8220;Biz herkesi kucaklayaca\u011f\u0131z, bizim anlay\u0131\u015f\u0131m\u0131z bu&#8221;<br \/>\nMersin&#8217;in g\u00f6\u00e7lerle b\u00fcy\u00fcm\u00fc\u015f bir kent oldu\u011funu, Mersin B\u00fcy\u00fck\u015fehir Belediyesi&#8217;nde de Anadolu&#8217;nun bir\u00e7ok b\u00f6lgesinden gelen personelin hizmet verdi\u011fini ifade eden Ba\u015fkan Se\u00e7er, &#8220;Mersin T\u00fcrkiye&#8217;yi temsil ediyor. Biz herkesi kucaklayaca\u011f\u0131z, bizim anlay\u0131\u015f\u0131m\u0131z bu. Mersin B\u00fcy\u00fck\u015fehir Belediyesi&#8217;nde ve ba\u011fl\u0131 kurulu\u015flar\u0131nda en y\u00fcksek mertebeden, en alt stat\u00fcde \u00e7al\u0131\u015fan karde\u015fime kadar 11 bin \u00e7al\u0131\u015fana, Mersin halk\u0131 ad\u0131na te\u015fekk\u00fcr ediyorum. Ben sizlerin ne yapt\u0131\u011f\u0131n\u0131 soka\u011fa \u00e7\u0131kt\u0131\u011f\u0131m zaman vatanda\u015f\u0131mdan g\u00f6r\u00fcyorum. Vatanda\u015f\u0131m\u0131n bana tavr\u0131ndan, sizin onlara nas\u0131l muamele etti\u011finizi g\u00f6r\u00fcyorum. Onlar\u0131n bana hitab\u0131ndan, benimle kurdu\u011fu g\u00f6n\u00fcl ba\u011f\u0131ndan, sizin onlara ne kadar \u015fefkatli, insani davrand\u0131\u011f\u0131n\u0131z\u0131 g\u00f6r\u00fcyorum. Onun i\u00e7in size beni mahcup etmedi\u011finiz i\u00e7in te\u015fekk\u00fcr ediyorum. 4 y\u0131l boyunca vatanda\u015flar kar\u015f\u0131s\u0131nda soka\u011fa \u00e7\u0131kt\u0131\u011f\u0131m zaman ba\u015f\u0131m dik, aln\u0131m a\u00e7\u0131k y\u00fcr\u00fcme f\u0131rsat\u0131 verdi\u011finiz i\u00e7in sizlere te\u015fekk\u00fcr ediyorum&#8221; dedi.<\/p>\n<p>&#8220;Belediyecilik siyaset \u00fcst\u00fc bir anlay\u0131\u015f gerektirir&#8221;<br \/>\nBa\u015fkan Se\u00e7er, vatanda\u015flara hizmet g\u00f6t\u00fcr\u00fcrken siyasi ayr\u0131mc\u0131l\u0131k yap\u0131lmad\u0131\u011f\u0131n\u0131n alt\u0131n\u0131 \u00e7izerek, &#8220;Belediyecilik siyaset \u00fcst\u00fc bir anlay\u0131\u015f gerektirir. Evde bak\u0131ma ihtiyac\u0131 olan bir kad\u0131n\u0131n,  karn\u0131ndaki bebe\u011fe s\u00fct isteyen bir anan\u0131n, engelli \u00e7ocu\u011funa ara\u00e7 isteyen annenin, baban\u0131n siyaseti olmaz. Bunlara siyaset \u00fcst\u00fc bakmam\u0131z laz\u0131m. Hepimiz bu anlay\u0131\u015fta oldu\u011fumuz zaman hi\u00e7bir sorun kalmaz. Mesai arkada\u015flar\u0131m kendilerini rahat hissetsin. Belediye Ba\u015fkan\u0131n\u0131z olarak vatanda\u015f\u0131ma hakk\u0131yla hizmet eden, kurumumuzu y\u00fccelten her karde\u015fim benim korumam alt\u0131ndad\u0131r. E\u011fer ki bir siyasi parti mensubu gibi partilerin ve siyasilerin pe\u015finden ko\u015fan kamuda \u00e7al\u0131\u015fan b\u00fcrokratlar\u0131 ele\u015ftiriyorsam, ben belediyemde bunun yap\u0131lmas\u0131na izin vermem&#8221; dedi.<\/p>\n<p>&#8220;Halkta memnuniyetimiz \u00e7ok fazla&#8221;<br \/>\nMersin B\u00fcy\u00fck\u015fehir Belediyesi olarak 4 y\u0131l\u0131 gayet g\u00fczel ge\u00e7irdiklerinden s\u00f6z eden Ba\u015fkan Se\u00e7er, &#8220;Halkta memnuniyetimiz \u00e7ok fazla. Bu bizi mutlu ediyor, motive ediyor ve bize enerji veriyor. 1 y\u0131l sonra yerel se\u00e7imler var. 1 y\u0131ll\u0131k g\u00f6rev s\u00fcremiz boyunca, 4 y\u0131ll\u0131k birikimimizden elde etti\u011fimiz kazan\u0131mlarla \u00e7ok daha g\u00fczel hizmetler yapaca\u011f\u0131z&#8221; dedi.<\/p>\n<p>&#8220;Bu halk bu \u00fclkeyi tekrar ray\u0131na oturtacak&#8221;<br \/>\n14 May\u0131s se\u00e7imlerinin T\u00fcrk siyasi ya\u015fam\u0131n\u0131n \u00e7ok partili d\u00f6neminin en \u00f6nemli se\u00e7imi oldu\u011funu da kaydeden Ba\u015fkan Se\u00e7er, &#8220;Sand\u0131kta muhasebe yap\u0131l\u0131r. Yanl\u0131\u015f\u0131n devam etme imk\u00e2n\u0131 yoktur, bir yerde sona erer. Mahkeme de kad\u0131ya m\u00fclk de\u011fildir. Her \u015feyin bir sonu vard\u0131r. Sonu geldi\u011fi zaman kimse buna engel olamaz. Ben milletimin ferasetine g\u00fcveniyorum. Ge\u00e7mi\u015f se\u00e7imler bunun en b\u00fcy\u00fck g\u00f6stergesidir. Benim milletim ne yapaca\u011f\u0131n\u0131 bilir. T\u00fcrkiye&#8217;de ray\u0131ndan \u00e7\u0131km\u0131\u015f bir sorun varsa, bir sistem sorunu ya\u015fan\u0131yorsa, bu halk bu \u00fclkeyi tekrar ray\u0131na oturtacak. Bizim 700 y\u0131ll\u0131k birikimimiz, devlet gelene\u011fimiz ve g\u00f6rene\u011fimiz var. 1 bu\u00e7uk as\u0131rl\u0131k demokrasi deneyimimiz var. Kendi i\u00e7imizde millet olarak bunu \u00e7\u00f6zecek yetideyiz ve buna can\u0131 g\u00f6n\u00fclden inan\u0131yorum&#8221; diye konu\u015ftu.<\/p>\n<p>Ba\u015fkan Se\u00e7er, bayram\u0131n ilk g\u00fcn\u00fcnde deprem b\u00f6lgesinde olacak<br \/>\nB\u00fcy\u00fck bir aile olduklar\u0131n\u0131 yineleyerek, bu ailenin de her g\u00fcn g\u00fc\u00e7lenerek b\u00fcy\u00fcyece\u011fini \u00f6ng\u00f6rd\u00fc\u011f\u00fcn\u00fc ifade eden Ba\u015fkan Se\u00e7er, &#8220;Bayram\u0131n ilk g\u00fcn\u00fc ben deprem b\u00f6lgesinde olaca\u011f\u0131m. Bayram\u0131 orada kar\u015f\u0131layaca\u011f\u0131z. Daha sonra tekrar Mersin&#8217;e d\u00f6nece\u011fiz. Halk\u0131m\u0131z\u0131n huzurlu bir bayram ge\u00e7irmesini, \u00fczerimize d\u00fc\u015fen g\u00f6revleri de tam anlam\u0131yla yapabilece\u011fimizden en k\u00fc\u00e7\u00fck bir endi\u015fem yok. Bu bayram\u0131n ba\u015fta \u00fclkemize ve t\u00fcm insanl\u0131\u011fa huzur, karde\u015flik getirmesini, ac\u0131lar\u0131n bitmesini diliyorum&#8221; dedi. Ba\u015fkan Se\u00e7er konu\u015fmalar\u0131n\u0131n ard\u0131ndan MESK\u0130 ve B\u00fcy\u00fck\u015fehir Belediyesi personeli ile tek tek selamla\u015f\u0131p, el s\u0131k\u0131\u015farak bayramlar\u0131n\u0131 kutlad\u0131.<\/p>\n","protected":false},"excerpt":{"rendered":"<p>Mersin B\u00fcy\u00fck\u015fehir Belediye Ba\u015fkan\u0131 Vahap Se\u00e7er, yakla\u015fan Ramazan Bayram\u0131 \u00f6ncesinde Mersin B\u00fcy\u00fck\u015fehir Belediyesi Mersin Su ve Kanalizasyon \u0130daresi (MESK\u0130) Genel M\u00fcd\u00fcrl\u00fc\u011f\u00fc ve Mersin B\u00fcy\u00fck\u015fehir Belediyesi personeli ile bir araya gelerek, &hellip; <a href=\"https:\/\/akdenizolaygazetesi.com\/?p=25307\" class=\"more-link\">Devam\u0131n\u0131 Oku&#8230;<\/a><\/p>\n","protected":false},"author":2,"featured_media":25308,"comment_status":"open","ping_status":"open","sticky":false,"template":"","format":"standard","meta":[],"categories":[2,3],"tags":[],"_links":{"self":[{"href":"https:\/\/akdenizolaygazetesi.com\/index.php?rest_route=\/wp\/v2\/posts\/25307"}],"collection":[{"href":"https:\/\/akdenizolaygazetesi.com\/index.php?rest_route=\/wp\/v2\/posts"}],"about":[{"href":"https:\/\/akdenizolaygazetesi.com\/index.php?rest_route=\/wp\/v2\/types\/post"}],"author":[{"embeddable":true,"href":"https:\/\/akdenizolaygazetesi.com\/index.php?rest_route=\/wp\/v2\/users\/2"}],"replies":[{"embeddable":true,"href":"https:\/\/akdenizolaygazetesi.com\/index.php?rest_route=%2Fwp%2Fv2%2Fcomments&post=25307"}],"version-history":[{"count":1,"href":"https:\/\/akdenizolaygazetesi.com\/index.php?rest_route=\/wp\/v2\/posts\/25307\/revisions"}],"predecessor-version":[{"id":25309,"href":"https:\/\/akdenizolaygazetesi.com\/index.php?rest_route=\/wp\/v2\/posts\/25307\/revisions\/25309"}],"wp:featuredmedia":[{"embeddable":true,"href":"https:\/\/akdenizolaygazetesi.com\/index.php?rest_route=\/wp\/v2\/media\/25308"}],"wp:attachment":[{"href":"https:\/\/akdenizolaygazetesi.com\/index.php?rest_route=%2Fwp%2Fv2%2Fmedia&parent=25307"}],"wp:term":[{"taxonomy":"category","embeddable":true,"href":"https:\/\/akdenizolaygazetesi.com\/index.php?rest_route=%2Fwp%2Fv2%2Fcategories&post=25307"},{"taxonomy":"post_tag","embeddable":true,"href":"https:\/\/akdenizolaygazetesi.com\/index.php?rest_route=%2Fwp%2Fv2%2Ftags&post=25307"}],"curies":[{"name":"wp","href":"https:\/\/api.w.org\/{rel}","templated":true}]}}