{"id":25313,"date":"2023-04-20T17:54:47","date_gmt":"2023-04-20T14:54:47","guid":{"rendered":"http:\/\/akdenizolaygazetesi.com\/?p=25313"},"modified":"2023-04-20T17:54:47","modified_gmt":"2023-04-20T14:54:47","slug":"baskan-gultak-ramazan-bayramini-kutladi","status":"publish","type":"post","link":"https:\/\/akdenizolaygazetesi.com\/?p=25313","title":{"rendered":"BA\u015eKAN G\u00dcLTAK, RAMAZAN BAYRAMI\u2019NI KUTLADI"},"content":{"rendered":"<p>Akdeniz Belediye Ba\u015fkan\u0131 M. Mustafa G\u00fcltak, yay\u0131nlad\u0131\u011f\u0131 yaz\u0131l\u0131 mesaj\u0131nda \u0130slam \u00c2leminin ve Mersinlilerin Ramazan Bayram\u0131\u2019n\u0131 tebrik etti. Ba\u015fkan G\u00fcltak, belediye personeli ile de bayramla\u015ft\u0131.<br \/>\nBa\u015fkan G\u00fcltak, belediye hizmet binas\u0131 giri\u015findeki parkta d\u00fczenlenen merasimde Ba\u015fkan yard\u0131mc\u0131lar\u0131, Meclis \u00fcyeleri ve birim m\u00fcd\u00fcrleri ile birlikte, kurum personeli ile bayramla\u015f\u0131p \u015feker ve kolonya ikram etti. Bayram nedeniyle de yapt\u0131\u011f\u0131 a\u00e7\u0131klamada Ba\u015fkan G\u00fcltak; \u201cBizleri derin ac\u0131lara bo\u011fan bin y\u0131l\u0131n deprem felaketi nedeniyle bu y\u0131l Ramazan Bayram\u0131m\u0131z\u0131 buruk kutluyoruz. Asr\u0131n felaketinde hayat\u0131n\u0131 kaybeden t\u00fcm insanlar\u0131m\u0131za bir kez daha Allah\u2019tan rahmet, yaral\u0131lara acil \u015fifa, geride kalanlara sonsuz sab\u0131rlar diliyorum\u201d dedi.<br \/>\n\u201cYaralar\u0131m\u0131z\u0131 birlikte saraca\u011f\u0131z, bu zorlu g\u00fcnleri a\u015faca\u011f\u0131z\u201d<br \/>\nMesaj\u0131nda, \u201cBiz b\u00fcy\u00fck bir devlet, g\u00fc\u00e7l\u00fc bir milletiz. Yaralar\u0131m\u0131z\u0131 ve ac\u0131lar\u0131m\u0131z\u0131 sar\u0131p, bu zorlu g\u00fcnleri de ge\u00e7mi\u015fte oldu\u011fu gibi yine hep birlikte atlataca\u011f\u0131z\u201d diyen Ba\u015fkan G\u00fcltak, \u201c\u00dclkemizde ve d\u00fcnyada bu t\u00fcr b\u00fcy\u00fck felaketlerin ve b\u00f6ylesi derin ac\u0131lar\u0131n bir daha asla ya\u015fanmamas\u0131n\u0131 temenni ediyorum. Bu duygularla; daha nice bayramlarda, sa\u011fl\u0131k, huzur ve mutlulukla yeniden bir arada olmay\u0131 diliyorum. Mersinli hem\u015ferilerimizin ve b\u00fct\u00fcn \u0130slam \u00c2leminin m\u00fcbarek Ramazan Bayram\u0131\u2019n\u0131 tebrik ediyor; sevgi ve sayg\u0131lar\u0131m\u0131 sunuyorum\u201d ifadelerini kulland\u0131.<\/p>\n","protected":false},"excerpt":{"rendered":"<p>Akdeniz Belediye Ba\u015fkan\u0131 M. Mustafa G\u00fcltak, yay\u0131nlad\u0131\u011f\u0131 yaz\u0131l\u0131 mesaj\u0131nda \u0130slam \u00c2leminin ve Mersinlilerin Ramazan Bayram\u0131\u2019n\u0131 tebrik etti. Ba\u015fkan G\u00fcltak, belediye personeli ile de bayramla\u015ft\u0131. Ba\u015fkan G\u00fcltak, belediye hizmet binas\u0131 giri\u015findeki &hellip; <a href=\"https:\/\/akdenizolaygazetesi.com\/?p=25313\" class=\"more-link\">Devam\u0131n\u0131 Oku&#8230;<\/a><\/p>\n","protected":false},"author":2,"featured_media":25314,"comment_status":"open","ping_status":"open","sticky":false,"template":"","format":"standard","meta":[],"categories":[2,3],"tags":[],"_links":{"self":[{"href":"https:\/\/akdenizolaygazetesi.com\/index.php?rest_route=\/wp\/v2\/posts\/25313"}],"collection":[{"href":"https:\/\/akdenizolaygazetesi.com\/index.php?rest_route=\/wp\/v2\/posts"}],"about":[{"href":"https:\/\/akdenizolaygazetesi.com\/index.php?rest_route=\/wp\/v2\/types\/post"}],"author":[{"embeddable":true,"href":"https:\/\/akdenizolaygazetesi.com\/index.php?rest_route=\/wp\/v2\/users\/2"}],"replies":[{"embeddable":true,"href":"https:\/\/akdenizolaygazetesi.com\/index.php?rest_route=%2Fwp%2Fv2%2Fcomments&post=25313"}],"version-history":[{"count":1,"href":"https:\/\/akdenizolaygazetesi.com\/index.php?rest_route=\/wp\/v2\/posts\/25313\/revisions"}],"predecessor-version":[{"id":25315,"href":"https:\/\/akdenizolaygazetesi.com\/index.php?rest_route=\/wp\/v2\/posts\/25313\/revisions\/25315"}],"wp:featuredmedia":[{"embeddable":true,"href":"https:\/\/akdenizolaygazetesi.com\/index.php?rest_route=\/wp\/v2\/media\/25314"}],"wp:attachment":[{"href":"https:\/\/akdenizolaygazetesi.com\/index.php?rest_route=%2Fwp%2Fv2%2Fmedia&parent=25313"}],"wp:term":[{"taxonomy":"category","embeddable":true,"href":"https:\/\/akdenizolaygazetesi.com\/index.php?rest_route=%2Fwp%2Fv2%2Fcategories&post=25313"},{"taxonomy":"post_tag","embeddable":true,"href":"https:\/\/akdenizolaygazetesi.com\/index.php?rest_route=%2Fwp%2Fv2%2Ftags&post=25313"}],"curies":[{"name":"wp","href":"https:\/\/api.w.org\/{rel}","templated":true}]}}