{"id":25316,"date":"2023-04-20T17:56:18","date_gmt":"2023-04-20T14:56:18","guid":{"rendered":"http:\/\/akdenizolaygazetesi.com\/?p=25316"},"modified":"2023-04-20T17:56:18","modified_gmt":"2023-04-20T14:56:18","slug":"toroslar-cocuk-senligi-coskuyla-devam-ediyor","status":"publish","type":"post","link":"https:\/\/akdenizolaygazetesi.com\/?p=25316","title":{"rendered":"&#8220;TOROSLAR \u00c7OCUK \u015eENL\u0130\u011e\u0130 CO\u015eKUYLA DEVAM ED\u0130YOR&#8221;"},"content":{"rendered":"<p>Mersin&#8217;in merkez il\u00e7esi Toroslar Belediyesinin, \u00e7ocuklara ara tatil s\u00fcrprizi olarak d\u00fczenledi\u011fi ve 23 Nisan Ulusal Egemenlik ve \u00c7ocuk Bayram\u0131&#8217;na kadar s\u00fcrecek &#8220;Toroslar \u00c7ocuk \u015eenli\u011fi&#8221; b\u00fcy\u00fck ilgi g\u00f6r\u00fcyor.<\/p>\n<p>Ekranlar\u0131n sevilen animasyon \u00e7izgi dizi karakterleri ve e\u011flenceli aktivitelerle bulu\u015fman\u0131n heyecan\u0131n\u0131 ya\u015fayan \u00e7ocuklar\u0131 Toroslar Belediye Ba\u015fkan\u0131 Ats\u0131z Af\u015f\u0131n Y\u0131lmaz da yaln\u0131z b\u0131rakmad\u0131. \u00c7ocuklar\u0131n sevgi g\u00f6sterileri ile kar\u015f\u0131lad\u0131\u011f\u0131 Ba\u015fkan Y\u0131lmaz, onlar\u0131n e\u011flencesine ortak oldu.<\/p>\n<p>Toroslar&#8217;\u0131n yan\u0131 s\u0131ra kentin t\u00fcm il\u00e7elerinden binlerce \u00e7ocu\u011fun aileleriyle birlikte kat\u0131ld\u0131\u011f\u0131 \u015fenlik, co\u015fkuyla devam ediyor.  \u00c7ocuklar, \u00e7izgi dizi kahramanlar\u0131n\u0131n g\u00f6sterilerini izlemenin yan\u0131 s\u0131ra \u015fi\u015fme oyun gruplar\u0131, animat\u00f6rler, y\u00fcz boyama ve uzay g\u00f6zlemevi gibi birbirinden e\u011flenceli aktivitelere de kat\u0131l\u0131yor.<\/p>\n<p>Yunus Emre K\u00fclt\u00fcr Merkezi&#8217;nde d\u00fczenlenen \u015fenli\u011fin ilk \u00fc\u00e7 g\u00fcn\u00fcnde ekranlar\u0131n sevilen \u00e7izgi dizi karakterleri Rafadan Tayfa, Harika Kanatlar ve Kukuli&#8217;nin g\u00f6sterileri ile bulu\u015fan \u00e7ocuklar\u0131n ne\u015fesi ve mutlulu\u011fu ise g\u00f6r\u00fclmeye de\u011ferdi.<\/p>\n<p>\u00c7ocuklar ve aileleri, Toroslar Belediye Ba\u015fkan\u0131 Ats\u0131z Af\u015f\u0131n Y\u0131lmaz&#8217;a te\u015fekk\u00fcr ederek, masal gibi bir ara tatil d\u00f6nemi ge\u00e7irdiklerini s\u00f6yledi.<\/p>\n<p>&#8220;S\u0130ZLER\u0130 \u00c7OK SEV\u0130YORUZ \u00c7OCUKLAR&#8221;<\/p>\n<p>Ba\u015fkan Y\u0131lmaz, t\u00fcm \u00e7ocuklar\u0131n 23 Nisan Ulusal Egemenlik ve \u00c7ocuk Bayram\u0131&#8217;n\u0131 kutlayarak; &#8220;23 Nisan Ulusal Egemenlik ve \u00c7ocuk Bayram\u0131&#8217;na kadar Yunus Emre K\u00fclt\u00fcr Merkezimizde sizleri her g\u00fcn farkl\u0131 g\u00f6sterilerle bulu\u015fturaca\u011f\u0131z. Sizler \u00e7ok ak\u0131ll\u0131, g\u00fczel ve \u00e7al\u0131\u015fkan \u00e7ocuklars\u0131n\u0131z. Bizler, sizleri \u00e7ok seviyoruz. Hem siz de\u011ferli \u00e7ocuklar\u0131m\u0131z hem de aileleriniz i\u00e7in keyifli, e\u011flenceli ve verimli bir ara tatil olmas\u0131n\u0131 istedik. Amac\u0131m\u0131z, sosyalle\u015fmenizi sa\u011flamak ve bir araya gelerek g\u00fczel ortamlar olu\u015fturmakt\u0131r. Milli de\u011ferlerine ba\u011fl\u0131 ve gelece\u011fe \u00fcmitle bakan nesiller olarak yeti\u015fmeniz i\u00e7in de var g\u00fcc\u00fcm\u00fczle \u00e7al\u0131\u015fmaya devam edece\u011fiz&#8221; dedi.<\/p>\n<p>&#8220;23 N\u0130SAN ULUSAL EGEMENL\u0130K VE \u00c7OCUK BAYRAMINIZ KUTLU OLSUN&#8221;<\/p>\n<p>23 Nisan Ulusal Egemenlik ve \u00c7ocuk Bayram\u0131&#8217;n\u0131 bu y\u0131l da b\u00fcy\u00fck bir co\u015fku ile birlik ve beraberlik i\u00e7inde kutlayacaklar\u0131n\u0131 s\u00f6yleyen Ba\u015fkan Y\u0131lmaz; &#8220;Sevgili \u00e7ocuklar; Cumhuriyetimizin kurucusu Gazi Mustafa Kemal Atat\u00fcrk, milli egemenli\u011fimizin simgesi olan T\u00fcrkiye B\u00fcy\u00fck Millet Meclisimizin kurulu\u015f g\u00fcn\u00fcn\u00fc, egemenli\u011fimizi sonsuza dek koruyacak olan sizlere arma\u011fan etti. Sizler, her \u015feyin en iyisine, en g\u00fczeline lay\u0131ks\u0131n\u0131z. Sizlerin y\u00fczleri g\u00fcl\u00fcnce biz de mutlu oluyoruz. Sizlere g\u00fcvenimiz tam. 23 Nisan Ulusal Egemenlik ve \u00c7ocuk Bayram\u0131n\u0131z kutlu olsun&#8221; \u015feklinde konu\u015ftu.<\/p>\n<p>Toroslar \u00c7ocuk \u015eenli\u011fi, 21 Nisan Cuma Kelo\u011flan, 22 Nisan Cumartesi Niloya ile devam edecek.<\/p>\n<p>\u015eenlik, 23 Nisan Pazar g\u00fcn\u00fc Ulusal Egemenlik ve \u00c7ocuk Bayram\u0131&#8217;n\u0131n ve T\u00fcrkiye B\u00fcy\u00fck Millet Meclisi&#8217;nin (TBMM)  kurulu\u015funun 103&#8217;\u00fcnc\u00fc y\u0131l d\u00f6n\u00fcm\u00fcnde Elif&#8217;in D\u00fc\u015fleri g\u00f6sterimi ile son bulacak.<\/p>\n","protected":false},"excerpt":{"rendered":"<p>Mersin&#8217;in merkez il\u00e7esi Toroslar Belediyesinin, \u00e7ocuklara ara tatil s\u00fcrprizi olarak d\u00fczenledi\u011fi ve 23 Nisan Ulusal Egemenlik ve \u00c7ocuk Bayram\u0131&#8217;na kadar s\u00fcrecek &#8220;Toroslar \u00c7ocuk \u015eenli\u011fi&#8221; b\u00fcy\u00fck ilgi g\u00f6r\u00fcyor. Ekranlar\u0131n sevilen animasyon &hellip; <a href=\"https:\/\/akdenizolaygazetesi.com\/?p=25316\" class=\"more-link\">Devam\u0131n\u0131 Oku&#8230;<\/a><\/p>\n","protected":false},"author":2,"featured_media":25317,"comment_status":"open","ping_status":"open","sticky":false,"template":"","format":"standard","meta":[],"categories":[1,2,3],"tags":[],"_links":{"self":[{"href":"https:\/\/akdenizolaygazetesi.com\/index.php?rest_route=\/wp\/v2\/posts\/25316"}],"collection":[{"href":"https:\/\/akdenizolaygazetesi.com\/index.php?rest_route=\/wp\/v2\/posts"}],"about":[{"href":"https:\/\/akdenizolaygazetesi.com\/index.php?rest_route=\/wp\/v2\/types\/post"}],"author":[{"embeddable":true,"href":"https:\/\/akdenizolaygazetesi.com\/index.php?rest_route=\/wp\/v2\/users\/2"}],"replies":[{"embeddable":true,"href":"https:\/\/akdenizolaygazetesi.com\/index.php?rest_route=%2Fwp%2Fv2%2Fcomments&post=25316"}],"version-history":[{"count":1,"href":"https:\/\/akdenizolaygazetesi.com\/index.php?rest_route=\/wp\/v2\/posts\/25316\/revisions"}],"predecessor-version":[{"id":25318,"href":"https:\/\/akdenizolaygazetesi.com\/index.php?rest_route=\/wp\/v2\/posts\/25316\/revisions\/25318"}],"wp:featuredmedia":[{"embeddable":true,"href":"https:\/\/akdenizolaygazetesi.com\/index.php?rest_route=\/wp\/v2\/media\/25317"}],"wp:attachment":[{"href":"https:\/\/akdenizolaygazetesi.com\/index.php?rest_route=%2Fwp%2Fv2%2Fmedia&parent=25316"}],"wp:term":[{"taxonomy":"category","embeddable":true,"href":"https:\/\/akdenizolaygazetesi.com\/index.php?rest_route=%2Fwp%2Fv2%2Fcategories&post=25316"},{"taxonomy":"post_tag","embeddable":true,"href":"https:\/\/akdenizolaygazetesi.com\/index.php?rest_route=%2Fwp%2Fv2%2Ftags&post=25316"}],"curies":[{"name":"wp","href":"https:\/\/api.w.org\/{rel}","templated":true}]}}