{"id":25319,"date":"2023-04-20T17:58:01","date_gmt":"2023-04-20T14:58:01","guid":{"rendered":"http:\/\/akdenizolaygazetesi.com\/?p=25319"},"modified":"2023-04-20T17:58:01","modified_gmt":"2023-04-20T14:58:01","slug":"baskan-abdullah-ozyigit-degirmencaylilarla-iftar-sofrasinda-bulustu","status":"publish","type":"post","link":"https:\/\/akdenizolaygazetesi.com\/?p=25319","title":{"rendered":"Ba\u015fkan Abdullah \u00d6zyi\u011fit, De\u011firmen\u00e7ayl\u0131larla iftar sofras\u0131nda bulu\u015ftu"},"content":{"rendered":"<p>Mersin Yeni\u015fehir Belediye Ba\u015fkan\u0131 Abdullah \u00d6zyi\u011fit, k\u0131rsal mahalle De\u011firmen\u00e7ay\u2019da vatanda\u015flarla iftar sofras\u0131nda bir araya geldi. \u00c7ocuklar\u0131n ve vatanda\u015flar\u0131n bayramlar\u0131n\u0131 da kutlayan Ba\u015fkan \u00d6zyi\u011fit, \u201cSofran\u0131zdan bereket, g\u00f6nl\u00fcn\u00fczden huzur eksik olmas\u0131n\u201d dedi.<br \/>\nMersin Yeni\u015fehir Belediyesi, De\u011firmen\u00e7ay Mahallesi\u2019nde iftar sofras\u0131 kurdu. \u0130ftar program\u0131na Yeni\u015fehir Belediye Ba\u015fkan\u0131 Abdullah \u00d6zyi\u011fit ile birlikte belediye meclis \u00fcyeleri ve \u00e7evre k\u00f6ylerin mahalle muhtarlar\u0131 da kat\u0131ld\u0131. Ba\u015fkan \u00d6zyi\u011fit, iftar sofras\u0131nda De\u011firmen\u00e7ayl\u0131lar ve deprem nedeniyle mahallede konaklayan depremzedelerle bulu\u015ftu. Programda konu\u015fan Ba\u015fkan Abdullah \u00d6zyi\u011fit, \u201c\u0130\u00e7inde bulundu\u011fumuz Ramazan ay\u0131n\u0131n, sizlere, \u00fclkemize, Yeni\u015fehir\u2019imize hay\u0131rlar getirmesini diliyorum. \u0130ki bayram\u0131 birlikte ya\u015fayaca\u011f\u0131z.  Halk\u0131n egemenli\u011fini ve temsiliyetini ifade eden 23 Nisan Ulusal Egemenlik ve \u00c7ocuk Bayram\u0131\u2019n\u0131 kutluyorum.\u00c7ocuklar\u0131m\u0131za bu bayram\u0131 arma\u011fan eden Gazi Mustafa Kemal Atat\u00fcrk ve yol arkada\u015flar\u0131n\u0131 sayg\u0131 ve rahmetle an\u0131yorum. Yar\u0131n Ramazan Bayram\u0131\u2019n\u0131n arifesinde olaca\u011f\u0131z, sevdiklerinizle bir arada g\u00fczel an\u0131lar biriktirece\u011finiz mutlu ve huzurlu bayramlar diliyorum.\u201d dedi.<br \/>\nDepremzedelere kap\u0131lar\u0131n\u0131 a\u00e7an De\u011firmen\u00e7ayl\u0131 vatanda\u015flara te\u015fekk\u00fcr eden Ba\u015fkan \u00d6zyi\u011fit, \u201cDeprem felaketi nedeniyle zor g\u00fcnler ge\u00e7irdik. De\u011firmen\u00e7ay\u2019da 120 depremzede yurtta\u015f\u0131m\u0131z\u0131 bar\u0131nd\u0131rd\u0131\u011f\u0131n\u0131z i\u00e7in her birinize ayr\u0131 ayr\u0131 te\u015fekk\u00fcr ediyorum, y\u00fcre\u011finize sa\u011fl\u0131k. Allah sizden raz\u0131 olsun. Yeni\u015fehir Belediyesi olarak 3 farkl\u0131 ge\u00e7ici bar\u0131nma merkezimizde bine yak\u0131n depremzede karde\u015fimizi a\u011f\u0131rl\u0131yoruz. Hi\u00e7bir gocunmam\u0131z, yak\u0131nmam\u0131z yok g\u00f6r\u00fcyorum ki sizlerin de yok.O kadar iyi kayna\u015ft\u0131\u011f\u0131n\u0131z\u0131 ve o kadar iyi dostluk ve insani ili\u015fki kurmu\u015f oldu\u011funuzu g\u00f6rd\u00fcm ki \u2018i\u015fte T\u00fcrkiye bu dedim.\u2019 \u0130yi ki vars\u0131n\u0131z. Yeni bayramlara in\u015fallah hep beraber kazas\u0131z, belas\u0131z, afetsiz ve salg\u0131ns\u0131z ula\u015fmak dile\u011fiyle. Her \u015fey g\u00f6nl\u00fcn\u00fczce olsun, her \u015fey g\u00fczel olsun.\u201d ifadelerini kulland\u0131.<br \/>\nYeni\u015fehir Belediye Ba\u015fkan\u0131 Abdullah \u00d6zyi\u011fit, vatanda\u015flar\u0131 hafta sonu Servet Tazeg\u00fcl Spor Salonu\u2019nda oynanacak Kad\u0131nlar Basketbol S\u00fcper Ligi final ma\u00e7lar\u0131nda \u00c7BK Mersin Yeni\u015fehir Belediyesini desteklemeye davet etti. <\/p>\n","protected":false},"excerpt":{"rendered":"<p>Mersin Yeni\u015fehir Belediye Ba\u015fkan\u0131 Abdullah \u00d6zyi\u011fit, k\u0131rsal mahalle De\u011firmen\u00e7ay\u2019da vatanda\u015flarla iftar sofras\u0131nda bir araya geldi. \u00c7ocuklar\u0131n ve vatanda\u015flar\u0131n bayramlar\u0131n\u0131 da kutlayan Ba\u015fkan \u00d6zyi\u011fit, \u201cSofran\u0131zdan bereket, g\u00f6nl\u00fcn\u00fczden huzur eksik olmas\u0131n\u201d dedi. &hellip; <a href=\"https:\/\/akdenizolaygazetesi.com\/?p=25319\" class=\"more-link\">Devam\u0131n\u0131 Oku&#8230;<\/a><\/p>\n","protected":false},"author":2,"featured_media":25320,"comment_status":"open","ping_status":"open","sticky":false,"template":"","format":"standard","meta":[],"categories":[34,1,2,3],"tags":[],"_links":{"self":[{"href":"https:\/\/akdenizolaygazetesi.com\/index.php?rest_route=\/wp\/v2\/posts\/25319"}],"collection":[{"href":"https:\/\/akdenizolaygazetesi.com\/index.php?rest_route=\/wp\/v2\/posts"}],"about":[{"href":"https:\/\/akdenizolaygazetesi.com\/index.php?rest_route=\/wp\/v2\/types\/post"}],"author":[{"embeddable":true,"href":"https:\/\/akdenizolaygazetesi.com\/index.php?rest_route=\/wp\/v2\/users\/2"}],"replies":[{"embeddable":true,"href":"https:\/\/akdenizolaygazetesi.com\/index.php?rest_route=%2Fwp%2Fv2%2Fcomments&post=25319"}],"version-history":[{"count":1,"href":"https:\/\/akdenizolaygazetesi.com\/index.php?rest_route=\/wp\/v2\/posts\/25319\/revisions"}],"predecessor-version":[{"id":25321,"href":"https:\/\/akdenizolaygazetesi.com\/index.php?rest_route=\/wp\/v2\/posts\/25319\/revisions\/25321"}],"wp:featuredmedia":[{"embeddable":true,"href":"https:\/\/akdenizolaygazetesi.com\/index.php?rest_route=\/wp\/v2\/media\/25320"}],"wp:attachment":[{"href":"https:\/\/akdenizolaygazetesi.com\/index.php?rest_route=%2Fwp%2Fv2%2Fmedia&parent=25319"}],"wp:term":[{"taxonomy":"category","embeddable":true,"href":"https:\/\/akdenizolaygazetesi.com\/index.php?rest_route=%2Fwp%2Fv2%2Fcategories&post=25319"},{"taxonomy":"post_tag","embeddable":true,"href":"https:\/\/akdenizolaygazetesi.com\/index.php?rest_route=%2Fwp%2Fv2%2Ftags&post=25319"}],"curies":[{"name":"wp","href":"https:\/\/api.w.org\/{rel}","templated":true}]}}