{"id":25322,"date":"2023-04-20T18:00:14","date_gmt":"2023-04-20T15:00:14","guid":{"rendered":"http:\/\/akdenizolaygazetesi.com\/?p=25322"},"modified":"2023-04-20T18:00:14","modified_gmt":"2023-04-20T15:00:14","slug":"akdeniz-zabitasi-ramazan-ayinin-son-gununde-de-denetime-cikti","status":"publish","type":"post","link":"https:\/\/akdenizolaygazetesi.com\/?p=25322","title":{"rendered":"AKDEN\u0130Z ZABITASI RAMAZAN AYININ SON G\u00dcN\u00dcNDE DE DENET\u0130ME \u00c7IKTI"},"content":{"rendered":"<p>Akdeniz Belediyesi Zab\u0131ta M\u00fcd\u00fcrl\u00fc\u011f\u00fc ekipleri, Ramazan ay\u0131n\u0131n son g\u00fcn\u00fcnde de il\u00e7e s\u0131n\u0131rlar\u0131nda faaliyet g\u00f6steren patiseri, pastane, baklava imalathaneleri ile f\u0131r\u0131nlarda hijyen, temizlik ve fiyat-etiket denetimi yapt\u0131. Denetimler s\u0131ras\u0131nda \u00f6zellikle genel hijyen ve temizlik kurallar\u0131na uymayan ve fiyat etiketi olmayan 2 i\u015fyerine yasal i\u015flem yap\u0131larak \u201cbin 295 TL\u201d idari para cezas\u0131 kesildi.<br \/>\nHalk sa\u011fl\u0131\u011f\u0131n\u0131n korunmas\u0131 ve s\u00fcrd\u00fcr\u00fclmesi i\u00e7in 7\/24 hizmet veren Akdeniz Belediyesi Zab\u0131ta M\u00fcd\u00fcrl\u00fc\u011f\u00fc, Ramazan ay\u0131n\u0131n son g\u00fcn\u00fcnde, il\u00e7e s\u0131n\u0131rlar\u0131 i\u00e7inde \u00fcretim ve sat\u0131\u015f yapan pastane, patiseri ve f\u0131r\u0131nlarda denetim yapt\u0131.<br \/>\nHijyen kurallar\u0131na uymayan, fiyat etiketi olmayan i\u015fletmelere i\u015flem yap\u0131ld\u0131<br \/>\nAkdeniz Belediyesi Zab\u0131ta M\u00fcd\u00fcr\u00fc Ufuk Sivasl\u0131o\u011flu\u2019nun da kat\u0131ld\u0131\u011f\u0131 denetimler esnas\u0131nda; evraklar y\u00f6n\u00fcnden esikleri tespit edilen veya genel hijyen ve temizlik kurallar\u0131na uymad\u0131\u011f\u0131, sat\u0131lan \u00fcr\u00fcnlere fiyat-etiket koymad\u0131\u011f\u0131 g\u00f6r\u00fclen baz\u0131 i\u015fletme sahiplerine Kabahatler Kanunu gere\u011fi, bin 295 lira idari para cezalar\u0131 uyguland\u0131.<br \/>\n\u0130\u015fyeri sahipleri ve \u00e7al\u0131\u015fanlara, \u00f6zellikle hijyen, genel temizlik ve g\u0131dalar\u0131n sa\u011fl\u0131kl\u0131 ko\u015fullarda saklanmas\u0131 konular\u0131nda b\u00fcy\u00fck hassasiyet g\u00f6stermeleri noktas\u0131nda uyar\u0131larda bulunan Zab\u0131ta M\u00fcd\u00fcr\u00fc Sivasl\u0131o\u011flu, denetimlerin tekrar\u0131nda ayn\u0131 eksikler ve s\u0131k\u0131nt\u0131lar\u0131n tespiti halinde, i\u015fletmeleri m\u00fch\u00fcrleyip kapatma cezas\u0131 verecekleri y\u00f6n\u00fcnde i\u015fyeri sahipleri ve \u00e7al\u0131\u015fanlara uyar\u0131lar yapt\u0131. <\/p>\n","protected":false},"excerpt":{"rendered":"<p>Akdeniz Belediyesi Zab\u0131ta M\u00fcd\u00fcrl\u00fc\u011f\u00fc ekipleri, Ramazan ay\u0131n\u0131n son g\u00fcn\u00fcnde de il\u00e7e s\u0131n\u0131rlar\u0131nda faaliyet g\u00f6steren patiseri, pastane, baklava imalathaneleri ile f\u0131r\u0131nlarda hijyen, temizlik ve fiyat-etiket denetimi yapt\u0131. Denetimler s\u0131ras\u0131nda \u00f6zellikle genel &hellip; <a href=\"https:\/\/akdenizolaygazetesi.com\/?p=25322\" class=\"more-link\">Devam\u0131n\u0131 Oku&#8230;<\/a><\/p>\n","protected":false},"author":2,"featured_media":25323,"comment_status":"open","ping_status":"open","sticky":false,"template":"","format":"standard","meta":[],"categories":[34,2,3],"tags":[],"_links":{"self":[{"href":"https:\/\/akdenizolaygazetesi.com\/index.php?rest_route=\/wp\/v2\/posts\/25322"}],"collection":[{"href":"https:\/\/akdenizolaygazetesi.com\/index.php?rest_route=\/wp\/v2\/posts"}],"about":[{"href":"https:\/\/akdenizolaygazetesi.com\/index.php?rest_route=\/wp\/v2\/types\/post"}],"author":[{"embeddable":true,"href":"https:\/\/akdenizolaygazetesi.com\/index.php?rest_route=\/wp\/v2\/users\/2"}],"replies":[{"embeddable":true,"href":"https:\/\/akdenizolaygazetesi.com\/index.php?rest_route=%2Fwp%2Fv2%2Fcomments&post=25322"}],"version-history":[{"count":1,"href":"https:\/\/akdenizolaygazetesi.com\/index.php?rest_route=\/wp\/v2\/posts\/25322\/revisions"}],"predecessor-version":[{"id":25324,"href":"https:\/\/akdenizolaygazetesi.com\/index.php?rest_route=\/wp\/v2\/posts\/25322\/revisions\/25324"}],"wp:featuredmedia":[{"embeddable":true,"href":"https:\/\/akdenizolaygazetesi.com\/index.php?rest_route=\/wp\/v2\/media\/25323"}],"wp:attachment":[{"href":"https:\/\/akdenizolaygazetesi.com\/index.php?rest_route=%2Fwp%2Fv2%2Fmedia&parent=25322"}],"wp:term":[{"taxonomy":"category","embeddable":true,"href":"https:\/\/akdenizolaygazetesi.com\/index.php?rest_route=%2Fwp%2Fv2%2Fcategories&post=25322"},{"taxonomy":"post_tag","embeddable":true,"href":"https:\/\/akdenizolaygazetesi.com\/index.php?rest_route=%2Fwp%2Fv2%2Ftags&post=25322"}],"curies":[{"name":"wp","href":"https:\/\/api.w.org\/{rel}","templated":true}]}}